{"id":1024,"global_id":"boracultura.com.br?id=1024","global_id_lineage":["boracultura.com.br?id=1024"],"author":"1","status":"publish","date":"2026-01-29 14:27:55","date_utc":"2026-01-29 17:27:55","modified":"2026-01-29 14:29:13","modified_utc":"2026-01-29 17:29:13","url":"https:\/\/boracultura.com.br\/index.php\/evento\/lavagem-do-beco-2026\/","rest_url":"https:\/\/boracultura.com.br\/index.php\/wp-json\/tribe\/events\/v1\/events\/1024","title":"Lavagem do Beco 2026","description":"<p dir=\"ltr\">\u200bA tradicional Lavagem do Beco 2026 agita a Ilha de Itaparica neste s\u00e1bado (31\/01), celebrando mais de 40 anos de hist\u00f3ria. O evento, que \u00e9 um dos marcos do ver\u00e3o na Bahia, une o sagrado e o profano em um cortejo cultural que percorre a orla, passando por pontos ic\u00f4nicos como a Fonte da Bica.<\/p>\n<p>\u200bA festa come\u00e7a cedo com o cortejo das baianas e grupos de percuss\u00e3o, culminando no simb\u00f3lico banho de mangueira no Beco. A partir do meio-dia, a Pra\u00e7a da Quitanda vira palco para grandes atra\u00e7\u00f5es do pagode e ax\u00e9, como Oh Pol\u00eamico e Guig Ghetto, consolidando Itaparica como destino indispens\u00e1vel para quem busca cultura e divers\u00e3o.<\/p>\n<p><strong>\u200bServi\u00e7o: Lavagem do Beco 2026 em Itaparica<\/strong><br \/>\n\u200bO que: Lavagem do Beco (Festa Popular)<br \/>\n\u200b<strong>Data: 31 de janeiro de 2026 (s\u00e1bado)<\/strong><br \/>\n\u200bHor\u00e1rio: Cortejo \u00e0s 09h | Shows a partir das 12h30<br \/>\n\u200bOnde: Itaparica, Bahia (Concentra\u00e7\u00e3o na Pra\u00e7a Silvino Manoel Reis)<br \/>\n<strong>\u200bAtra\u00e7\u00f5es Confirmadas: Oh Pol\u00eamico, Guig Ghetto, Chicaf\u00e9, Theuzinho e Pagode do Segredo.<\/strong><br \/>\n\u200bPercurso: Pra\u00e7a do Mercado, Fonte da Bica, Campo Formoso e Rua Xavier Marques (Beco).<br \/>\n\u200bEntrada: Aberta ao p\u00fablico.<\/p>","excerpt":"","slug":"lavagem-do-beco-2026","image":{"url":"https:\/\/boracultura.com.br\/wp-content\/uploads\/2026\/01\/OH-Polemico2.jpg","id":993,"extension":"jpg","width":989,"height":712,"filesize":144080,"sizes":{"medium":{"width":300,"height":216,"mime-type":"image\/jpeg","filesize":14910,"url":"https:\/\/boracultura.com.br\/wp-content\/uploads\/2026\/01\/OH-Polemico2-300x216.jpg"},"thumbnail":{"width":150,"height":150,"mime-type":"image\/jpeg","filesize":11686,"url":"https:\/\/boracultura.com.br\/wp-content\/uploads\/2026\/01\/OH-Polemico2-150x150.jpg"},"medium_large":{"width":768,"height":553,"mime-type":"image\/jpeg","filesize":40623,"url":"https:\/\/boracultura.com.br\/wp-content\/uploads\/2026\/01\/OH-Polemico2-768x553.jpg"},"colormag-highlighted-post":{"width":392,"height":272,"mime-type":"image\/jpeg","filesize":18391,"url":"https:\/\/boracultura.com.br\/wp-content\/uploads\/2026\/01\/OH-Polemico2-392x272.jpg"},"colormag-featured-post-medium":{"width":390,"height":205,"mime-type":"image\/jpeg","filesize":15571,"url":"https:\/\/boracultura.com.br\/wp-content\/uploads\/2026\/01\/OH-Polemico2-390x205.jpg"},"colormag-featured-post-small":{"width":130,"height":90,"mime-type":"image\/jpeg","filesize":9825,"url":"https:\/\/boracultura.com.br\/wp-content\/uploads\/2026\/01\/OH-Polemico2-130x90.jpg"},"colormag-featured-image":{"width":800,"height":445,"mime-type":"image\/jpeg","filesize":34134,"url":"https:\/\/boracultura.com.br\/wp-content\/uploads\/2026\/01\/OH-Polemico2-800x445.jpg"},"colormag-default-news":{"width":150,"height":150,"mime-type":"image\/jpeg","filesize":11686,"url":"https:\/\/boracultura.com.br\/wp-content\/uploads\/2026\/01\/OH-Polemico2-150x150.jpg"},"colormag-featured-image-large":{"width":989,"height":600,"mime-type":"image\/jpeg","filesize":50573,"url":"https:\/\/boracultura.com.br\/wp-content\/uploads\/2026\/01\/OH-Polemico2-989x600.jpg"},"colormag-elementor-block-extra-large-thumbnail":{"width":989,"height":480,"mime-type":"image\/jpeg","filesize":41560,"url":"https:\/\/boracultura.com.br\/wp-content\/uploads\/2026\/01\/OH-Polemico2-989x480.jpg"},"colormag-elementor-grid-large-thumbnail":{"width":600,"height":417,"mime-type":"image\/jpeg","filesize":29224,"url":"https:\/\/boracultura.com.br\/wp-content\/uploads\/2026\/01\/OH-Polemico2-600x417.jpg"},"colormag-elementor-grid-small-thumbnail":{"width":285,"height":450,"mime-type":"image\/jpeg","filesize":29203,"url":"https:\/\/boracultura.com.br\/wp-content\/uploads\/2026\/01\/OH-Polemico2-285x450.jpg"},"colormag-elementor-grid-medium-large-thumbnail":{"width":575,"height":198,"mime-type":"image\/jpeg","filesize":18570,"url":"https:\/\/boracultura.com.br\/wp-content\/uploads\/2026\/01\/OH-Polemico2-575x198.jpg"}}},"all_day":false,"start_date":"2026-01-29 08:00:00","start_date_details":{"year":"2026","month":"01","day":"29","hour":"08","minutes":"00","seconds":"00"},"end_date":"2026-01-29 17:00:00","end_date_details":{"year":"2026","month":"01","day":"29","hour":"17","minutes":"00","seconds":"00"},"utc_start_date":"2026-01-29 11:00:00","utc_start_date_details":{"year":"2026","month":"01","day":"29","hour":"11","minutes":"00","seconds":"00"},"utc_end_date":"2026-01-29 20:00:00","utc_end_date_details":{"year":"2026","month":"01","day":"29","hour":"20","minutes":"00","seconds":"00"},"timezone":"America\/Sao_Paulo","timezone_abbr":"-03","cost":"","cost_details":{"currency_symbol":"R$","currency_code":"BRL","currency_position":"prefix","values":[]},"website":"","show_map":true,"show_map_link":true,"hide_from_listings":false,"sticky":false,"featured":false,"categories":[{"name":"Carnaval","slug":"carnaval","term_group":0,"term_taxonomy_id":153,"taxonomy":"tribe_events_cat","description":"","parent":0,"count":9,"filter":"raw","id":153,"urls":{"self":"https:\/\/boracultura.com.br\/index.php\/wp-json\/tribe\/events\/v1\/categories\/153","collection":"https:\/\/boracultura.com.br\/index.php\/wp-json\/tribe\/events\/v1\/categories"}},{"name":"M\u00fasica","slug":"musica","term_group":0,"term_taxonomy_id":97,"taxonomy":"tribe_events_cat","description":"","parent":0,"count":108,"filter":"raw","id":97,"urls":{"self":"https:\/\/boracultura.com.br\/index.php\/wp-json\/tribe\/events\/v1\/categories\/97","collection":"https:\/\/boracultura.com.br\/index.php\/wp-json\/tribe\/events\/v1\/categories"}}],"tags":[],"venue":[],"organizer":[],"custom_fields":[],"json_ld":{"@context":"http:\/\/schema.org","@type":"Event","name":"Lavagem do Beco 2026","description":"&lt;p&gt;\u200bA tradicional Lavagem do Beco 2026 agita a Ilha de Itaparica neste s\u00e1bado (31\/01), celebrando mais de 40 anos de&lt;\/p&gt;\\n","image":"https:\/\/boracultura.com.br\/wp-content\/uploads\/2026\/01\/OH-Polemico2.jpg","url":"https:\/\/boracultura.com.br\/index.php\/evento\/lavagem-do-beco-2026\/","eventAttendanceMode":"https:\/\/schema.org\/OfflineEventAttendanceMode","eventStatus":"https:\/\/schema.org\/EventScheduled","startDate":"2026-01-29T08:00:00-03:00","endDate":"2026-01-29T17:00:00-03:00","performer":"Organization"}}