{"id":1619,"global_id":"boracultura.com.br?id=1619","global_id_lineage":["boracultura.com.br?id=1619"],"author":"1","status":"publish","date":"2026-03-02 09:56:25","date_utc":"2026-03-02 12:56:25","modified":"2026-03-02 09:56:57","modified_utc":"2026-03-02 12:56:57","url":"https:\/\/boracultura.com.br\/index.php\/evento\/segundas-do-chorinho\/","rest_url":"https:\/\/boracultura.com.br\/index.php\/wp-json\/tribe\/events\/v1\/events\/1619","title":"Segundas do Chorinho","description":"<p dir=\"ltr\"><b>Regional Tico-Tico no Dend\u00ea celebra a tradi\u00e7\u00e3o do choro no Projeto Segundas do Chorinho \u2013 Ano 14<\/b><\/p>\n<p>\u200bA Varanda do SESI Rio Vermelho recebe, nesta segunda-feira (02 de mar\u00e7o), o grupo Regional Tico-Tico no Dend\u00ea para mais uma edi\u00e7\u00e3o do prestigiado projeto Segundas do Chorinho \u2013 Ano 14. O evento, que j\u00e1 se consolidou como um dos principais pilares da m\u00fasica instrumental em Salvador, celebra a tradi\u00e7\u00e3o do choro com um repert\u00f3rio que reverencia mestres como Pixinguinha, Chiquinha Gonzaga e Jac\u00f3 do Bandolim, al\u00e9m de trazer releituras de \u00edcones como Cartola e Luiz Gonzaga.<\/p>\n<p>\u200bO Regional Tico-Tico no Dend\u00ea \u00e9 formado por m\u00fasicos experientes da cena nordestina: Caio Brand\u00e3o (viol\u00e3o sete cordas), Clara Elisa (pandeiro), Camile Bueno (flauta transversal), Jarder Jardineiro (clarineta) e Vitim do Bandolim. Com arranjos pr\u00f3prios que equilibram virtuosismo e sensibilidade, o quinteto promove um di\u00e1logo refinado entre os instrumentos, mantendo viva a ess\u00eancia do g\u00eanero enquanto explora novas possibilidades criativas.<\/p>\n<p>\u200bA noite reserva ainda a tradicional Roda de Choro, um momento de improviso e celebra\u00e7\u00e3o onde m\u00fasicos convidados e participantes espont\u00e2neos se unem ao grupo no palco. O encontro refor\u00e7a o car\u00e1ter democr\u00e1tico e festivo do choro, proporcionando ao p\u00fablico uma imers\u00e3o completa em um dos patrim\u00f4nios culturais mais ricos do Brasil. Devido \u00e0 alta procura, a organiza\u00e7\u00e3o recomenda que os interessados realizem a reserva de mesas com anteced\u00eancia.<\/p>\n<p><strong>\u200bServi\u00e7o<\/strong><br \/>\n\u200bAtra\u00e7\u00e3o: Regional Tico-Tico no Dend\u00ea no Projeto Segundas do Chorinho \u2013 Ano 14<br \/>\nQuando: Segunda-feira, 02 de mar\u00e7o de 2026, \u00e0s 20h<br \/>\nOnde: Varanda do Teatro SESI Rio Vermelho (Rua Borges dos Reis, 09 \u2013 Rio Vermelho)<br \/>\nCouvert Art\u00edstico: R$ 40,00 (individual) ou R$ 70,00 (casadinha)<br \/>\nReservas: (71) 99160-9140 (WhatsApp)<\/p>","excerpt":"","slug":"segundas-do-chorinho","image":{"url":"https:\/\/boracultura.com.br\/wp-content\/uploads\/2026\/03\/17724561355732169088824211120694-scaled.jpg","id":1620,"extension":"jpg","width":2560,"height":1644,"filesize":770649,"sizes":{"medium":{"width":300,"height":193,"mime-type":"image\/jpeg","filesize":56857,"url":"https:\/\/boracultura.com.br\/wp-content\/uploads\/2026\/03\/17724561355732169088824211120694-300x193.jpg"},"large":{"width":1024,"height":657,"mime-type":"image\/jpeg","filesize":205934,"url":"https:\/\/boracultura.com.br\/wp-content\/uploads\/2026\/03\/17724561355732169088824211120694-1024x657.jpg"},"thumbnail":{"width":150,"height":150,"mime-type":"image\/jpeg","filesize":44065,"url":"https:\/\/boracultura.com.br\/wp-content\/uploads\/2026\/03\/17724561355732169088824211120694-150x150.jpg"},"medium_large":{"width":768,"height":493,"mime-type":"image\/jpeg","filesize":141125,"url":"https:\/\/boracultura.com.br\/wp-content\/uploads\/2026\/03\/17724561355732169088824211120694-768x493.jpg"},"1536x1536":{"width":1536,"height":986,"mime-type":"image\/jpeg","filesize":363773,"url":"https:\/\/boracultura.com.br\/wp-content\/uploads\/2026\/03\/17724561355732169088824211120694-1536x986.jpg"},"2048x2048":{"width":2048,"height":1315,"mime-type":"image\/jpeg","filesize":553383,"url":"https:\/\/boracultura.com.br\/wp-content\/uploads\/2026\/03\/17724561355732169088824211120694-2048x1315.jpg"},"colormag-highlighted-post":{"width":392,"height":272,"mime-type":"image\/jpeg","filesize":71410,"url":"https:\/\/boracultura.com.br\/wp-content\/uploads\/2026\/03\/17724561355732169088824211120694-392x272.jpg"},"colormag-featured-post-medium":{"width":390,"height":205,"mime-type":"image\/jpeg","filesize":63980,"url":"https:\/\/boracultura.com.br\/wp-content\/uploads\/2026\/03\/17724561355732169088824211120694-390x205.jpg"},"colormag-featured-post-small":{"width":130,"height":90,"mime-type":"image\/jpeg","filesize":40252,"url":"https:\/\/boracultura.com.br\/wp-content\/uploads\/2026\/03\/17724561355732169088824211120694-130x90.jpg"},"colormag-featured-image":{"width":800,"height":445,"mime-type":"image\/jpeg","filesize":137438,"url":"https:\/\/boracultura.com.br\/wp-content\/uploads\/2026\/03\/17724561355732169088824211120694-800x445.jpg"},"colormag-default-news":{"width":150,"height":150,"mime-type":"image\/jpeg","filesize":44065,"url":"https:\/\/boracultura.com.br\/wp-content\/uploads\/2026\/03\/17724561355732169088824211120694-150x150.jpg"},"colormag-featured-image-large":{"width":1400,"height":600,"mime-type":"image\/jpeg","filesize":242600,"url":"https:\/\/boracultura.com.br\/wp-content\/uploads\/2026\/03\/17724561355732169088824211120694-1400x600.jpg"},"colormag-elementor-block-extra-large-thumbnail":{"width":1155,"height":480,"mime-type":"image\/jpeg","filesize":183439,"url":"https:\/\/boracultura.com.br\/wp-content\/uploads\/2026\/03\/17724561355732169088824211120694-1155x480.jpg"},"colormag-elementor-grid-large-thumbnail":{"width":600,"height":417,"mime-type":"image\/jpeg","filesize":109802,"url":"https:\/\/boracultura.com.br\/wp-content\/uploads\/2026\/03\/17724561355732169088824211120694-600x417.jpg"},"colormag-elementor-grid-small-thumbnail":{"width":285,"height":450,"mime-type":"image\/jpeg","filesize":71852,"url":"https:\/\/boracultura.com.br\/wp-content\/uploads\/2026\/03\/17724561355732169088824211120694-285x450.jpg"},"colormag-elementor-grid-medium-large-thumbnail":{"width":575,"height":198,"mime-type":"image\/jpeg","filesize":73645,"url":"https:\/\/boracultura.com.br\/wp-content\/uploads\/2026\/03\/17724561355732169088824211120694-575x198.jpg"},"psacp-medium":{"width":500,"height":500,"mime-type":"image\/jpeg","filesize":104012,"url":"https:\/\/boracultura.com.br\/wp-content\/uploads\/2026\/03\/17724561355732169088824211120694-500x500.jpg"},"cmplz_banner_image":{"width":350,"height":100,"mime-type":"image\/jpeg","filesize":48351,"url":"https:\/\/boracultura.com.br\/wp-content\/uploads\/2026\/03\/17724561355732169088824211120694-350x100.jpg"}},"original_image":"17724561355732169088824211120694.jpg"},"all_day":false,"start_date":"2026-03-02 20:00:00","start_date_details":{"year":"2026","month":"03","day":"02","hour":"20","minutes":"00","seconds":"00"},"end_date":"2026-03-02 23:00:00","end_date_details":{"year":"2026","month":"03","day":"02","hour":"23","minutes":"00","seconds":"00"},"utc_start_date":"2026-03-02 23:00:00","utc_start_date_details":{"year":"2026","month":"03","day":"02","hour":"23","minutes":"00","seconds":"00"},"utc_end_date":"2026-03-03 02:00:00","utc_end_date_details":{"year":"2026","month":"03","day":"03","hour":"02","minutes":"00","seconds":"00"},"timezone":"America\/Sao_Paulo","timezone_abbr":"-03","cost":"","cost_details":{"currency_symbol":"R$","currency_code":"BRL","currency_position":"prefix","values":[]},"website":"","show_map":true,"show_map_link":true,"hide_from_listings":false,"sticky":false,"featured":false,"categories":[{"name":"M\u00fasica","slug":"musica","term_group":0,"term_taxonomy_id":97,"taxonomy":"tribe_events_cat","description":"","parent":0,"count":109,"filter":"raw","id":97,"urls":{"self":"https:\/\/boracultura.com.br\/index.php\/wp-json\/tribe\/events\/v1\/categories\/97","collection":"https:\/\/boracultura.com.br\/index.php\/wp-json\/tribe\/events\/v1\/categories"}}],"tags":[{"name":"Choro em Salvador","slug":"choro-em-salvador","term_group":0,"term_taxonomy_id":292,"taxonomy":"post_tag","description":"","parent":0,"count":2,"filter":"raw","id":292,"urls":{"self":"https:\/\/boracultura.com.br\/index.php\/wp-json\/tribe\/events\/v1\/tags\/292","collection":"https:\/\/boracultura.com.br\/index.php\/wp-json\/tribe\/events\/v1\/tags"}},{"name":"M\u00fasica Instrumental Baiana","slug":"musica-instrumental-baiana","term_group":0,"term_taxonomy_id":293,"taxonomy":"post_tag","description":"","parent":0,"count":1,"filter":"raw","id":293,"urls":{"self":"https:\/\/boracultura.com.br\/index.php\/wp-json\/tribe\/events\/v1\/tags\/293","collection":"https:\/\/boracultura.com.br\/index.php\/wp-json\/tribe\/events\/v1\/tags"}},{"name":"Regional Tico-Tico no Dend\u00ea","slug":"regional-tico-tico-no-dende","term_group":0,"term_taxonomy_id":289,"taxonomy":"post_tag","description":"","parent":0,"count":1,"filter":"raw","id":289,"urls":{"self":"https:\/\/boracultura.com.br\/index.php\/wp-json\/tribe\/events\/v1\/tags\/289","collection":"https:\/\/boracultura.com.br\/index.php\/wp-json\/tribe\/events\/v1\/tags"}},{"name":"Segundas do Chorinho","slug":"segundas-do-chorinho","term_group":0,"term_taxonomy_id":290,"taxonomy":"post_tag","description":"","parent":0,"count":4,"filter":"raw","id":290,"urls":{"self":"https:\/\/boracultura.com.br\/index.php\/wp-json\/tribe\/events\/v1\/tags\/290","collection":"https:\/\/boracultura.com.br\/index.php\/wp-json\/tribe\/events\/v1\/tags"}},{"name":"Teatro SESI Rio Vermelho","slug":"teatro-sesi-rio-vermelho","term_group":0,"term_taxonomy_id":291,"taxonomy":"post_tag","description":"","parent":0,"count":5,"filter":"raw","id":291,"urls":{"self":"https:\/\/boracultura.com.br\/index.php\/wp-json\/tribe\/events\/v1\/tags\/291","collection":"https:\/\/boracultura.com.br\/index.php\/wp-json\/tribe\/events\/v1\/tags"}}],"venue":{"id":953,"author":"1","status":"publish","date":"2026-01-23 19:53:53","date_utc":"2026-01-23 22:53:53","modified":"2026-01-23 19:53:53","modified_utc":"2026-01-23 22:53:53","url":"https:\/\/boracultura.com.br\/index.php\/local\/varanda-do-sesi\/","venue":"Varanda do Sesi","slug":"varanda-do-sesi","address":"Rio Vermelho","city":"Salvador","country":"Brazil","province":"Bahia","stateprovince":"Bahia","json_ld":{"@type":"Place","name":"Varanda do Sesi","description":"","url":"","address":{"@type":"PostalAddress","streetAddress":"Rio Vermelho","addressLocality":"Salvador","addressRegion":"Bahia","addressCountry":"Brazil"},"telephone":"","sameAs":""},"show_map":true,"show_map_link":true,"global_id":"boracultura.com.br?id=953","global_id_lineage":["boracultura.com.br?id=953"]},"organizer":[],"custom_fields":[],"json_ld":{"@context":"http:\/\/schema.org","@type":"Event","name":"Segundas do Chorinho","description":"&lt;p&gt;Regional Tico-Tico no Dend\u00ea celebra a tradi\u00e7\u00e3o do choro no Projeto Segundas do Chorinho \u2013 Ano 14 \u200bA Varanda do&lt;\/p&gt;\\n","image":"https:\/\/boracultura.com.br\/wp-content\/uploads\/2026\/03\/17724561355732169088824211120694-scaled.jpg","url":"https:\/\/boracultura.com.br\/index.php\/evento\/segundas-do-chorinho\/","eventAttendanceMode":"https:\/\/schema.org\/OfflineEventAttendanceMode","eventStatus":"https:\/\/schema.org\/EventScheduled","startDate":"2026-03-02T20:00:00-03:00","endDate":"2026-03-02T23:00:00-03:00","location":{"@type":"Place","name":"Varanda do Sesi","description":"","url":"","address":{"@type":"PostalAddress","streetAddress":"Rio Vermelho","addressLocality":"Salvador","addressRegion":"Bahia","addressCountry":"Brazil"},"telephone":"","sameAs":""},"performer":"Organization"}}