{"id":2150,"global_id":"boracultura.com.br?id=2150","global_id_lineage":["boracultura.com.br?id=2150"],"author":"1","status":"publish","date":"2026-03-18 21:33:40","date_utc":"2026-03-19 00:33:40","modified":"2026-03-18 21:44:45","modified_utc":"2026-03-19 00:44:45","url":"https:\/\/boracultura.com.br\/index.php\/evento\/espetaculo-fala-ibeji-9\/","rest_url":"https:\/\/boracultura.com.br\/index.php\/wp-json\/tribe\/events\/v1\/events\/2150","title":"\u200bEspet\u00e1culo &#8220;Fala, \u00ccbej\u00ec&#8221;","description":"<p dir=\"ltr\"><strong>Espet\u00e1culo &#8220;Fala, \u00ccbej\u00ec&#8221; leva a magia do Caruru e da ancestralidade para as pra\u00e7as de Salvador<\/strong><\/p>\n<p dir=\"ltr\">\u200bSalvador se prepara para receber um projeto que une f\u00e9, arte e gastronomia em plena rua. O espet\u00e1culo infantojuvenil &#8220;Fala, \u00ccbej\u00ec&#8221;, realizado pelo COOXIA Coletivo Teatral, inicia sua temporada gratuita no dia 27 de mar\u00e7o, circulando por diversos bairros da capital baiana. A montagem \u00e9 uma verdadeira celebra\u00e7\u00e3o da cultura afro-brasileira, utilizando o cheiro do dend\u00ea, o som dos atabaques e a ludicidade das brincadeiras de terreiro para contar uma hist\u00f3ria de resist\u00eancia e alegria.<\/p>\n<p>\u200bCom dramaturgia de Luiz Ant\u00f4nio Sena Jr. e dire\u00e7\u00e3o de Guilherme Hunder, a obra \u00e9 bil\u00edngue \u2014 integrando Portugu\u00eas, Libras e Yorub\u00e1 \u2014 garantindo acessibilidade e o resgate da tradi\u00e7\u00e3o oral. A trama acompanha a prepara\u00e7\u00e3o de um caruru na casa de M\u00e3e Mainha, onde as crian\u00e7as Menino, Menina, Guri e Er\u00ea precisam usar a esperteza para vencer a Morte (chamada apenas de &#8220;Ela&#8221;) atrav\u00e9s da dan\u00e7a e do toque ininterrupto dos tambores.<\/p>\n<p>\u200bO projeto vai al\u00e9m do palco improvisado na rua, integrando o experimento &#8220;Dupla de Dois&#8221;, que promove oficinas de teatro afro-gastron\u00f4mico em escolas p\u00fablicas. Nessas atividades, os ingredientes do caruru tornam-se met\u00e1foras dos elementos teatrais, como o quiabo representando o elenco e o dend\u00ea a ilumina\u00e7\u00e3o. A cenografia de Erick Saboya e os figurinos de Guilherme Hunder refor\u00e7am essa est\u00e9tica, utilizando caixotes de feira, bacias de ferro e sacos de linhagem para transformar a pra\u00e7a em um quintal de mem\u00f3rias ancestrais.<\/p>\n<h4 dir=\"ltr\">Agenda de estreia \u2013 Temporada 2026<\/h4>\n<p dir=\"ltr\">Ribeira<br \/>\n\ud83d\udccd Largo do Papagaio<br \/>\n\u2022 27\/03\/2026 (sexta-feira), \u00e0s 15h<br \/>\n\u2022 28\/03\/2026 (s\u00e1bado), \u00e0s 16h<\/p>\n<p dir=\"ltr\">Cajazeiras<br \/>\n\ud83d\udccd Campo da Pronaica<br \/>\n\u2022 30 e 31\/03\/2026 (segunda e ter\u00e7a-feira), \u00e0s 15h<\/p>\n<p dir=\"ltr\">Sub\u00farbio Ferrovi\u00e1rio \u2013 Plataforma<br \/>\n\ud83d\udccd Pra\u00e7a S\u00e3o Br\u00e1s<br \/>\n\u2022 01\/04\/2026 (quarta-feira), \u00e0s 15h<br \/>\n\u2022 02\/04\/2026 (quinta-feira), \u00e0s 16h<\/p>\n<p dir=\"ltr\">Centro Hist\u00f3rico<br \/>\n\ud83d\udccd Largo do Campo Grande (Pra\u00e7a Dois de Julho)<br \/>\n\u2022 04 a 12\/04\/2026<br \/>\n(quintas e sextas, \u00e0s 15h | s\u00e1bados e domingos, \u00e0s 16h)<\/p>","excerpt":"<p>O espet\u00e1culo bil\u00edngue &#8220;Fala, \u00ccbej\u00ec&#8221; ocupa pra\u00e7as de Salvador entre 27 de mar\u00e7o e 12 de abril. Com sess\u00f5es gratuitas na Ribeira, Cajazeiras, Sub\u00farbio e Centro, a obra celebra a ancestralidade e as tradi\u00e7\u00f5es do caruru.<\/p>","slug":"espetaculo-fala-ibeji-9","image":{"url":"https:\/\/boracultura.com.br\/wp-content\/uploads\/2026\/03\/17737769783565034589312908323533-e1773777071363.png","id":2078,"extension":"png","width":1338,"height":754,"filesize":3099818,"sizes":{"medium":{"width":300,"height":169,"mime-type":"image\/png","filesize":120760,"url":"https:\/\/boracultura.com.br\/wp-content\/uploads\/2026\/03\/17737769783565034589312908323533-e1773777071363-300x169.png"},"large":{"width":1024,"height":577,"mime-type":"image\/png","filesize":1113095,"url":"https:\/\/boracultura.com.br\/wp-content\/uploads\/2026\/03\/17737769783565034589312908323533-e1773777071363-1024x577.png"},"thumbnail":{"width":150,"height":150,"mime-type":"image\/png","filesize":55695,"url":"https:\/\/boracultura.com.br\/wp-content\/uploads\/2026\/03\/17737769783565034589312908323533-e1773777071363-150x150.png"},"medium_large":{"width":768,"height":433,"mime-type":"image\/png","filesize":662766,"url":"https:\/\/boracultura.com.br\/wp-content\/uploads\/2026\/03\/17737769783565034589312908323533-e1773777071363-768x433.png"},"colormag-highlighted-post":{"width":392,"height":272,"mime-type":"image\/png","filesize":238947,"url":"https:\/\/boracultura.com.br\/wp-content\/uploads\/2026\/03\/17737769783565034589312908323533-e1773777071363-392x272.png"},"colormag-featured-post-medium":{"width":390,"height":205,"mime-type":"image\/png","filesize":182069,"url":"https:\/\/boracultura.com.br\/wp-content\/uploads\/2026\/03\/17737769783565034589312908323533-e1773777071363-390x205.png"},"colormag-featured-post-small":{"width":130,"height":90,"mime-type":"image\/png","filesize":30739,"url":"https:\/\/boracultura.com.br\/wp-content\/uploads\/2026\/03\/17737769783565034589312908323533-e1773777071363-130x90.png"},"colormag-featured-image":{"width":800,"height":445,"mime-type":"image\/png","filesize":703940,"url":"https:\/\/boracultura.com.br\/wp-content\/uploads\/2026\/03\/17737769783565034589312908323533-e1773777071363-800x445.png"},"colormag-default-news":{"width":150,"height":150,"mime-type":"image\/png","filesize":55695,"url":"https:\/\/boracultura.com.br\/wp-content\/uploads\/2026\/03\/17737769783565034589312908323533-e1773777071363-150x150.png"},"colormag-featured-image-large":{"width":1338,"height":600,"mime-type":"image\/png","filesize":1552982,"url":"https:\/\/boracultura.com.br\/wp-content\/uploads\/2026\/03\/17737769783565034589312908323533-e1773777071363-1338x600.png"},"colormag-elementor-block-extra-large-thumbnail":{"width":1155,"height":480,"mime-type":"image\/png","filesize":1020126,"url":"https:\/\/boracultura.com.br\/wp-content\/uploads\/2026\/03\/17737769783565034589312908323533-e1773777071363-1155x480.png"},"colormag-elementor-grid-large-thumbnail":{"width":600,"height":417,"mime-type":"image\/png","filesize":513625,"url":"https:\/\/boracultura.com.br\/wp-content\/uploads\/2026\/03\/17737769783565034589312908323533-e1773777071363-600x417.png"},"colormag-elementor-grid-small-thumbnail":{"width":285,"height":450,"mime-type":"image\/png","filesize":262255,"url":"https:\/\/boracultura.com.br\/wp-content\/uploads\/2026\/03\/17737769783565034589312908323533-e1773777071363-285x450.png"},"colormag-elementor-grid-medium-large-thumbnail":{"width":575,"height":198,"mime-type":"image\/png","filesize":243216,"url":"https:\/\/boracultura.com.br\/wp-content\/uploads\/2026\/03\/17737769783565034589312908323533-e1773777071363-575x198.png"},"psacp-medium":{"width":500,"height":500,"mime-type":"image\/png","filesize":490550,"url":"https:\/\/boracultura.com.br\/wp-content\/uploads\/2026\/03\/17737769783565034589312908323533-e1773777071363-500x500.png"},"cmplz_banner_image":{"width":350,"height":100,"mime-type":"image\/png","filesize":83225,"url":"https:\/\/boracultura.com.br\/wp-content\/uploads\/2026\/03\/17737769783565034589312908323533-350x100.png"}}},"all_day":false,"start_date":"2026-04-10 15:00:00","start_date_details":{"year":"2026","month":"04","day":"10","hour":"15","minutes":"00","seconds":"00"},"end_date":"2026-04-10 15:00:00","end_date_details":{"year":"2026","month":"04","day":"10","hour":"15","minutes":"00","seconds":"00"},"utc_start_date":"2026-04-10 18:00:00","utc_start_date_details":{"year":"2026","month":"04","day":"10","hour":"18","minutes":"00","seconds":"00"},"utc_end_date":"2026-04-10 18:00:00","utc_end_date_details":{"year":"2026","month":"04","day":"10","hour":"18","minutes":"00","seconds":"00"},"timezone":"America\/Sao_Paulo","timezone_abbr":"-03","cost":"","cost_details":{"currency_symbol":"R$","currency_code":"BRL","currency_position":"prefix","values":[]},"website":"","show_map":true,"show_map_link":true,"hide_from_listings":false,"sticky":false,"featured":false,"categories":[{"name":"Infantojuvenil","slug":"infantojuvenil","term_group":0,"term_taxonomy_id":947,"taxonomy":"tribe_events_cat","description":"","parent":0,"count":12,"filter":"raw","id":947,"urls":{"self":"https:\/\/boracultura.com.br\/index.php\/wp-json\/tribe\/events\/v1\/categories\/947","collection":"https:\/\/boracultura.com.br\/index.php\/wp-json\/tribe\/events\/v1\/categories"}}],"tags":[{"name":"Cultura Afro-Brasileira","slug":"cultura-afro-brasileira","term_group":0,"term_taxonomy_id":822,"taxonomy":"post_tag","description":"","parent":0,"count":17,"filter":"raw","id":822,"urls":{"self":"https:\/\/boracultura.com.br\/index.php\/wp-json\/tribe\/events\/v1\/tags\/822","collection":"https:\/\/boracultura.com.br\/index.php\/wp-json\/tribe\/events\/v1\/tags"}},{"name":"Evento Gratuito","slug":"evento-gratuito","term_group":0,"term_taxonomy_id":905,"taxonomy":"post_tag","description":"","parent":0,"count":15,"filter":"raw","id":905,"urls":{"self":"https:\/\/boracultura.com.br\/index.php\/wp-json\/tribe\/events\/v1\/tags\/905","collection":"https:\/\/boracultura.com.br\/index.php\/wp-json\/tribe\/events\/v1\/tags"}},{"name":"Infantojuvenil","slug":"infantojuvenil","term_group":0,"term_taxonomy_id":906,"taxonomy":"post_tag","description":"","parent":0,"count":12,"filter":"raw","id":906,"urls":{"self":"https:\/\/boracultura.com.br\/index.php\/wp-json\/tribe\/events\/v1\/tags\/906","collection":"https:\/\/boracultura.com.br\/index.php\/wp-json\/tribe\/events\/v1\/tags"}},{"name":"Salvador","slug":"salvador","term_group":0,"term_taxonomy_id":89,"taxonomy":"post_tag","description":"","parent":0,"count":104,"filter":"raw","id":89,"urls":{"self":"https:\/\/boracultura.com.br\/index.php\/wp-json\/tribe\/events\/v1\/tags\/89","collection":"https:\/\/boracultura.com.br\/index.php\/wp-json\/tribe\/events\/v1\/tags"}},{"name":"Teatro de Rua","slug":"teatro-de-rua","term_group":0,"term_taxonomy_id":904,"taxonomy":"post_tag","description":"","parent":0,"count":12,"filter":"raw","id":904,"urls":{"self":"https:\/\/boracultura.com.br\/index.php\/wp-json\/tribe\/events\/v1\/tags\/904","collection":"https:\/\/boracultura.com.br\/index.php\/wp-json\/tribe\/events\/v1\/tags"}}],"venue":{"id":2144,"author":"1","status":"publish","date":"2026-03-18 21:28:13","date_utc":"2026-03-19 00:28:13","modified":"2026-03-18 21:28:13","modified_utc":"2026-03-19 00:28:13","url":"https:\/\/boracultura.com.br\/index.php\/local\/praca-dois-de-julho\/","venue":"Pra\u00e7a Dois de Julho","slug":"praca-dois-de-julho","address":"Largo do Campo Grande, Pra\u00e7a Dois de Julho, s\/n","city":"Salvador","country":"Brazil","province":"Bahia","stateprovince":"Bahia","json_ld":{"@type":"Place","name":"Pra\u00e7a Dois de Julho","description":"","url":"","address":{"@type":"PostalAddress","streetAddress":"Largo do Campo Grande, Pra\u00e7a Dois de Julho, s\/n","addressLocality":"Salvador","addressRegion":"Bahia","addressCountry":"Brazil"},"telephone":"","sameAs":""},"show_map":true,"show_map_link":true,"global_id":"boracultura.com.br?id=2144","global_id_lineage":["boracultura.com.br?id=2144"]},"organizer":[{"id":2134,"author":"1","status":"publish","date":"2026-03-18 21:01:43","date_utc":"2026-03-19 00:01:43","modified":"2026-03-18 21:01:43","modified_utc":"2026-03-19 00:01:43","url":"https:\/\/boracultura.com.br\/index.php\/organizador\/cooxia-coletivo-teatral\/","organizer":"COOXIA Coletivo Teatral","slug":"cooxia-coletivo-teatral","website":"https:\/\/www.instagram.com\/cooxia\/","json_ld":{"@type":"Person","name":"COOXIA Coletivo Teatral","description":"","url":"https:\/\/www.instagram.com\/cooxia\/","telephone":"","email":"","sameAs":"https:\/\/www.instagram.com\/cooxia\/"},"global_id":"boracultura.com.br?id=2134","global_id_lineage":["boracultura.com.br?id=2134"]}],"custom_fields":[],"json_ld":{"@context":"http:\/\/schema.org","@type":"Event","name":"\u200bEspet\u00e1culo &#8220;Fala, \u00ccbej\u00ec&#8221;","description":"&lt;p&gt;O espet\u00e1culo bil\u00edngue &quot;Fala, \u00ccbej\u00ec&quot; ocupa pra\u00e7as de Salvador entre 27 de mar\u00e7o e 12 de abril. Com sess\u00f5es gratuitas na Ribeira, Cajazeiras, Sub\u00farbio e Centro, a obra celebra a ancestralidade e as tradi\u00e7\u00f5es do caruru.&lt;\/p&gt;\\n","image":"https:\/\/boracultura.com.br\/wp-content\/uploads\/2026\/03\/17737769783565034589312908323533-e1773777071363.png","url":"https:\/\/boracultura.com.br\/index.php\/evento\/espetaculo-fala-ibeji-9\/","eventAttendanceMode":"https:\/\/schema.org\/OfflineEventAttendanceMode","eventStatus":"https:\/\/schema.org\/EventScheduled","startDate":"2026-04-10T15:00:00-03:00","endDate":"2026-04-10T15:00:00-03:00","location":{"@type":"Place","name":"Pra\u00e7a Dois de Julho","description":"","url":"","address":{"@type":"PostalAddress","streetAddress":"Largo do Campo Grande, Pra\u00e7a Dois de Julho, s\/n","addressLocality":"Salvador","addressRegion":"Bahia","addressCountry":"Brazil"},"telephone":"","sameAs":""},"organizer":{"@type":"Person","name":"COOXIA Coletivo Teatral","description":"","url":"https:\/\/www.instagram.com\/cooxia\/","telephone":"","email":"","sameAs":"https:\/\/www.instagram.com\/cooxia\/"},"performer":"Organization"}}