{"id":3032,"global_id":"boracultura.com.br?id=3032","global_id_lineage":["boracultura.com.br?id=3032"],"author":"1","status":"publish","date":"2026-04-24 09:01:42","date_utc":"2026-04-24 12:01:42","modified":"2026-04-24 09:01:42","modified_utc":"2026-04-24 12:01:42","url":"https:\/\/boracultura.com.br\/index.php\/evento\/festival-salvador-jazz\/","rest_url":"https:\/\/boracultura.com.br\/index.php\/wp-json\/tribe\/events\/v1\/events\/3032","title":"Festival Salvador Jazz","description":"<p>Amaro Freitas traz jazz premiado internacionalmente para o Festival Salvador Jazz<\/p>\n<p>O pianista pernambucano Amaro Freitas, primeiro brasileiro a conquistar a prestigiada honraria internacional Paul Acket (2026), ser\u00e1 o headliner do Festival Salvador Jazz no dia 30 de maio. O artista traz para a capital baiana o groove marcante de seu \u00e1lbum Y&#8217;Y, eleito o Melhor \u00c1lbum do Ano pela APCA, em uma performance que transforma o piano em um territ\u00f3rio de ancestralidade e refer\u00eancias \u00e0 di\u00e1spora africana.<\/p>\n<p>Considerado uma revela\u00e7\u00e3o do jazz internacional, Amaro chega a Salvador ap\u00f3s passagens por festivais emblem\u00e1ticos como Montreux e Newport. No palco do Largo da Mariquita, ele se apresenta ao lado de Sidiel Vieira e Rodrigo Dig\u00e3o Braz, integrando uma programa\u00e7\u00e3o hist\u00f3rica que espera atrair 15 mil pessoas. Al\u00e9m de Freitas, a 7\u00aa edi\u00e7\u00e3o do festival conta com nomes como Sandra S\u00e1, A Cor do Som, Vanessa Moreno, Aguidavi do J\u00eaje, Skanibais e Grupo Garagem.<\/p>\n<p><strong>SERVI\u00c7O<\/strong><br \/>\nEvento: 7\u00aa edi\u00e7\u00e3o do Festival Salvador Jazz<br \/>\nData: De 27 a 31 de maio de 2026 (Show de Amaro Freitas em 30 de maio)<br \/>\nLocal: Largo da Mariquita, Rio Vermelho \u2013 Salvador\/BA<br \/>\nEntrada: Gratuita<br \/>\nAtra\u00e7\u00f5es confirmadas: Amaro Freitas, Sandra S\u00e1, A Cor do Som, Vanessa Moreno, Aguidavi do J\u00eaje, Skanibais e Grupo Garagem.<\/p>\n<p>Foto:\u00a0Micael Hocherman<\/p>","excerpt":"<p>O pianista premiado Amaro Freitas apresenta o \u00e1lbum Y&#8217;Y no Festival Salvador Jazz. Confira a programa\u00e7\u00e3o gratuita no Largo da Mariquita em maio.<\/p>","slug":"festival-salvador-jazz","image":{"url":"https:\/\/boracultura.com.br\/wp-content\/uploads\/2026\/04\/17770320241478652459882507798069.jpg","id":3033,"extension":"jpg","width":620,"height":372,"filesize":53957,"sizes":{"medium":{"width":300,"height":180,"mime-type":"image\/jpeg","filesize":10891,"url":"https:\/\/boracultura.com.br\/wp-content\/uploads\/2026\/04\/17770320241478652459882507798069-300x180.jpg"},"thumbnail":{"width":150,"height":150,"mime-type":"image\/jpeg","filesize":6837,"url":"https:\/\/boracultura.com.br\/wp-content\/uploads\/2026\/04\/17770320241478652459882507798069-150x150.jpg"},"colormag-highlighted-post":{"width":392,"height":272,"mime-type":"image\/jpeg","filesize":19018,"url":"https:\/\/boracultura.com.br\/wp-content\/uploads\/2026\/04\/17770320241478652459882507798069-392x272.jpg"},"colormag-featured-post-medium":{"width":390,"height":205,"mime-type":"image\/jpeg","filesize":14619,"url":"https:\/\/boracultura.com.br\/wp-content\/uploads\/2026\/04\/17770320241478652459882507798069-390x205.jpg"},"colormag-featured-post-small":{"width":130,"height":90,"mime-type":"image\/jpeg","filesize":3903,"url":"https:\/\/boracultura.com.br\/wp-content\/uploads\/2026\/04\/17770320241478652459882507798069-130x90.jpg"},"colormag-default-news":{"width":150,"height":150,"mime-type":"image\/jpeg","filesize":6837,"url":"https:\/\/boracultura.com.br\/wp-content\/uploads\/2026\/04\/17770320241478652459882507798069-150x150.jpg"},"colormag-elementor-grid-large-thumbnail":{"width":600,"height":372,"mime-type":"image\/jpeg","filesize":35269,"url":"https:\/\/boracultura.com.br\/wp-content\/uploads\/2026\/04\/17770320241478652459882507798069-600x372.jpg"},"colormag-elementor-grid-small-thumbnail":{"width":285,"height":372,"mime-type":"image\/jpeg","filesize":25907,"url":"https:\/\/boracultura.com.br\/wp-content\/uploads\/2026\/04\/17770320241478652459882507798069-285x372.jpg"},"colormag-elementor-grid-medium-large-thumbnail":{"width":575,"height":198,"mime-type":"image\/jpeg","filesize":18200,"url":"https:\/\/boracultura.com.br\/wp-content\/uploads\/2026\/04\/17770320241478652459882507798069-575x198.jpg"},"psacp-medium":{"width":500,"height":372,"mime-type":"image\/jpeg","filesize":33204,"url":"https:\/\/boracultura.com.br\/wp-content\/uploads\/2026\/04\/17770320241478652459882507798069-500x372.jpg"},"cmplz_banner_image":{"width":350,"height":100,"mime-type":"image\/jpeg","filesize":7622,"url":"https:\/\/boracultura.com.br\/wp-content\/uploads\/2026\/04\/17770320241478652459882507798069-350x100.jpg"}}},"all_day":true,"start_date":"2026-05-27 00:00:00","start_date_details":{"year":"2026","month":"05","day":"27","hour":"00","minutes":"00","seconds":"00"},"end_date":"2026-05-31 23:59:59","end_date_details":{"year":"2026","month":"05","day":"31","hour":"23","minutes":"59","seconds":"59"},"utc_start_date":"2026-05-27 03:00:00","utc_start_date_details":{"year":"2026","month":"05","day":"27","hour":"03","minutes":"00","seconds":"00"},"utc_end_date":"2026-06-01 02:59:59","utc_end_date_details":{"year":"2026","month":"06","day":"01","hour":"02","minutes":"59","seconds":"59"},"timezone":"America\/Sao_Paulo","timezone_abbr":"-03","cost":"","cost_details":{"currency_symbol":"R$","currency_code":"BRL","currency_position":"prefix","values":[]},"website":"","show_map":true,"show_map_link":true,"hide_from_listings":false,"sticky":false,"featured":false,"categories":[{"name":"M\u00fasica","slug":"musica","term_group":0,"term_taxonomy_id":97,"taxonomy":"tribe_events_cat","description":"","parent":0,"count":109,"filter":"raw","id":97,"urls":{"self":"https:\/\/boracultura.com.br\/index.php\/wp-json\/tribe\/events\/v1\/categories\/97","collection":"https:\/\/boracultura.com.br\/index.php\/wp-json\/tribe\/events\/v1\/categories"}}],"tags":[{"name":"Amaro Freitas","slug":"amaro-freitas","term_group":0,"term_taxonomy_id":1761,"taxonomy":"post_tag","description":"","parent":0,"count":1,"filter":"raw","id":1761,"urls":{"self":"https:\/\/boracultura.com.br\/index.php\/wp-json\/tribe\/events\/v1\/tags\/1761","collection":"https:\/\/boracultura.com.br\/index.php\/wp-json\/tribe\/events\/v1\/tags"}},{"name":"Cultura Bahia","slug":"cultura-bahia","term_group":0,"term_taxonomy_id":22,"taxonomy":"post_tag","description":"","parent":0,"count":36,"filter":"raw","id":22,"urls":{"self":"https:\/\/boracultura.com.br\/index.php\/wp-json\/tribe\/events\/v1\/tags\/22","collection":"https:\/\/boracultura.com.br\/index.php\/wp-json\/tribe\/events\/v1\/tags"}},{"name":"Evento Gratuito","slug":"evento-gratuito","term_group":0,"term_taxonomy_id":905,"taxonomy":"post_tag","description":"","parent":0,"count":15,"filter":"raw","id":905,"urls":{"self":"https:\/\/boracultura.com.br\/index.php\/wp-json\/tribe\/events\/v1\/tags\/905","collection":"https:\/\/boracultura.com.br\/index.php\/wp-json\/tribe\/events\/v1\/tags"}},{"name":"Festival Salvador Jazz","slug":"festival-salvador-jazz","term_group":0,"term_taxonomy_id":1762,"taxonomy":"post_tag","description":"","parent":0,"count":1,"filter":"raw","id":1762,"urls":{"self":"https:\/\/boracultura.com.br\/index.php\/wp-json\/tribe\/events\/v1\/tags\/1762","collection":"https:\/\/boracultura.com.br\/index.php\/wp-json\/tribe\/events\/v1\/tags"}},{"name":"Jazz em Salvador","slug":"jazz-em-salvador","term_group":0,"term_taxonomy_id":1763,"taxonomy":"post_tag","description":"","parent":0,"count":1,"filter":"raw","id":1763,"urls":{"self":"https:\/\/boracultura.com.br\/index.php\/wp-json\/tribe\/events\/v1\/tags\/1763","collection":"https:\/\/boracultura.com.br\/index.php\/wp-json\/tribe\/events\/v1\/tags"}},{"name":"Largo da Mariquita","slug":"largo-da-mariquita","term_group":0,"term_taxonomy_id":1765,"taxonomy":"post_tag","description":"","parent":0,"count":1,"filter":"raw","id":1765,"urls":{"self":"https:\/\/boracultura.com.br\/index.php\/wp-json\/tribe\/events\/v1\/tags\/1765","collection":"https:\/\/boracultura.com.br\/index.php\/wp-json\/tribe\/events\/v1\/tags"}},{"name":"M\u00fasica Negra","slug":"musica-negra","term_group":0,"term_taxonomy_id":1764,"taxonomy":"post_tag","description":"","parent":0,"count":1,"filter":"raw","id":1764,"urls":{"self":"https:\/\/boracultura.com.br\/index.php\/wp-json\/tribe\/events\/v1\/tags\/1764","collection":"https:\/\/boracultura.com.br\/index.php\/wp-json\/tribe\/events\/v1\/tags"}},{"name":"Rio Vermelho","slug":"rio-vermelho","term_group":0,"term_taxonomy_id":142,"taxonomy":"post_tag","description":"","parent":0,"count":10,"filter":"raw","id":142,"urls":{"self":"https:\/\/boracultura.com.br\/index.php\/wp-json\/tribe\/events\/v1\/tags\/142","collection":"https:\/\/boracultura.com.br\/index.php\/wp-json\/tribe\/events\/v1\/tags"}},{"name":"Sandra S\u00e1","slug":"sandra-sa","term_group":0,"term_taxonomy_id":1766,"taxonomy":"post_tag","description":"","parent":0,"count":1,"filter":"raw","id":1766,"urls":{"self":"https:\/\/boracultura.com.br\/index.php\/wp-json\/tribe\/events\/v1\/tags\/1766","collection":"https:\/\/boracultura.com.br\/index.php\/wp-json\/tribe\/events\/v1\/tags"}}],"venue":[],"organizer":[],"custom_fields":[],"json_ld":{"@context":"http:\/\/schema.org","@type":"Event","name":"Festival Salvador Jazz","description":"&lt;p&gt;O pianista premiado Amaro Freitas apresenta o \u00e1lbum Y\\'Y no Festival Salvador Jazz. Confira a programa\u00e7\u00e3o gratuita no Largo da Mariquita em maio.&lt;\/p&gt;\\n","image":"https:\/\/boracultura.com.br\/wp-content\/uploads\/2026\/04\/17770320241478652459882507798069.jpg","url":"https:\/\/boracultura.com.br\/index.php\/evento\/festival-salvador-jazz\/","eventAttendanceMode":"https:\/\/schema.org\/OfflineEventAttendanceMode","eventStatus":"https:\/\/schema.org\/EventScheduled","startDate":"2026-05-27T00:00:00-03:00","endDate":"2026-05-31T23:59:59-03:00","performer":"Organization"}}