{"id":651,"global_id":"boracultura.com.br?id=651","global_id_lineage":["boracultura.com.br?id=651"],"author":"1","status":"publish","date":"2026-01-14 23:49:00","date_utc":"2026-01-15 02:49:00","modified":"2026-01-14 23:51:51","modified_utc":"2026-01-15 02:51:51","url":"https:\/\/boracultura.com.br\/index.php\/evento\/gostava-mais-dos-pais-3\/","rest_url":"https:\/\/boracultura.com.br\/index.php\/wp-json\/tribe\/events\/v1\/events\/651","title":"Gostava Mais dos Pais","description":"<p class=\"cm-entry-title\">Bruno Mazzeo e Lucio Mauro Filho apresentam espet\u00e1culo \u201cGostava mais dos pais\u201d em Salvador<\/p>\n<p>Embora o humor corra nas veias de Bruno Mazzeo e Lucio Mauro Filho, carregar o DNA de dois \u00edcones da com\u00e9dia brasileira \u2013 Chico Anysio e Lucio Mauro.- e ainda seguir a mesma profiss\u00e3o n\u00e3o \u00e9 algo trivial. Esse \u00e9 o fio condutor do espet\u00e1culo \u201cGostava mais dos pais\u201d, que ap\u00f3s sucesso fenomenal desembarca para uma curt\u00edssima temporada no Teatro SESC Casa do Com\u00e9rcio, nos dias 29, 30 e 31 de janeiro e 01 de fevereiro.<\/p>\n<p>No espet\u00e1culo, os atores interpretam cerca de dez personagens e v\u00e1rias vers\u00f5es de si mesmos numa s\u00e9rie de esquetes que entrecruzam as suas hist\u00f3rias de vida com temas contempor\u00e2neos, como as barreiras impostas ao humor e a dificuldade de encontrar os seus lugares na era digital, a cultura do cancelamento, a instantaneidade das viraliza\u00e7\u00f5es e as fake news.<\/p>\n<p>\u201cEsse espet\u00e1culo \u00e9, antes de tudo, a celebra\u00e7\u00e3o da grande amizade que nossos pais\u00a0passaram para n\u00f3s. Nossas trajet\u00f3rias se entrela\u00e7aram por conta pr\u00f3pria, repetindo\u00a0uma feliz parceria deles, mas do nosso jeito, no nosso tempo\u201d, resume Lucio.<\/p>\n<p>\u201cNa pe\u00e7a n\u00f3s os usamos para falar sobre a passagem do tempo e a tentativa de entender o\u00a0nosso lugar nesse mundo novo\u201d, completa Bruno.<\/p>\n<p>&nbsp;<\/p>\n<hr \/>\n<p><strong>Servi\u00e7o<\/strong><\/p>\n<p>Data: 29 de janeiro a 01 de fevereiro<br \/>\nLocal: Teatro Sesc Casa do Com\u00e9rcio (Av. Tancredo Neves, 1109, Caminho das \u00c1rvores)<br \/>\nEntrada:\u00a0<a href=\"https:\/\/bileto.sympla.com.br\/event\/114615\/d\/356331\" target=\"_blank\" rel=\"noreferrer noopener\">Ingressos no Sympla<\/a><\/p>","excerpt":"","slug":"gostava-mais-dos-pais-3","image":{"url":"https:\/\/boracultura.com.br\/wp-content\/uploads\/2026\/01\/Bruno-Mazzeo-e-Lucio-Mauro-Filho-apresentam-espetaculo-Gostava-mais-dos-pais-em-Salvador.jpg","id":381,"extension":"jpg","width":1080,"height":869,"filesize":200490,"sizes":{"medium":{"width":300,"height":241,"mime-type":"image\/jpeg","filesize":20386,"url":"https:\/\/boracultura.com.br\/wp-content\/uploads\/2026\/01\/Bruno-Mazzeo-e-Lucio-Mauro-Filho-apresentam-espetaculo-Gostava-mais-dos-pais-em-Salvador-300x241.jpg"},"large":{"width":1024,"height":824,"mime-type":"image\/jpeg","filesize":175083,"url":"https:\/\/boracultura.com.br\/wp-content\/uploads\/2026\/01\/Bruno-Mazzeo-e-Lucio-Mauro-Filho-apresentam-espetaculo-Gostava-mais-dos-pais-em-Salvador-1024x824.jpg"},"thumbnail":{"width":150,"height":150,"mime-type":"image\/jpeg","filesize":7646,"url":"https:\/\/boracultura.com.br\/wp-content\/uploads\/2026\/01\/Bruno-Mazzeo-e-Lucio-Mauro-Filho-apresentam-espetaculo-Gostava-mais-dos-pais-em-Salvador-150x150.jpg"},"medium_large":{"width":768,"height":618,"mime-type":"image\/jpeg","filesize":101928,"url":"https:\/\/boracultura.com.br\/wp-content\/uploads\/2026\/01\/Bruno-Mazzeo-e-Lucio-Mauro-Filho-apresentam-espetaculo-Gostava-mais-dos-pais-em-Salvador-768x618.jpg"},"colormag-highlighted-post":{"width":392,"height":272,"mime-type":"image\/jpeg","filesize":27989,"url":"https:\/\/boracultura.com.br\/wp-content\/uploads\/2026\/01\/Bruno-Mazzeo-e-Lucio-Mauro-Filho-apresentam-espetaculo-Gostava-mais-dos-pais-em-Salvador-392x272.jpg"},"colormag-featured-post-medium":{"width":390,"height":205,"mime-type":"image\/jpeg","filesize":21436,"url":"https:\/\/boracultura.com.br\/wp-content\/uploads\/2026\/01\/Bruno-Mazzeo-e-Lucio-Mauro-Filho-apresentam-espetaculo-Gostava-mais-dos-pais-em-Salvador-390x205.jpg"},"colormag-featured-post-small":{"width":130,"height":90,"mime-type":"image\/jpeg","filesize":4804,"url":"https:\/\/boracultura.com.br\/wp-content\/uploads\/2026\/01\/Bruno-Mazzeo-e-Lucio-Mauro-Filho-apresentam-espetaculo-Gostava-mais-dos-pais-em-Salvador-130x90.jpg"},"colormag-featured-image":{"width":800,"height":445,"mime-type":"image\/jpeg","filesize":76909,"url":"https:\/\/boracultura.com.br\/wp-content\/uploads\/2026\/01\/Bruno-Mazzeo-e-Lucio-Mauro-Filho-apresentam-espetaculo-Gostava-mais-dos-pais-em-Salvador-800x445.jpg"},"colormag-default-news":{"width":150,"height":150,"mime-type":"image\/jpeg","filesize":7646,"url":"https:\/\/boracultura.com.br\/wp-content\/uploads\/2026\/01\/Bruno-Mazzeo-e-Lucio-Mauro-Filho-apresentam-espetaculo-Gostava-mais-dos-pais-em-Salvador-150x150.jpg"},"colormag-featured-image-large":{"width":1080,"height":600,"mime-type":"image\/jpeg","filesize":155413,"url":"https:\/\/boracultura.com.br\/wp-content\/uploads\/2026\/01\/Bruno-Mazzeo-e-Lucio-Mauro-Filho-apresentam-espetaculo-Gostava-mais-dos-pais-em-Salvador-1080x600.jpg"},"colormag-elementor-block-extra-large-thumbnail":{"width":1080,"height":480,"mime-type":"image\/jpeg","filesize":124792,"url":"https:\/\/boracultura.com.br\/wp-content\/uploads\/2026\/01\/Bruno-Mazzeo-e-Lucio-Mauro-Filho-apresentam-espetaculo-Gostava-mais-dos-pais-em-Salvador-1080x480.jpg"},"colormag-elementor-grid-large-thumbnail":{"width":600,"height":417,"mime-type":"image\/jpeg","filesize":58738,"url":"https:\/\/boracultura.com.br\/wp-content\/uploads\/2026\/01\/Bruno-Mazzeo-e-Lucio-Mauro-Filho-apresentam-espetaculo-Gostava-mais-dos-pais-em-Salvador-600x417.jpg"},"colormag-elementor-grid-small-thumbnail":{"width":285,"height":450,"mime-type":"image\/jpeg","filesize":31028,"url":"https:\/\/boracultura.com.br\/wp-content\/uploads\/2026\/01\/Bruno-Mazzeo-e-Lucio-Mauro-Filho-apresentam-espetaculo-Gostava-mais-dos-pais-em-Salvador-285x450.jpg"},"colormag-elementor-grid-medium-large-thumbnail":{"width":575,"height":198,"mime-type":"image\/jpeg","filesize":28882,"url":"https:\/\/boracultura.com.br\/wp-content\/uploads\/2026\/01\/Bruno-Mazzeo-e-Lucio-Mauro-Filho-apresentam-espetaculo-Gostava-mais-dos-pais-em-Salvador-575x198.jpg"}}},"all_day":false,"start_date":"2026-01-31 17:00:00","start_date_details":{"year":"2026","month":"01","day":"31","hour":"17","minutes":"00","seconds":"00"},"end_date":"2026-01-31 21:00:00","end_date_details":{"year":"2026","month":"01","day":"31","hour":"21","minutes":"00","seconds":"00"},"utc_start_date":"2026-01-31 20:00:00","utc_start_date_details":{"year":"2026","month":"01","day":"31","hour":"20","minutes":"00","seconds":"00"},"utc_end_date":"2026-02-01 00:00:00","utc_end_date_details":{"year":"2026","month":"02","day":"01","hour":"00","minutes":"00","seconds":"00"},"timezone":"America\/Sao_Paulo","timezone_abbr":"-03","cost":"","cost_details":{"currency_symbol":"R$","currency_code":"BRL","currency_position":"prefix","values":[]},"website":"","show_map":true,"show_map_link":true,"hide_from_listings":false,"sticky":false,"featured":false,"categories":[{"name":"Teatro","slug":"teatro","term_group":0,"term_taxonomy_id":96,"taxonomy":"tribe_events_cat","description":"","parent":0,"count":76,"filter":"raw","id":96,"urls":{"self":"https:\/\/boracultura.com.br\/index.php\/wp-json\/tribe\/events\/v1\/categories\/96","collection":"https:\/\/boracultura.com.br\/index.php\/wp-json\/tribe\/events\/v1\/categories"}}],"tags":[],"venue":{"id":576,"author":"1","status":"publish","date":"2026-01-14 02:12:28","date_utc":"2026-01-14 05:12:28","modified":"2026-01-14 02:12:28","modified_utc":"2026-01-14 05:12:28","url":"https:\/\/boracultura.com.br\/index.php\/local\/sesc-casa-do-comercio\/","venue":"SESC Casa do Com\u00e9rcio","slug":"sesc-casa-do-comercio","address":"Av. Tancredo Neves, 1109 - Caminho das \u00c1rvores","city":"Salvador","country":"Brazil","province":"Bahia","state":"AL","zip":"41820-021","phone":"(71) 3273-9852","stateprovince":"Bahia","json_ld":{"@type":"Place","name":"SESC Casa do Com\u00e9rcio","description":"","url":"","address":{"@type":"PostalAddress","streetAddress":"Av. Tancredo Neves, 1109 - Caminho das \u00c1rvores","addressLocality":"Salvador","addressRegion":"Bahia","postalCode":"41820-021","addressCountry":"Brazil"},"telephone":"(71) 3273-9852","sameAs":""},"show_map":true,"show_map_link":true,"global_id":"boracultura.com.br?id=576","global_id_lineage":["boracultura.com.br?id=576"]},"organizer":[],"custom_fields":[],"json_ld":{"@context":"http:\/\/schema.org","@type":"Event","name":"Gostava Mais dos Pais","description":"&lt;p&gt;Bruno Mazzeo e Lucio Mauro Filho apresentam espet\u00e1culo \u201cGostava mais dos pais\u201d em Salvador Embora o humor corra nas veias&lt;\/p&gt;\\n","image":"https:\/\/boracultura.com.br\/wp-content\/uploads\/2026\/01\/Bruno-Mazzeo-e-Lucio-Mauro-Filho-apresentam-espetaculo-Gostava-mais-dos-pais-em-Salvador.jpg","url":"https:\/\/boracultura.com.br\/index.php\/evento\/gostava-mais-dos-pais-3\/","eventAttendanceMode":"https:\/\/schema.org\/OfflineEventAttendanceMode","eventStatus":"https:\/\/schema.org\/EventScheduled","startDate":"2026-01-31T17:00:00-03:00","endDate":"2026-01-31T21:00:00-03:00","location":{"@type":"Place","name":"SESC Casa do Com\u00e9rcio","description":"","url":"","address":{"@type":"PostalAddress","streetAddress":"Av. Tancredo Neves, 1109 - Caminho das \u00c1rvores","addressLocality":"Salvador","addressRegion":"Bahia","postalCode":"41820-021","addressCountry":"Brazil"},"telephone":"(71) 3273-9852","sameAs":""},"performer":"Organization"}}