{"id":838,"global_id":"boracultura.com.br?id=838","global_id_lineage":["boracultura.com.br?id=838"],"author":"1","status":"publish","date":"2026-01-17 19:34:06","date_utc":"2026-01-17 22:34:06","modified":"2026-01-17 19:34:06","modified_utc":"2026-01-17 22:34:06","url":"https:\/\/boracultura.com.br\/index.php\/evento\/prima-facie-4\/","rest_url":"https:\/\/boracultura.com.br\/index.php\/wp-json\/tribe\/events\/v1\/events\/838","title":"PRIMA FACIE","description":"<p>Espet\u00e1culo \u2018Prima Facie\u2019, protagonizado por D\u00e9bora Falabella, ter\u00e1 temporada em Salvador, de 22\/01 a 09\/02, com realiza\u00e7\u00e3o do CCBB Salvador.<\/p>\n<div class=\"elementor-element elementor-element-60e21cc e-flex e-con-full e-con e-parent e-lazyloaded\" data-id=\"60e21cc\" data-element_type=\"container\">\n<div class=\"elementor-element elementor-element-86e8d72 elementor-widget elementor-widget-ccbb-paragrafo-com-download\" data-id=\"86e8d72\" data-element_type=\"widget\" data-widget_type=\"ccbb-paragrafo-com-download.default\">\n<div class=\"elementor-widget-container\">\n<div class=\"container mx-auto px-4 py-12\">\n<div class=\"text-lg space-y-4 font-light\">\n<p>Desde sua estreia em Londres, em 2022, Prima Facie, de Suzie Miller, tornou-se um marco global. A pe\u00e7a n\u00e3o apenas conquistou a Broadway e o West End, mas tamb\u00e9m provocou mudan\u00e7as reais em leis brit\u00e2nicas e levou sua autora a debater na Assembleia da ONU sobre o combate ao abuso contra mulheres.<\/p>\n<p>No Brasil, a montagem \u00e9 estrelada por D\u00e9bora Falabella em seu primeiro solo teatral, com dire\u00e7\u00e3o de Yara de Novaes. A obra j\u00e1 passou por Bras\u00edlia, Curitiba e S\u00e3o Paulo, onde manteve oito meses de sess\u00f5es lotadas, atraindo figuras importantes do judici\u00e1rio brasileiro para debates profundos sobre o sistema legal e a condi\u00e7\u00e3o feminina.<\/p>\n<\/div>\n<\/div>\n<\/div>\n<\/div>\n<div class=\"elementor-element elementor-element-0d11e5f elementor-widget elementor-widget-titulo-ccbb\" data-id=\"0d11e5f\" data-element_type=\"widget\" data-widget_type=\"titulo-ccbb.default\">\n<div class=\"elementor-widget-container\">\n<div class=\"container\"><strong>Sinopse<\/strong><br \/>\nD\u00e9bora vive Tessa, uma advogada brilhante que fez carreira defendendo acusados de viol\u00eancia sexual. De origem humilde, ela alcan\u00e7ou o topo do complexo mundo jur\u00eddico. No entanto, um acontecimento inesperado a obriga a encarar o sistema por outro \u00e2ngulo, for\u00e7ando-a a confrontar as tensas rela\u00e7\u00f5es entre poder, lei e a experi\u00eancia feminina.<\/div>\n<\/div>\n<\/div>\n<\/div>\n<div class=\"elementor-element elementor-element-1372c6a e-flex e-con-full e-con e-parent e-lazyloaded\" data-id=\"1372c6a\" data-element_type=\"container\">\n<div class=\"elementor-element elementor-element-88a24a4 elementor-widget elementor-widget-titulo-ccbb\" data-id=\"88a24a4\" data-element_type=\"widget\" data-widget_type=\"titulo-ccbb.default\">\n<div class=\"elementor-widget-container\">\n<div><\/div>\n<div class=\"container\"><strong>Sobre D\u00e9bora Falabella<\/strong><br \/>\nD\u00e9bora Falabella consolidou-se como um dos maiores nomes da televis\u00e3o brasileira atrav\u00e9s de interpreta\u00e7\u00f5es intensas e personagens que marcaram \u00e9poca. Entre seus trabalhos mais emblem\u00e1ticos est\u00e3o a jovem Mel em O Clone, que lhe rendeu reconhecimento nacional, e a protagonista Nina no fen\u00f4meno mundial Avenida Brasil. Recentemente, destacou-se na s\u00e9rie Aruanas e na novela Terra e Paix\u00e3o, reafirmando sua versatilidade em pap\u00e9is de grande apelo dram\u00e1tico e social.<\/div>\n<div><\/div>\n<\/div>\n<\/div>\n<\/div>\n<div class=\"elementor-element elementor-element-69a76e3 e-flex e-con-full e-con e-parent e-lazyloaded\" data-id=\"69a76e3\" data-element_type=\"container\">\n<div class=\"elementor-element elementor-element-7e0dafe elementor-widget elementor-widget-ccbb-paragrafo-com-download\" data-id=\"7e0dafe\" data-element_type=\"widget\" data-widget_type=\"ccbb-paragrafo-com-download.default\">\n<div class=\"elementor-widget-container\">\n<div class=\"container mx-auto px-4 py-12\">\n<div class=\"text-lg space-y-4 font-light\">\n<div class=\"Y3BBE\" data-sfc-cp=\"\" data-hveid=\"CAEIAxAA\" data-processed=\"true\">No cinema, sua trajet\u00f3ria \u00e9 igualmente prestigiada, estrelando cl\u00e1ssicos como Lisbela e o Prisioneiro e produ\u00e7\u00f5es densas como 2 Perdidos numa Noite Suja, papel que lhe rendeu o pr\u00eamio de Melhor Atriz no Festival de Gramado. Com passagens por sucessos como O Bem Amado e o recente Depois a Louca Sou Eu, D\u00e9bora acumula mais de duas d\u00e9cadas de relev\u00e2ncia nas telas, equilibrando o apelo popular com o reconhecimento da cr\u00edtica especializada.<\/div>\n<\/div>\n<div data-sfc-cp=\"\" data-hveid=\"CAEIAxAA\" data-processed=\"true\">\n<div class=\"elementor-element elementor-element-af77abd elementor-widget elementor-widget-titulo-ccbb\" data-id=\"af77abd\" data-element_type=\"widget\" data-widget_type=\"titulo-ccbb.default\">\n<div class=\"elementor-widget-container\">\n<div class=\"container\">\n<p class=\"ccbb-titulo text-2xl font-bold text-left leading-tight tracking-tight\"><strong>Ficha t\u00e9cnica<br \/>\n<\/strong>Texto: Suzie Miler<br \/>\nDire\u00e7\u00e3o:\u00a0Yara de Novaes<\/p>\n<\/div>\n<\/div>\n<\/div>\n<div class=\"elementor-element elementor-element-b20edba elementor-widget elementor-widget-ccbb-paragrafo-com-download\" data-id=\"b20edba\" data-element_type=\"widget\" data-widget_type=\"ccbb-paragrafo-com-download.default\">\n<div class=\"elementor-widget-container\">\n<div class=\"container mx-auto px-4 py-12\">\n<div class=\"text-lg space-y-4 font-light\">\n<p>Tradu\u00e7\u00e3o:\u00a0Alexandre Ten\u00f3rio<br \/>\nCen\u00e1rio:\u00a0Andr\u00e9 Cortez<br \/>\nFigurino:\u00a0Fabio Namatame<br \/>\nIlumina\u00e7\u00e3o:\u00a0Wagner Antonio<br \/>\nTrilha Sonora:\u00a0Morris<\/p>\n<p>Consultoria jur\u00eddica:\u00a0Maria Luiza Gomes e Mateus Monteiro<br \/>\nAssistentes de dire\u00e7\u00e3o:\u00a0Ivy Souza e Renan Ferreira<br \/>\nCoordena\u00e7\u00e3o administrativa:\u00a0Coarte<br \/>\nAssessoria de Comunica\u00e7\u00e3o:\u00a0Pedro Neves \/ Cl\u00edmax Conte\u00fado<\/p>\n<p>Produ\u00e7\u00e3o Executiva:\u00a0Catarina Milani<br \/>\nDire\u00e7\u00e3o de Produ\u00e7\u00e3o: Edson Fieschi e Luciano Borges<br \/>\nRealiza\u00e7\u00e3o:\u00a0Borges &amp; Fieschi Produ\u00e7\u00f5es e Antes do Nome<\/p>\n<p><strong>Servi\u00e7o<\/strong><br \/>\nLocal:\u00a0Teatro Jorge Amado (Av. Manoel Dias da Silva, 2177 &#8211; Pituba, Salvador)<br \/>\nPer\u00edodo:\u00a0de 22 de janeiro a 09 de fevereiro de 2026<br \/>\nFuncionamento:\u00a0Quinta, Sexta, S\u00e1bado e Segunda, as 19h | Domingo as 18h<br \/>\n<a href=\"https:\/\/bileto.sympla.com.br\/event\/114956\/d\/358740\">Ingressos:<\/a>\u00a0R$30 | R$15 (Clientes Banco do Brasil pagam meia entrada)<\/p>\n<p><strong>Foto: Annelize Tozetto<\/strong><\/p>\n<\/div>\n<\/div>\n<\/div>\n<\/div>\n<\/div>\n<\/div>\n<\/div>\n<\/div>\n<\/div>","excerpt":"","slug":"prima-facie-4","image":{"url":"https:\/\/boracultura.com.br\/wp-content\/uploads\/2026\/01\/creditos_Annelize-Tozetto-scaled.jpeg","id":823,"extension":"jpeg","width":2560,"height":1707,"filesize":505866,"sizes":{"medium":{"width":300,"height":200,"mime-type":"image\/jpeg","filesize":23342,"url":"https:\/\/boracultura.com.br\/wp-content\/uploads\/2026\/01\/creditos_Annelize-Tozetto-300x200.jpeg"},"large":{"width":1024,"height":683,"mime-type":"image\/jpeg","filesize":87335,"url":"https:\/\/boracultura.com.br\/wp-content\/uploads\/2026\/01\/creditos_Annelize-Tozetto-1024x683.jpeg"},"thumbnail":{"width":150,"height":150,"mime-type":"image\/jpeg","filesize":19689,"url":"https:\/\/boracultura.com.br\/wp-content\/uploads\/2026\/01\/creditos_Annelize-Tozetto-150x150.jpeg"},"medium_large":{"width":768,"height":512,"mime-type":"image\/jpeg","filesize":56099,"url":"https:\/\/boracultura.com.br\/wp-content\/uploads\/2026\/01\/creditos_Annelize-Tozetto-768x512.jpeg"},"1536x1536":{"width":1536,"height":1024,"mime-type":"image\/jpeg","filesize":180488,"url":"https:\/\/boracultura.com.br\/wp-content\/uploads\/2026\/01\/creditos_Annelize-Tozetto-1536x1024.jpeg"},"2048x2048":{"width":2048,"height":1366,"mime-type":"image\/jpeg","filesize":319988,"url":"https:\/\/boracultura.com.br\/wp-content\/uploads\/2026\/01\/creditos_Annelize-Tozetto-2048x1366.jpeg"},"colormag-highlighted-post":{"width":392,"height":272,"mime-type":"image\/jpeg","filesize":28561,"url":"https:\/\/boracultura.com.br\/wp-content\/uploads\/2026\/01\/creditos_Annelize-Tozetto-392x272.jpeg"},"colormag-featured-post-medium":{"width":390,"height":205,"mime-type":"image\/jpeg","filesize":26763,"url":"https:\/\/boracultura.com.br\/wp-content\/uploads\/2026\/01\/creditos_Annelize-Tozetto-390x205.jpeg"},"colormag-featured-post-small":{"width":130,"height":90,"mime-type":"image\/jpeg","filesize":17826,"url":"https:\/\/boracultura.com.br\/wp-content\/uploads\/2026\/01\/creditos_Annelize-Tozetto-130x90.jpeg"},"colormag-featured-image":{"width":800,"height":445,"mime-type":"image\/jpeg","filesize":56262,"url":"https:\/\/boracultura.com.br\/wp-content\/uploads\/2026\/01\/creditos_Annelize-Tozetto-800x445.jpeg"},"colormag-default-news":{"width":150,"height":150,"mime-type":"image\/jpeg","filesize":19689,"url":"https:\/\/boracultura.com.br\/wp-content\/uploads\/2026\/01\/creditos_Annelize-Tozetto-150x150.jpeg"},"colormag-featured-image-large":{"width":1400,"height":600,"mime-type":"image\/jpeg","filesize":123724,"url":"https:\/\/boracultura.com.br\/wp-content\/uploads\/2026\/01\/creditos_Annelize-Tozetto-1400x600.jpeg"},"colormag-elementor-block-extra-large-thumbnail":{"width":1155,"height":480,"mime-type":"image\/jpeg","filesize":87598,"url":"https:\/\/boracultura.com.br\/wp-content\/uploads\/2026\/01\/creditos_Annelize-Tozetto-1155x480.jpeg"},"colormag-elementor-grid-large-thumbnail":{"width":600,"height":417,"mime-type":"image\/jpeg","filesize":43226,"url":"https:\/\/boracultura.com.br\/wp-content\/uploads\/2026\/01\/creditos_Annelize-Tozetto-600x417.jpeg"},"colormag-elementor-grid-small-thumbnail":{"width":285,"height":450,"mime-type":"image\/jpeg","filesize":36057,"url":"https:\/\/boracultura.com.br\/wp-content\/uploads\/2026\/01\/creditos_Annelize-Tozetto-285x450.jpeg"},"colormag-elementor-grid-medium-large-thumbnail":{"width":575,"height":198,"mime-type":"image\/jpeg","filesize":32555,"url":"https:\/\/boracultura.com.br\/wp-content\/uploads\/2026\/01\/creditos_Annelize-Tozetto-575x198.jpeg"}},"original_image":"creditos_Annelize-Tozetto.jpeg"},"all_day":false,"start_date":"2026-01-25 18:00:00","start_date_details":{"year":"2026","month":"01","day":"25","hour":"18","minutes":"00","seconds":"00"},"end_date":"2026-01-25 18:00:00","end_date_details":{"year":"2026","month":"01","day":"25","hour":"18","minutes":"00","seconds":"00"},"utc_start_date":"2026-01-25 21:00:00","utc_start_date_details":{"year":"2026","month":"01","day":"25","hour":"21","minutes":"00","seconds":"00"},"utc_end_date":"2026-01-25 21:00:00","utc_end_date_details":{"year":"2026","month":"01","day":"25","hour":"21","minutes":"00","seconds":"00"},"timezone":"America\/Sao_Paulo","timezone_abbr":"-03","cost":"","cost_details":{"currency_symbol":"R$","currency_code":"BRL","currency_position":"prefix","values":[]},"website":"https:\/\/ccbb.com.br\/salvador\/programacao\/prima-facie\/","show_map":true,"show_map_link":true,"hide_from_listings":false,"sticky":false,"featured":false,"categories":[{"name":"Teatro","slug":"teatro","term_group":0,"term_taxonomy_id":96,"taxonomy":"tribe_events_cat","description":"","parent":0,"count":76,"filter":"raw","id":96,"urls":{"self":"https:\/\/boracultura.com.br\/index.php\/wp-json\/tribe\/events\/v1\/categories\/96","collection":"https:\/\/boracultura.com.br\/index.php\/wp-json\/tribe\/events\/v1\/categories"}}],"tags":[{"name":"CCBB","slug":"ccbb","term_group":0,"term_taxonomy_id":139,"taxonomy":"post_tag","description":"","parent":0,"count":9,"filter":"raw","id":139,"urls":{"self":"https:\/\/boracultura.com.br\/index.php\/wp-json\/tribe\/events\/v1\/tags\/139","collection":"https:\/\/boracultura.com.br\/index.php\/wp-json\/tribe\/events\/v1\/tags"}},{"name":"CCBB Salvador","slug":"ccbb-salvador","term_group":0,"term_taxonomy_id":140,"taxonomy":"post_tag","description":"","parent":0,"count":10,"filter":"raw","id":140,"urls":{"self":"https:\/\/boracultura.com.br\/index.php\/wp-json\/tribe\/events\/v1\/tags\/140","collection":"https:\/\/boracultura.com.br\/index.php\/wp-json\/tribe\/events\/v1\/tags"}},{"name":"Teatro","slug":"teatro","term_group":0,"term_taxonomy_id":23,"taxonomy":"post_tag","description":"","parent":0,"count":41,"filter":"raw","id":23,"urls":{"self":"https:\/\/boracultura.com.br\/index.php\/wp-json\/tribe\/events\/v1\/tags\/23","collection":"https:\/\/boracultura.com.br\/index.php\/wp-json\/tribe\/events\/v1\/tags"}},{"name":"Teatro Salvador","slug":"teatro-salvador","term_group":0,"term_taxonomy_id":21,"taxonomy":"post_tag","description":"","parent":0,"count":27,"filter":"raw","id":21,"urls":{"self":"https:\/\/boracultura.com.br\/index.php\/wp-json\/tribe\/events\/v1\/tags\/21","collection":"https:\/\/boracultura.com.br\/index.php\/wp-json\/tribe\/events\/v1\/tags"}}],"venue":[],"organizer":[],"custom_fields":[],"json_ld":{"@context":"http:\/\/schema.org","@type":"Event","name":"PRIMA FACIE","description":"&lt;p&gt;Espet\u00e1culo \u2018Prima Facie\u2019, protagonizado por D\u00e9bora Falabella, ter\u00e1 temporada em Salvador, de 22\/01 a 09\/02, com realiza\u00e7\u00e3o do CCBB Salvador.&lt;\/p&gt;\\n","image":"https:\/\/boracultura.com.br\/wp-content\/uploads\/2026\/01\/creditos_Annelize-Tozetto-scaled.jpeg","url":"https:\/\/boracultura.com.br\/index.php\/evento\/prima-facie-4\/","eventAttendanceMode":"https:\/\/schema.org\/OfflineEventAttendanceMode","eventStatus":"https:\/\/schema.org\/EventScheduled","startDate":"2026-01-25T18:00:00-03:00","endDate":"2026-01-25T18:00:00-03:00","performer":"Organization"}}