{"id":952,"global_id":"boracultura.com.br?id=952","global_id_lineage":["boracultura.com.br?id=952"],"author":"1","status":"publish","date":"2026-01-23 19:53:53","date_utc":"2026-01-23 22:53:53","modified":"2026-01-23 19:53:53","modified_utc":"2026-01-23 22:53:53","url":"https:\/\/boracultura.com.br\/index.php\/evento\/por-do-sol-com-samba-edil-pacheco-e-atracao-no-sesi-rio-vermelho-dia-25-domingo\/","rest_url":"https:\/\/boracultura.com.br\/index.php\/wp-json\/tribe\/events\/v1\/events\/952","title":"P\u00f4r do sol com Samba: Edil Pacheco \u00e9 atra\u00e7\u00e3o no SESI Rio Vermelho dia 25 (domingo)","description":"<p>O p\u00f4r do sol no Rio Vermelho ser\u00e1 palco da segunda edi\u00e7\u00e3o do Salvador em Serenata de Ver\u00e3o.<\/p>\n<p>No dia 25 de janeiro, \u00e0s 16h30, a Varanda do SESI recebe um encontro musical que une a tradi\u00e7\u00e3o das serenatas \u00e0 brisa do mar baiano.<\/p>\n<p>\u200bSob dire\u00e7\u00e3o de Lula Gazineu, o espet\u00e1culo re\u00fane nomes como Cinho Damatta, Giroux Wamziler, Pablo Moraes, Priscila Magalh\u00e3es e Roberval Santos. O grande destaque da noite \u00e9 o mestre Edil Pacheco. Aos 80 anos, o \u00edcone do samba e parceiro de Gilberto Gil e Luiz Melodia traz cl\u00e1ssicos como &#8220;Ijex\u00e1&#8221; para um show intimista e refinado.<\/p>\n<p><strong>\u200bServi\u00e7o<\/strong>:<\/p>\n<p>\u200bEvento: Salvador em Serenata de Ver\u00e3o 2 edi\u00e7\u00e3o \u2013 convida Edil Pacheco<br \/>\n\u200bData: 25 de janeiro de 2026 (domingo)<br \/>\n\u200bHor\u00e1rio: A partir das 16h30<br \/>\n\u200bLocal: Varanda do SESI Rio Vermelho<br \/>\n\u200bEndere\u00e7o: Rua Borges dos Reis, 09 \u2013 Rio Vermelho, Salvador (BA)<br \/>\n\u200bValores: Couvert R$ 50,00 | Casadinha antecipada R$ 80,00<br \/>\n\u200bReservas (WhatsApp): (71) 9 9160-9140<br \/>\n\u200bRealiza\u00e7\u00e3o: Projeto Cores &amp; Nomes, Hessel, Casa 98 &amp; Siri Produ\u00e7\u00f5es, Doris Pinheiro e Teatro SESI\/FIEB.<\/p>","excerpt":"","slug":"por-do-sol-com-samba-edil-pacheco-e-atracao-no-sesi-rio-vermelho-dia-25-domingo","image":{"url":"https:\/\/boracultura.com.br\/wp-content\/uploads\/2026\/01\/Salvador-em-Serenata-foto-Augusto-Hessel-001-1-scaled.jpg","id":939,"extension":"jpg","width":2560,"height":1928,"filesize":628153,"sizes":{"medium":{"width":300,"height":226,"mime-type":"image\/jpeg","filesize":19410,"url":"https:\/\/boracultura.com.br\/wp-content\/uploads\/2026\/01\/Salvador-em-Serenata-foto-Augusto-Hessel-001-1-300x226.jpg"},"large":{"width":1024,"height":771,"mime-type":"image\/jpeg","filesize":148352,"url":"https:\/\/boracultura.com.br\/wp-content\/uploads\/2026\/01\/Salvador-em-Serenata-foto-Augusto-Hessel-001-1-1024x771.jpg"},"thumbnail":{"width":150,"height":150,"mime-type":"image\/jpeg","filesize":7521,"url":"https:\/\/boracultura.com.br\/wp-content\/uploads\/2026\/01\/Salvador-em-Serenata-foto-Augusto-Hessel-001-1-150x150.jpg"},"medium_large":{"width":768,"height":578,"mime-type":"image\/jpeg","filesize":92632,"url":"https:\/\/boracultura.com.br\/wp-content\/uploads\/2026\/01\/Salvador-em-Serenata-foto-Augusto-Hessel-001-1-768x578.jpg"},"1536x1536":{"width":1536,"height":1157,"mime-type":"image\/jpeg","filesize":284662,"url":"https:\/\/boracultura.com.br\/wp-content\/uploads\/2026\/01\/Salvador-em-Serenata-foto-Augusto-Hessel-001-1-1536x1157.jpg"},"2048x2048":{"width":2048,"height":1542,"mime-type":"image\/jpeg","filesize":446313,"url":"https:\/\/boracultura.com.br\/wp-content\/uploads\/2026\/01\/Salvador-em-Serenata-foto-Augusto-Hessel-001-1-2048x1542.jpg"},"colormag-highlighted-post":{"width":392,"height":272,"mime-type":"image\/jpeg","filesize":28491,"url":"https:\/\/boracultura.com.br\/wp-content\/uploads\/2026\/01\/Salvador-em-Serenata-foto-Augusto-Hessel-001-1-392x272.jpg"},"colormag-featured-post-medium":{"width":390,"height":205,"mime-type":"image\/jpeg","filesize":22461,"url":"https:\/\/boracultura.com.br\/wp-content\/uploads\/2026\/01\/Salvador-em-Serenata-foto-Augusto-Hessel-001-1-390x205.jpg"},"colormag-featured-post-small":{"width":130,"height":90,"mime-type":"image\/jpeg","filesize":4571,"url":"https:\/\/boracultura.com.br\/wp-content\/uploads\/2026\/01\/Salvador-em-Serenata-foto-Augusto-Hessel-001-1-130x90.jpg"},"colormag-featured-image":{"width":800,"height":445,"mime-type":"image\/jpeg","filesize":78189,"url":"https:\/\/boracultura.com.br\/wp-content\/uploads\/2026\/01\/Salvador-em-Serenata-foto-Augusto-Hessel-001-1-800x445.jpg"},"colormag-default-news":{"width":150,"height":150,"mime-type":"image\/jpeg","filesize":7521,"url":"https:\/\/boracultura.com.br\/wp-content\/uploads\/2026\/01\/Salvador-em-Serenata-foto-Augusto-Hessel-001-1-150x150.jpg"},"colormag-featured-image-large":{"width":1400,"height":600,"mime-type":"image\/jpeg","filesize":153053,"url":"https:\/\/boracultura.com.br\/wp-content\/uploads\/2026\/01\/Salvador-em-Serenata-foto-Augusto-Hessel-001-1-1400x600.jpg"},"colormag-elementor-block-extra-large-thumbnail":{"width":1155,"height":480,"mime-type":"image\/jpeg","filesize":110203,"url":"https:\/\/boracultura.com.br\/wp-content\/uploads\/2026\/01\/Salvador-em-Serenata-foto-Augusto-Hessel-001-1-1155x480.jpg"},"colormag-elementor-grid-large-thumbnail":{"width":600,"height":417,"mime-type":"image\/jpeg","filesize":58102,"url":"https:\/\/boracultura.com.br\/wp-content\/uploads\/2026\/01\/Salvador-em-Serenata-foto-Augusto-Hessel-001-1-600x417.jpg"},"colormag-elementor-grid-small-thumbnail":{"width":285,"height":450,"mime-type":"image\/jpeg","filesize":31609,"url":"https:\/\/boracultura.com.br\/wp-content\/uploads\/2026\/01\/Salvador-em-Serenata-foto-Augusto-Hessel-001-1-285x450.jpg"},"colormag-elementor-grid-medium-large-thumbnail":{"width":575,"height":198,"mime-type":"image\/jpeg","filesize":30030,"url":"https:\/\/boracultura.com.br\/wp-content\/uploads\/2026\/01\/Salvador-em-Serenata-foto-Augusto-Hessel-001-1-575x198.jpg"}},"original_image":"Salvador-em-Serenata-foto-Augusto-Hessel-001-1.jpg"},"all_day":false,"start_date":"2026-01-25 16:30:00","start_date_details":{"year":"2026","month":"01","day":"25","hour":"16","minutes":"30","seconds":"00"},"end_date":"2026-01-25 16:30:00","end_date_details":{"year":"2026","month":"01","day":"25","hour":"16","minutes":"30","seconds":"00"},"utc_start_date":"2026-01-25 19:30:00","utc_start_date_details":{"year":"2026","month":"01","day":"25","hour":"19","minutes":"30","seconds":"00"},"utc_end_date":"2026-01-25 19:30:00","utc_end_date_details":{"year":"2026","month":"01","day":"25","hour":"19","minutes":"30","seconds":"00"},"timezone":"America\/Sao_Paulo","timezone_abbr":"-03","cost":"","cost_details":{"currency_symbol":"R$","currency_code":"BRL","currency_position":"prefix","values":[]},"website":"","show_map":true,"show_map_link":true,"hide_from_listings":false,"sticky":false,"featured":false,"categories":[{"name":"M\u00fasica","slug":"musica","term_group":0,"term_taxonomy_id":97,"taxonomy":"tribe_events_cat","description":"","parent":0,"count":109,"filter":"raw","id":97,"urls":{"self":"https:\/\/boracultura.com.br\/index.php\/wp-json\/tribe\/events\/v1\/categories\/97","collection":"https:\/\/boracultura.com.br\/index.php\/wp-json\/tribe\/events\/v1\/categories"}}],"tags":[],"venue":{"id":953,"author":"1","status":"publish","date":"2026-01-23 19:53:53","date_utc":"2026-01-23 22:53:53","modified":"2026-01-23 19:53:53","modified_utc":"2026-01-23 22:53:53","url":"https:\/\/boracultura.com.br\/index.php\/local\/varanda-do-sesi\/","venue":"Varanda do Sesi","slug":"varanda-do-sesi","address":"Rio Vermelho","city":"Salvador","country":"Brazil","province":"Bahia","stateprovince":"Bahia","json_ld":{"@type":"Place","name":"Varanda do Sesi","description":"","url":"","address":{"@type":"PostalAddress","streetAddress":"Rio Vermelho","addressLocality":"Salvador","addressRegion":"Bahia","addressCountry":"Brazil"},"telephone":"","sameAs":""},"show_map":true,"show_map_link":true,"global_id":"boracultura.com.br?id=953","global_id_lineage":["boracultura.com.br?id=953"]},"organizer":[],"custom_fields":[],"json_ld":{"@context":"http:\/\/schema.org","@type":"Event","name":"P\u00f4r do sol com Samba: Edil Pacheco \u00e9 atra\u00e7\u00e3o no SESI Rio Vermelho dia 25 (domingo)","description":"&lt;p&gt;O p\u00f4r do sol no Rio Vermelho ser\u00e1 palco da segunda edi\u00e7\u00e3o do Salvador em Serenata de Ver\u00e3o. No dia&lt;\/p&gt;\\n","image":"https:\/\/boracultura.com.br\/wp-content\/uploads\/2026\/01\/Salvador-em-Serenata-foto-Augusto-Hessel-001-1-scaled.jpg","url":"https:\/\/boracultura.com.br\/index.php\/evento\/por-do-sol-com-samba-edil-pacheco-e-atracao-no-sesi-rio-vermelho-dia-25-domingo\/","eventAttendanceMode":"https:\/\/schema.org\/OfflineEventAttendanceMode","eventStatus":"https:\/\/schema.org\/EventScheduled","startDate":"2026-01-25T16:30:00-03:00","endDate":"2026-01-25T16:30:00-03:00","location":{"@type":"Place","name":"Varanda do Sesi","description":"","url":"","address":{"@type":"PostalAddress","streetAddress":"Rio Vermelho","addressLocality":"Salvador","addressRegion":"Bahia","addressCountry":"Brazil"},"telephone":"","sameAs":""},"performer":"Organization"}}