{"id":980,"global_id":"boracultura.com.br?id=980","global_id_lineage":["boracultura.com.br?id=980"],"author":"1","status":"publish","date":"2026-01-26 17:24:51","date_utc":"2026-01-26 20:24:51","modified":"2026-01-26 17:26:56","modified_utc":"2026-01-26 20:26:56","url":"https:\/\/boracultura.com.br\/index.php\/evento\/desfile-dos-palhacos-do-rio-vermelho-2026\/","rest_url":"https:\/\/boracultura.com.br\/index.php\/wp-json\/tribe\/events\/v1\/events\/980","title":"Desfile dos Palha\u00e7os do Rio Vermelho 2026","description":"<p class=\"has-medium-font-size\">Cantora e compositora assume como rainha do tradicional desfile que homenageia Riach\u00e3o e celebra o samba brasileiro Juliana Ribeiro, cantora, compositora e pesquisadora, foi escolhida madrinha e rainha dos Palha\u00e7os do Rio Vermelho 2026, ao lado de Nelson Rufino. O an\u00fancio marca um momento especial para o tradicional desfile de Salvador, que este ano celebra os 110 anos do samba e presta homenagem a Clementino Rodrigues, o Riach\u00e3o \u2014 \u00edcone do samba baiano. <strong>Desfile Entra para o Calend\u00e1rio Oficial de Salvador<\/strong> O Desfile dos Palha\u00e7os do Rio Vermelho acontece no dia 31 de janeiro de 2026 e passa a integrar oficialmente o Calend\u00e1rio de Eventos do Munic\u00edpio de Salvador como o Dia Municipal do Desfile dos Palha\u00e7os do Rio Vermelho, reconhecendo sua import\u00e2ncia cultural para a cidade. <strong>&#8220;O Palha\u00e7o \u00e9 um S\u00edmbolo de Liberta\u00e7\u00e3o&#8221;<\/strong> &#8220;Ser escolhida como rainha dos Palha\u00e7os do Rio Vermelho esse ano, quando se comemoram os 110 anos do samba, \u00e9 muito significativo&#8221;, declara a artista. A cantora destaca o car\u00e1ter libertador da manifesta\u00e7\u00e3o: &#8220;O palha\u00e7o \u00e9 uma figura liberta de quem n\u00f3s somos. A palha\u00e7aria permite colocar para o outro o nosso melhor: a brincadeira, o l\u00fadico, a crian\u00e7a interior&#8221;, afirma. Atra\u00e7\u00f5es: Grupos culturais, fanfarras, percuss\u00e3o e Esta\u00e7\u00f5es Musicais Fixas <strong>Homenagem a Riach\u00e3o<\/strong> O tema de 2026 conecta os 110 anos do samba \u00e0 mem\u00f3ria de Riach\u00e3o, mestre do samba baiano. &#8220;Existe uma representatividade muito forte nesse link. Eles tiveram uma sensibilidade linda de fazer essa conex\u00e3o&#8221;, celebra Juliana Ribeiro. O Desfile dos Palha\u00e7os do Rio Vermelho se consolida como uma das manifesta\u00e7\u00f5es culturais mais aut\u00eanticas do ver\u00e3o de Salvador, transformando o bairro em um grande palco a c\u00e9u aberto de celebra\u00e7\u00e3o popular, intergeracional e multilinguagem.<\/p>\r\n\r\n\r\n\r\n<p><strong>SERVI\u00c7O<\/strong>: Evento: Desfile dos Palha\u00e7os do Rio Vermelho 2026 Data: 31 de janeiro de 2026 (sexta-feira) Hor\u00e1rio: A partir das 14h Local: Rio Vermelho &#8211; Salvador\/BA Concentra\u00e7\u00e3o: Rua da Paci\u00eancia Encerramento: Rua Fonte do Boi Entrada: Gratuita Classifica\u00e7\u00e3o: Livre Mais informa\u00e7\u00f5es: Assessoria de Imprensa &#8211; Doris Pinheiro Tel: (71) 98896-5016<\/p>","excerpt":"","slug":"desfile-dos-palhacos-do-rio-vermelho-2026","image":{"url":"https:\/\/boracultura.com.br\/wp-content\/uploads\/2026\/01\/Juliana-Ribeiro-fotoMariana-de-Paula-2.jpg","id":983,"extension":"jpg","width":2013,"height":1335,"filesize":864471,"sizes":{"medium":{"width":300,"height":199,"mime-type":"image\/jpeg","filesize":41549,"url":"https:\/\/boracultura.com.br\/wp-content\/uploads\/2026\/01\/Juliana-Ribeiro-fotoMariana-de-Paula-2-300x199.jpg"},"large":{"width":1024,"height":679,"mime-type":"image\/jpeg","filesize":135496,"url":"https:\/\/boracultura.com.br\/wp-content\/uploads\/2026\/01\/Juliana-Ribeiro-fotoMariana-de-Paula-2-1024x679.jpg"},"thumbnail":{"width":150,"height":150,"mime-type":"image\/jpeg","filesize":35945,"url":"https:\/\/boracultura.com.br\/wp-content\/uploads\/2026\/01\/Juliana-Ribeiro-fotoMariana-de-Paula-2-150x150.jpg"},"medium_large":{"width":768,"height":509,"mime-type":"image\/jpeg","filesize":90669,"url":"https:\/\/boracultura.com.br\/wp-content\/uploads\/2026\/01\/Juliana-Ribeiro-fotoMariana-de-Paula-2-768x509.jpg"},"1536x1536":{"width":1536,"height":1019,"mime-type":"image\/jpeg","filesize":265804,"url":"https:\/\/boracultura.com.br\/wp-content\/uploads\/2026\/01\/Juliana-Ribeiro-fotoMariana-de-Paula-2-1536x1019.jpg"},"colormag-highlighted-post":{"width":392,"height":272,"mime-type":"image\/jpeg","filesize":48829,"url":"https:\/\/boracultura.com.br\/wp-content\/uploads\/2026\/01\/Juliana-Ribeiro-fotoMariana-de-Paula-2-392x272.jpg"},"colormag-featured-post-medium":{"width":390,"height":205,"mime-type":"image\/jpeg","filesize":44853,"url":"https:\/\/boracultura.com.br\/wp-content\/uploads\/2026\/01\/Juliana-Ribeiro-fotoMariana-de-Paula-2-390x205.jpg"},"colormag-featured-post-small":{"width":130,"height":90,"mime-type":"image\/jpeg","filesize":33543,"url":"https:\/\/boracultura.com.br\/wp-content\/uploads\/2026\/01\/Juliana-Ribeiro-fotoMariana-de-Paula-2-130x90.jpg"},"colormag-featured-image":{"width":800,"height":445,"mime-type":"image\/jpeg","filesize":86532,"url":"https:\/\/boracultura.com.br\/wp-content\/uploads\/2026\/01\/Juliana-Ribeiro-fotoMariana-de-Paula-2-800x445.jpg"},"colormag-default-news":{"width":150,"height":150,"mime-type":"image\/jpeg","filesize":35945,"url":"https:\/\/boracultura.com.br\/wp-content\/uploads\/2026\/01\/Juliana-Ribeiro-fotoMariana-de-Paula-2-150x150.jpg"},"colormag-featured-image-large":{"width":1400,"height":600,"mime-type":"image\/jpeg","filesize":162269,"url":"https:\/\/boracultura.com.br\/wp-content\/uploads\/2026\/01\/Juliana-Ribeiro-fotoMariana-de-Paula-2-1400x600.jpg"},"colormag-elementor-block-extra-large-thumbnail":{"width":1155,"height":480,"mime-type":"image\/jpeg","filesize":118379,"url":"https:\/\/boracultura.com.br\/wp-content\/uploads\/2026\/01\/Juliana-Ribeiro-fotoMariana-de-Paula-2-1155x480.jpg"},"colormag-elementor-grid-large-thumbnail":{"width":600,"height":417,"mime-type":"image\/jpeg","filesize":70691,"url":"https:\/\/boracultura.com.br\/wp-content\/uploads\/2026\/01\/Juliana-Ribeiro-fotoMariana-de-Paula-2-600x417.jpg"},"colormag-elementor-grid-small-thumbnail":{"width":285,"height":450,"mime-type":"image\/jpeg","filesize":57597,"url":"https:\/\/boracultura.com.br\/wp-content\/uploads\/2026\/01\/Juliana-Ribeiro-fotoMariana-de-Paula-2-285x450.jpg"},"colormag-elementor-grid-medium-large-thumbnail":{"width":575,"height":198,"mime-type":"image\/jpeg","filesize":50745,"url":"https:\/\/boracultura.com.br\/wp-content\/uploads\/2026\/01\/Juliana-Ribeiro-fotoMariana-de-Paula-2-575x198.jpg"}}},"all_day":false,"start_date":"2026-01-31 14:00:00","start_date_details":{"year":"2026","month":"01","day":"31","hour":"14","minutes":"00","seconds":"00"},"end_date":"2026-01-31 14:00:00","end_date_details":{"year":"2026","month":"01","day":"31","hour":"14","minutes":"00","seconds":"00"},"utc_start_date":"2026-01-31 17:00:00","utc_start_date_details":{"year":"2026","month":"01","day":"31","hour":"17","minutes":"00","seconds":"00"},"utc_end_date":"2026-01-31 17:00:00","utc_end_date_details":{"year":"2026","month":"01","day":"31","hour":"17","minutes":"00","seconds":"00"},"timezone":"America\/Sao_Paulo","timezone_abbr":"-03","cost":"","cost_details":{"currency_symbol":"R$","currency_code":"BRL","currency_position":"prefix","values":[]},"website":"","show_map":true,"show_map_link":true,"hide_from_listings":false,"sticky":false,"featured":false,"categories":[{"name":"Eventos","slug":"eventos","term_group":0,"term_taxonomy_id":152,"taxonomy":"tribe_events_cat","description":"","parent":0,"count":15,"filter":"raw","id":152,"urls":{"self":"https:\/\/boracultura.com.br\/index.php\/wp-json\/tribe\/events\/v1\/categories\/152","collection":"https:\/\/boracultura.com.br\/index.php\/wp-json\/tribe\/events\/v1\/categories"}},{"name":"Festa Popular","slug":"festa-popular","term_group":0,"term_taxonomy_id":104,"taxonomy":"tribe_events_cat","description":"","parent":0,"count":8,"filter":"raw","id":104,"urls":{"self":"https:\/\/boracultura.com.br\/index.php\/wp-json\/tribe\/events\/v1\/categories\/104","collection":"https:\/\/boracultura.com.br\/index.php\/wp-json\/tribe\/events\/v1\/categories"}}],"tags":[],"venue":{"id":981,"author":"1","status":"publish","date":"2026-01-26 17:24:51","date_utc":"2026-01-26 20:24:51","modified":"2026-01-26 17:24:51","modified_utc":"2026-01-26 20:24:51","url":"https:\/\/boracultura.com.br\/index.php\/local\/rio-vermelho\/","venue":"Rio Vermelho","slug":"rio-vermelho","address":"Bairro Rio Vermelho","city":"Salvador","country":"Brazil","province":"Bahia","stateprovince":"Bahia","json_ld":{"@type":"Place","name":"Rio Vermelho","description":"","url":"","address":{"@type":"PostalAddress","streetAddress":"Bairro Rio Vermelho","addressLocality":"Salvador","addressRegion":"Bahia","addressCountry":"Brazil"},"telephone":"","sameAs":""},"show_map":true,"show_map_link":true,"global_id":"boracultura.com.br?id=981","global_id_lineage":["boracultura.com.br?id=981"]},"organizer":[],"custom_fields":[],"json_ld":{"@context":"http:\/\/schema.org","@type":"Event","name":"Desfile dos Palha\u00e7os do Rio Vermelho 2026","description":"&lt;p&gt;Cantora e compositora assume como rainha do tradicional desfile que homenageia Riach\u00e3o e celebra o samba brasileiro Juliana Ribeiro, cantora,&lt;\/p&gt;\\n","image":"https:\/\/boracultura.com.br\/wp-content\/uploads\/2026\/01\/Juliana-Ribeiro-fotoMariana-de-Paula-2.jpg","url":"https:\/\/boracultura.com.br\/index.php\/evento\/desfile-dos-palhacos-do-rio-vermelho-2026\/","eventAttendanceMode":"https:\/\/schema.org\/OfflineEventAttendanceMode","eventStatus":"https:\/\/schema.org\/EventScheduled","startDate":"2026-01-31T14:00:00-03:00","endDate":"2026-01-31T14:00:00-03:00","location":{"@type":"Place","name":"Rio Vermelho","description":"","url":"","address":{"@type":"PostalAddress","streetAddress":"Bairro Rio Vermelho","addressLocality":"Salvador","addressRegion":"Bahia","addressCountry":"Brazil"},"telephone":"","sameAs":""},"performer":"Organization"}}