{"id":1039,"date":"2026-01-30T13:24:04","date_gmt":"2026-01-30T16:24:04","guid":{"rendered":"https:\/\/boracultura.com.br\/?p=1039"},"modified":"2026-02-25T23:27:08","modified_gmt":"2026-02-26T02:27:08","slug":"casa-preta-espaco-de-cultura-lanca-projeto-elos-e-elas-com-festa-de-pre-carnaval-no-bairro-2-de-julho-em-salvador","status":"publish","type":"post","link":"https:\/\/boracultura.com.br\/index.php\/2026\/01\/30\/casa-preta-espaco-de-cultura-lanca-projeto-elos-e-elas-com-festa-de-pre-carnaval-no-bairro-2-de-julho-em-salvador\/","title":{"rendered":"Casa Preta Espa\u00e7o de Cultura lan\u00e7a projeto Elos e El\u00e3s com festa de pr\u00e9-carnaval no bairro 2 de Julho em Salvador"},"content":{"rendered":"\n<p><strong>Contemplado pelo&nbsp;<\/strong><strong>Programa Funarte de Apoio a A\u00e7\u00f5es Continuadas 2025<\/strong><strong>, a programa\u00e7\u00e3o re\u00fane uma s\u00e9rie de oficinas, debates, pautas gratuitas subsidiadas, media\u00e7\u00e3o cultural, eventos calendarizados, espet\u00e1culos e a\u00e7\u00f5es em diversas linguagens com acessibilidade para pessoas com defici\u00eancia&nbsp;<\/strong><\/p>\n\n\n\n<figure class=\"wp-block-image aligncenter size-large is-resized\"><img fetchpriority=\"high\" decoding=\"async\" width=\"819\" height=\"1024\" src=\"https:\/\/boracultura.com.br\/wp-content\/uploads\/2026\/01\/Card-Projeto-Elos-e-Elas-Pre-carnaval-dos-Artistas-2026-819x1024.jpeg\" alt=\"\" class=\"wp-image-1041\" style=\"aspect-ratio:0.7998045486851457;width:428px;height:auto\" srcset=\"https:\/\/boracultura.com.br\/wp-content\/uploads\/2026\/01\/Card-Projeto-Elos-e-Elas-Pre-carnaval-dos-Artistas-2026-819x1024.jpeg 819w, https:\/\/boracultura.com.br\/wp-content\/uploads\/2026\/01\/Card-Projeto-Elos-e-Elas-Pre-carnaval-dos-Artistas-2026-240x300.jpeg 240w, https:\/\/boracultura.com.br\/wp-content\/uploads\/2026\/01\/Card-Projeto-Elos-e-Elas-Pre-carnaval-dos-Artistas-2026-768x960.jpeg 768w, https:\/\/boracultura.com.br\/wp-content\/uploads\/2026\/01\/Card-Projeto-Elos-e-Elas-Pre-carnaval-dos-Artistas-2026.jpeg 1080w\" sizes=\"(max-width: 819px) 100vw, 819px\" \/><\/figure>\n\n\n\n<p>O projeto Elos e El\u00e3s estreia oficialmente sua programa\u00e7\u00e3o com a 3\u00aa edi\u00e7\u00e3o do &#8220;EVO\u00c9 &#8211; Pr\u00e9-Carnaval dos Artistas&#8221;, no dia 07\/02, \u00e0s 19h, na Casa Preta Espa\u00e7o de Cultura (R. Areal de Cima, 07 &#8211; Dois de Julho). O evento ser\u00e1 uma verdadeira festa da diversidade, com abertura do grupo de percuss\u00e3o transg\u00eanero Transbatukada (formado por homens trans) com a reg\u00eancia do m\u00fasico Antenor Cardoso e as participa\u00e7\u00f5es da cantora ManuElla, do ator Rui Manthur e do compositor e m\u00fasico Joker Guiguio.&nbsp;<\/p>\n\n\n\n<p>A Casa Preta recebe ainda artistas transformistas, numa&nbsp; homenagem especial a cantoras da Ax\u00e9 Music, como a drag queen Barb\u00e1rie Bundi \u2013 do ator e diretor Thiago Romero &#8211; interpretando Daniela Mercury e Mariene de Castro; Bia Mathieu celebrando Carla Cristina e Alinne Rosa; e Angelina Meels homenageando Ivete Sangalo. E nesse clima de carnaval, em alto astral e em grande estilo, a presen\u00e7a especial do Microtrio, sob a batuta do m\u00fasico e compositor Ivan Huol. Os ingressos j\u00e1 est\u00e3o dispon\u00edveis no Sympla, neste link:&nbsp;<a href=\"https:\/\/bit.ly\/4tcDBl2\" target=\"_blank\" rel=\"noreferrer noopener\">https:\/\/bit.ly\/4tcDBl2<\/a>&nbsp;&nbsp; e tamb\u00e9m podem ser adquiridos na bilheteria do espa\u00e7o. Ingressos: R$20 (meia) e R$ 40 (inteira).<br>Video-convite da festa:&nbsp;<a href=\"https:\/\/bit.ly\/45FjqSy\" target=\"_blank\" rel=\"noreferrer noopener\">https:\/\/bit.ly\/45FjqSy<\/a>&nbsp;<\/p>\n\n\n\n<p>Sob a coordena\u00e7\u00e3o geral dos artistas Gordo Neto e Caio Rodrigo, o projeto Elos e El\u00e3s (de dinamiza\u00e7\u00e3o da programa\u00e7\u00e3o do Casa Preta Espa\u00e7o de Cultura) promover\u00e1 durante todo o ano de 2026 a\u00e7\u00f5es e conte\u00fados tem\u00e1ticos que englobam atividades formativas em diversas \u00e1reas, convocat\u00f3rias de pautas gratuitas subsidiadas para a comunidade art\u00edstica da Bahia,&nbsp; apresenta\u00e7\u00e3o de espet\u00e1culos de grupos residentes, debates e eventos calendarizados; s\u00e3o eles: &#8220;Evo\u00e9 &#8211; Pr\u00e9-Carnaval dos Artistas&#8221;, do &#8220;Arrai\u00e1 da Areal&#8221; (no S\u00e3o Jo\u00e3o) e de &#8220;Nos 4 cantos da Casa&#8221;, em que artistas ocupam todos os espa\u00e7os da Casa, do quintal ao terra\u00e7o, com performances e trabalhos das mais variadas linguagens, temas e est\u00e9ticas. Nesse sentido, prop\u00f5e uma extensa programa\u00e7\u00e3o anual, que se baseia em pilares como cria\u00e7\u00e3o, frui\u00e7\u00e3o, forma\u00e7\u00e3o e interc\u00e2mbio.&nbsp;<\/p>\n\n\n\n<p><strong>Oficina de Gest\u00e3o e Coordena\u00e7\u00e3o T\u00e9cnica gratuita&nbsp;<\/strong><\/p>\n\n\n\n<p>Nesse intenso calend\u00e1rio, o projeto Elos e El\u00e3s abre inscri\u00e7\u00f5es para a sua primeira atividade formativa: a oficina gratuita de Gest\u00e3o e Coordena\u00e7\u00e3o T\u00e9cnica, sob a orienta\u00e7\u00e3o de Mois\u00e9s Vict\u00f3rio. Os encontros, que acontecem de 23 a 26\/02, sempre das 8h \u00e0s 13h, prop\u00f5e entender e discutir a gama de responsabilidades que abrange essa \u00e1rea, desde a concep\u00e7\u00e3o e planejamento at\u00e9 a coordena\u00e7\u00e3o log\u00edstica e operacional no dia da realiza\u00e7\u00e3o. Ressaltando que a gest\u00e3o e coordena\u00e7\u00e3o t\u00e9cnica de eventos e equipamentos culturais desempenha um papel crucial na realiza\u00e7\u00e3o de diversos tipos de atividades, como feiras, confer\u00eancias, shows, espet\u00e1culos e festivais.&nbsp;<\/p>\n\n\n\n<p>A oficina \u00e9 destinada a pessoas a partir de 15 anos de idade, interessadas no universo da produ\u00e7\u00e3o cultural, mercado art\u00edstico e t\u00e9cnica das artes, possuindo experi\u00eancia ou n\u00e3o nesse setor. Local:na Casa Preta Espa\u00e7o de Cultura (R. Areal de Cima, 07 &#8211; Dois de Julho). Inscri\u00e7\u00f5es atrav\u00e9s do formul\u00e1rio eletr\u00f4nico:&nbsp;<a href=\"https:\/\/bit.ly\/4k7m0GV\" target=\"_blank\" rel=\"noreferrer noopener\">https:\/\/bit.ly\/4k7m0GV<\/a>&nbsp;<\/p>\n\n\n\n<p><strong>+ SOBRE MOIS\u00c9S VICT\u00d3RIO<\/strong><\/p>\n\n\n\n<p>Artista interdisciplinar e gestor cultural. Em vinte anos de atua\u00e7\u00e3o na \u00e1rea art\u00edstica, vem desenvolvendo projetos ligados \u00e0 produ\u00e7\u00e3o e difus\u00e3o da m\u00fasica contempor\u00e2nea e experimental, concep\u00e7\u00e3o de ilumina\u00e7\u00e3o e outras visualidades para espet\u00e1culos c\u00eanicos e shows musicais, al\u00e9m de participa\u00e7\u00f5es em produ\u00e7\u00f5es audiovisuais. P\u00f3s graduado em gest\u00e3o da cultura, \u00e9 oriundo do bacharelado interdisciplinar em artes com \u00eanfase em tecnologias contempor\u00e2neas (UFBA), onde iniciou sua trajet\u00f3ria como pesquisador no campo da arte e tecnologia.<\/p>\n\n\n\n<p>Atualmente trabalha na Organiza\u00e7\u00e3o dos Estados Ibero-Americanos (OEI Brasil) atuando na gest\u00e3o do Centro de Interpreta\u00e7\u00e3o do Patrim\u00f4nio de Salvador, que inclui o Arquivo P\u00fablico de Salvador, a Casa das Hist\u00f3rias de Salvador e a Galeria Mercado Modelo, co-realiza a Revista LABCENAS e \u00e9 s\u00f3cio-fundador da Bogum Ambiente Criativo.<\/p>\n\n\n\n<p><strong>Inscri\u00e7\u00f5es abertas para pauta gratuita subsidiada<\/strong>&nbsp;<\/p>\n\n\n\n<p>O Projeto Elos e El\u00e3s, realizado por meio do Programa Funarte de Apoio a A\u00e7\u00f5es Continuadas 2025, est\u00e1 com inscri\u00e7\u00f5es abertas para ocupa\u00e7\u00e3o de pautas (gratuitas e subsidiadas), para o m\u00eas de mar\u00e7o, na Casa Preta Espa\u00e7o de Cultura. Com a tem\u00e1tica Teatro e Circo, as propostas ser\u00e3o recebidas exclusivamente por meio deste formul\u00e1rio (<a href=\"https:\/\/bit.ly\/3NEvjSG\" target=\"_blank\" rel=\"noreferrer noopener\">https:\/\/bit.ly\/3NEvjSG<\/a>&nbsp;) de solicita\u00e7\u00e3o de pauta e a sua sele\u00e7\u00e3o ser\u00e1 feita pelo N\u00facleo Gestor da Casa Preta. As propostas selecionadas ter\u00e3o isen\u00e7\u00e3o do pagamento da pauta e a&nbsp; bilheteria arrecadada ser\u00e1 revertida integralmente para o artista ou grupo.&nbsp;<\/p>\n\n\n\n<p>Os trabalhos selecionados para este m\u00eas ser\u00e3o exclusivamente das linguagens do teatro e do circo e poder\u00e3o pleitear no m\u00ednimo 1 (uma) apresenta\u00e7\u00e3o e no m\u00e1ximo 4(quatro), entre os dias 19 e 22\/03\/2026. Desejando fazer mais de 4 apresenta\u00e7\u00f5es, \u00e9 poss\u00edvel sinalizar no formul\u00e1rio e, caso o espa\u00e7o tenha disponibilidade, informar\u00e1 ao selecionado as condi\u00e7\u00f5es das pautas para al\u00e9m das subsidiadas. Mais informa\u00e7\u00f5es no instagram @casapretaespacodecultura ou no site&nbsp;<a href=\"https:\/\/casapreta.art.br\/\" target=\"_blank\" rel=\"noreferrer noopener\">https:\/\/casapreta.art.br\/<\/a>&nbsp;&nbsp;<\/p>\n\n\n\n<p>O projeto Elos e El\u00e3s &#8211; Cria\u00e7\u00e3o, Frui\u00e7\u00e3o, Forma\u00e7\u00e3o e Interc\u00e2mbio na Casa Preta tem o apoio da Funarte, Minist\u00e9rio da Cultura, Governo Federal, atrav\u00e9s do&nbsp; Programa Funarte de Apoio a A\u00e7\u00f5es Continuadas 2025.&nbsp;<\/p>\n\n\n\n<p><strong>+ SOBRE A CASA PRETA ESPA\u00c7O DE CULTURA<\/strong><\/p>\n\n\n\n<p>A Casa Preta Espa\u00e7o de Cultura \u00e9 um casar\u00e3o de quatro pavimentos, da d\u00e9cada de 1920, assim denominado pela vizinhan\u00e7a em raz\u00e3o de sua fachada, escurecida ao longo dos anos. Impregnada de hist\u00f3ria nas madeiras, paredes largas e janelas que marcam sua arquitetura, possui um jardim tranquilo ao fundo e vista, do seu terra\u00e7o, para o Museu de Arte Sacra e a Ba\u00eda de Todos os Santos.&nbsp;<\/p>\n\n\n\n<p>A Casa se consolidou como um espa\u00e7o cultural alternativo no centro de Salvador, em atividade desde 2009. O espa\u00e7o chegou a realizar cerca de 200 atividades por ano, entre apresenta\u00e7\u00f5es musicais, teatro, dan\u00e7a, semin\u00e1rios, debates e oficinas.&nbsp;<\/p>\n\n\n\n<p>Os ambientes da Casa permitem m\u00faltiplos usos e propiciam o interc\u00e2mbio para atrair p\u00fablicos diversos. A sua programa\u00e7\u00e3o \u00e9 constitu\u00edda de projetos pr\u00f3prios ou externos com forte presen\u00e7a de eventos voltados para o p\u00fablico LGBTQIAPN+, feminino e negro. A Casa Preta abriga dois Grupos Residentes (Teatro Terceira Margem e Cia de Teatro da Casa); um acervo de objetos cenogr\u00e1ficos (\u00c9 tudo Cen\u00e1rio, de Luis Parras); um atelier de cenografia Atelier Maur\u00edcio Pedrosa); al\u00e9m de realizar eventos &#8220;calendarizados&#8221; (Arrai\u00e1 da Areal, Evo\u00e9 &#8211; Pr\u00e9 Carnaval dos Artistas, e Nos 4 cantos da Casa). \u00c9 um espa\u00e7o aberto a todas as linguagens art\u00edsticas.<\/p>\n\n\n\n<p><strong>O projeto Elos e El\u00e3s \u00e9&#8230;&nbsp;<\/strong><\/p>\n\n\n\n<p>Gordo Neto &#8211; Coordena\u00e7\u00e3o Geral &#8211; N\u00facleo Gestor<\/p>\n\n\n\n<p>Caio Rodrigo Chaves &#8211; Coordena\u00e7\u00e3o Art\u00edstica (Teatro) &#8211; N\u00facleo Gestor<\/p>\n\n\n\n<p>Ivo Oliveira Concei\u00e7\u00e3o &#8211; Coordena\u00e7\u00e3o T\u00e9cnica &#8211; N\u00facleo Gestor<\/p>\n\n\n\n<p>Ramona Gay\u00e3o &#8211; Coordena\u00e7\u00e3o de Produ\u00e7\u00e3o &#8211; N\u00facleo Gestor<\/p>\n\n\n\n<p>Jarbas Bittencourt da Virgens &#8211; Coordena\u00e7\u00e3o de M\u00fasica &#8211; N\u00facleo Gestor<\/p>\n\n\n\n<p>Luis Parras &#8211; Coordena\u00e7\u00e3o de Artes Visuais &#8211; N\u00facleo Gestor<\/p>\n\n\n\n<p>Micheline Reis Nascimento (Micha) &#8211; Coordena\u00e7\u00e3o do Espa\u00e7o (gerente) &#8211; N\u00facleo Gestor<\/p>\n\n\n\n<p>P\u00e2mela Paranhos &#8211; Coordena\u00e7\u00e3o de Comunica\u00e7\u00e3o\/Gest\u00e3o de M\u00eddias Sociais &#8211; N\u00facleo Gestor<\/p>\n\n\n\n<p>Assessoria de Imprensa: Arlon Souza&nbsp;<\/p>\n\n\n\n<p>Designer: Ca\u00edque Chaves<\/p>\n\n\n\n<p>Realiza\u00e7\u00e3o: Programa Funarte de Apoio a A\u00e7\u00f5es Continuadas, Funda\u00e7\u00e3o Nacional de Artes, Minist\u00e9rio da Cultura do Governo do Brasil.<\/p>\n\n\n\n<p><\/p>\n","protected":false},"excerpt":{"rendered":"<p>Contemplado pelo&nbsp;Programa Funarte de Apoio a A\u00e7\u00f5es Continuadas 2025, a programa\u00e7\u00e3o re\u00fane uma s\u00e9rie de oficinas, debates, pautas gratuitas subsidiadas,<\/p>\n","protected":false},"author":1,"featured_media":1040,"comment_status":"open","ping_status":"open","sticky":false,"template":"","format":"standard","meta":{"colormag_page_container_layout":"default_layout","colormag_page_sidebar_layout":"default_layout","footnotes":""},"categories":[83,8],"tags":[82,100,102,89],"class_list":["post-1039","post","type-post","status-publish","format-standard","has-post-thumbnail","hentry","category-carnaval-2","category-noticias","tag-carnaval","tag-carnaval-2026","tag-pre-carnaval","tag-salvador"],"rttpg_featured_image_url":{"full":["https:\/\/boracultura.com.br\/wp-content\/uploads\/2026\/01\/Grupo-de-percussao-Transbatukada-na-Casa-Preta_foto-de-Diney-Aarujo-1-scaled.jpg",2560,1707,false],"landscape":["https:\/\/boracultura.com.br\/wp-content\/uploads\/2026\/01\/Grupo-de-percussao-Transbatukada-na-Casa-Preta_foto-de-Diney-Aarujo-1-scaled.jpg",2560,1707,false],"portraits":["https:\/\/boracultura.com.br\/wp-content\/uploads\/2026\/01\/Grupo-de-percussao-Transbatukada-na-Casa-Preta_foto-de-Diney-Aarujo-1-scaled.jpg",2560,1707,false],"thumbnail":["https:\/\/boracultura.com.br\/wp-content\/uploads\/2026\/01\/Grupo-de-percussao-Transbatukada-na-Casa-Preta_foto-de-Diney-Aarujo-1-150x150.jpg",150,150,true],"medium":["https:\/\/boracultura.com.br\/wp-content\/uploads\/2026\/01\/Grupo-de-percussao-Transbatukada-na-Casa-Preta_foto-de-Diney-Aarujo-1-300x200.jpg",300,200,true],"large":["https:\/\/boracultura.com.br\/wp-content\/uploads\/2026\/01\/Grupo-de-percussao-Transbatukada-na-Casa-Preta_foto-de-Diney-Aarujo-1-1024x683.jpg",800,534,true],"1536x1536":["https:\/\/boracultura.com.br\/wp-content\/uploads\/2026\/01\/Grupo-de-percussao-Transbatukada-na-Casa-Preta_foto-de-Diney-Aarujo-1-1536x1024.jpg",1536,1024,true],"2048x2048":["https:\/\/boracultura.com.br\/wp-content\/uploads\/2026\/01\/Grupo-de-percussao-Transbatukada-na-Casa-Preta_foto-de-Diney-Aarujo-1-2048x1366.jpg",2048,1366,true],"colormag-highlighted-post":["https:\/\/boracultura.com.br\/wp-content\/uploads\/2026\/01\/Grupo-de-percussao-Transbatukada-na-Casa-Preta_foto-de-Diney-Aarujo-1-392x272.jpg",392,272,true],"colormag-featured-post-medium":["https:\/\/boracultura.com.br\/wp-content\/uploads\/2026\/01\/Grupo-de-percussao-Transbatukada-na-Casa-Preta_foto-de-Diney-Aarujo-1-390x205.jpg",390,205,true],"colormag-featured-post-small":["https:\/\/boracultura.com.br\/wp-content\/uploads\/2026\/01\/Grupo-de-percussao-Transbatukada-na-Casa-Preta_foto-de-Diney-Aarujo-1-130x90.jpg",130,90,true],"colormag-featured-image":["https:\/\/boracultura.com.br\/wp-content\/uploads\/2026\/01\/Grupo-de-percussao-Transbatukada-na-Casa-Preta_foto-de-Diney-Aarujo-1-800x445.jpg",800,445,true],"colormag-default-news":["https:\/\/boracultura.com.br\/wp-content\/uploads\/2026\/01\/Grupo-de-percussao-Transbatukada-na-Casa-Preta_foto-de-Diney-Aarujo-1-150x150.jpg",150,150,true],"colormag-featured-image-large":["https:\/\/boracultura.com.br\/wp-content\/uploads\/2026\/01\/Grupo-de-percussao-Transbatukada-na-Casa-Preta_foto-de-Diney-Aarujo-1-1400x600.jpg",1400,600,true],"colormag-elementor-block-extra-large-thumbnail":["https:\/\/boracultura.com.br\/wp-content\/uploads\/2026\/01\/Grupo-de-percussao-Transbatukada-na-Casa-Preta_foto-de-Diney-Aarujo-1-1155x480.jpg",1155,480,true],"colormag-elementor-grid-large-thumbnail":["https:\/\/boracultura.com.br\/wp-content\/uploads\/2026\/01\/Grupo-de-percussao-Transbatukada-na-Casa-Preta_foto-de-Diney-Aarujo-1-600x417.jpg",600,417,true],"colormag-elementor-grid-small-thumbnail":["https:\/\/boracultura.com.br\/wp-content\/uploads\/2026\/01\/Grupo-de-percussao-Transbatukada-na-Casa-Preta_foto-de-Diney-Aarujo-1-285x450.jpg",285,450,true],"colormag-elementor-grid-medium-large-thumbnail":["https:\/\/boracultura.com.br\/wp-content\/uploads\/2026\/01\/Grupo-de-percussao-Transbatukada-na-Casa-Preta_foto-de-Diney-Aarujo-1-575x198.jpg",575,198,true],"psacp-medium":["https:\/\/boracultura.com.br\/wp-content\/uploads\/2026\/01\/Grupo-de-percussao-Transbatukada-na-Casa-Preta_foto-de-Diney-Aarujo-1-scaled.jpg",500,333,false]},"rttpg_author":{"display_name":"boracultura@gmail.com","author_link":"https:\/\/boracultura.com.br\/index.php\/author\/boraculturagmail-com\/"},"rttpg_comment":0,"rttpg_category":"<a href=\"https:\/\/boracultura.com.br\/index.php\/category\/carnaval-2\/\" rel=\"category tag\">Carnaval<\/a> <a href=\"https:\/\/boracultura.com.br\/index.php\/category\/noticias\/\" rel=\"category tag\">Not\u00edcias<\/a>","rttpg_excerpt":"Contemplado pelo&nbsp;Programa Funarte de Apoio a A\u00e7\u00f5es Continuadas 2025, a programa\u00e7\u00e3o re\u00fane uma s\u00e9rie de oficinas, debates, pautas gratuitas subsidiadas,","_links":{"self":[{"href":"https:\/\/boracultura.com.br\/index.php\/wp-json\/wp\/v2\/posts\/1039","targetHints":{"allow":["GET"]}}],"collection":[{"href":"https:\/\/boracultura.com.br\/index.php\/wp-json\/wp\/v2\/posts"}],"about":[{"href":"https:\/\/boracultura.com.br\/index.php\/wp-json\/wp\/v2\/types\/post"}],"author":[{"embeddable":true,"href":"https:\/\/boracultura.com.br\/index.php\/wp-json\/wp\/v2\/users\/1"}],"replies":[{"embeddable":true,"href":"https:\/\/boracultura.com.br\/index.php\/wp-json\/wp\/v2\/comments?post=1039"}],"version-history":[{"count":3,"href":"https:\/\/boracultura.com.br\/index.php\/wp-json\/wp\/v2\/posts\/1039\/revisions"}],"predecessor-version":[{"id":1044,"href":"https:\/\/boracultura.com.br\/index.php\/wp-json\/wp\/v2\/posts\/1039\/revisions\/1044"}],"wp:featuredmedia":[{"embeddable":true,"href":"https:\/\/boracultura.com.br\/index.php\/wp-json\/wp\/v2\/media\/1040"}],"wp:attachment":[{"href":"https:\/\/boracultura.com.br\/index.php\/wp-json\/wp\/v2\/media?parent=1039"}],"wp:term":[{"taxonomy":"category","embeddable":true,"href":"https:\/\/boracultura.com.br\/index.php\/wp-json\/wp\/v2\/categories?post=1039"},{"taxonomy":"post_tag","embeddable":true,"href":"https:\/\/boracultura.com.br\/index.php\/wp-json\/wp\/v2\/tags?post=1039"}],"curies":[{"name":"wp","href":"https:\/\/api.w.org\/{rel}","templated":true}]}}