{"id":1046,"date":"2026-01-30T13:33:47","date_gmt":"2026-01-30T16:33:47","guid":{"rendered":"https:\/\/boracultura.com.br\/?p=1046"},"modified":"2026-02-25T23:27:00","modified_gmt":"2026-02-26T02:27:00","slug":"gratuito-circuito-de-reggae-agita-o-carnaval-de-salvador-com-shows-especiais-de-duda-diamba-confira-as-datas","status":"publish","type":"post","link":"https:\/\/boracultura.com.br\/index.php\/2026\/01\/30\/gratuito-circuito-de-reggae-agita-o-carnaval-de-salvador-com-shows-especiais-de-duda-diamba-confira-as-datas\/","title":{"rendered":"Gratuito! Circuito de &#8216;reggae&#8217; agita o Carnaval de Salvador com shows especiais de Duda Diamba; confira as datas"},"content":{"rendered":"\n<p><em>O cantor assina um repert\u00f3rio de cl\u00e1ssicos da m\u00fasica baiana em vers\u00f5es reggae, como Beija-Flor e Vem Meu Amor, no groove que marca quase tr\u00eas d\u00e9cadas de sucesso art\u00edstico.&nbsp;<\/em><\/p>\n\n\n\n<p>O&nbsp;<em>reggae&nbsp;<\/em>toma conta das&nbsp;<strong>ruas de Salvador&nbsp;<\/strong>neste<strong>&nbsp;m\u00eas de fevereiro<\/strong>, transformando a folia em atmosfera caribenha. Entre os dias&nbsp;<strong>14 e 15, s\u00e1bado e domingo<\/strong>, o cantor&nbsp;<strong>Duda Diamba&nbsp;<\/strong>leva o&nbsp;<em>groove&nbsp;<\/em>das ruas direto para o Carnaval de Salvador, agitando um p\u00fablico apaixonado no&nbsp;<strong>circuito de&nbsp;<\/strong><strong><em>folia&nbsp;<\/em><\/strong><strong>da capital<\/strong>.&nbsp;<\/p>\n\n\n\n<p>Refer\u00eancia para o&nbsp;<em>&#8216;reggae music<\/em>&#8216; no Brasil,&nbsp;<strong>Duda Diamba<\/strong>&nbsp;se apresenta no pr\u00f3ximo dia&nbsp;<strong>14 de fevereiro<\/strong>,&nbsp;<strong>s\u00e1bado<\/strong>, direto da&nbsp;<strong>Boca do Rio, \u00e0 partir das 22h<\/strong>. O show gratuito traz de volta \u00e0s ra\u00edzes de&nbsp;<strong>Duda&nbsp;<\/strong>nos palcos de&nbsp;<strong>Salvador<\/strong>, desta vez, com um repert\u00f3rio que promete surpreender os f\u00e3s.&nbsp;<\/p>\n\n\n\n<p>Quem desejar dobradinha pode ainda&nbsp;<strong>aproveitar o<\/strong>&nbsp;<strong>domingo de Carnaval<\/strong>,&nbsp;<strong>15<\/strong>, na&nbsp;<strong>Pra\u00e7a Tom\u00e9 de Souza<\/strong>, com vista privilegiada para a&nbsp;<strong>Ba\u00eda de Todos-Os-Santos<\/strong>. O&nbsp;<em>flow&nbsp;<\/em>vai rolar solto<strong>&nbsp;a partir das<\/strong>&nbsp;<strong>20h<\/strong>, com o artista \u00e0 frente de cl\u00e1ssicos da m\u00fasica baiana em vers\u00e3o&nbsp;<em>reggae<\/em>, como &#8216;<em>Beija-Flor<\/em>&#8216; (Timbalada), &#8216;<em>Vem Meu Amor<\/em>&#8216; (Olodum) e &#8216;<em>Selva Branca&#8217;<\/em>&nbsp;(Chiclete com Banana).&nbsp;<\/p>\n\n\n\n<p>O&nbsp;<strong>repert\u00f3rio ecl\u00e9tico de<\/strong>&nbsp;<strong>Duda&nbsp;<\/strong>chega ao lado de artistas como&nbsp;<em>Afrocidade e Rachel Reis<\/em>, que estar\u00e3o no<strong>&nbsp;<\/strong><em>Palco Multicultural<\/em><strong>&nbsp;<\/strong>da&nbsp;<strong>Pra\u00e7a Tom\u00e9 de Souza<\/strong>. Agitando a cena do reggae nacional, o cantor vem de apresenta\u00e7\u00f5es recentes na&nbsp;<strong>Ch\u00e1cara Baluarte<\/strong>&nbsp;e&nbsp;<strong>CAIXA Cultural Salvador<\/strong>, fortalecendo a sua presen\u00e7a nos palcos e entre os f\u00e3s.&nbsp;&nbsp;<\/p>\n\n\n\n<p>Conhecido por trazer os ritmos da Jamaica e do Mar Caribenho para a&nbsp;<strong>Bahia<\/strong>,&nbsp;<strong>Duda&nbsp;<\/strong>inclui seu \u00faltimo lan\u00e7amento, &#8216;<em>Salvamor&#8217; (2026)<\/em>, no repert\u00f3rio in\u00e9dito de&nbsp;<strong>Carnaval<\/strong>. J\u00e1 dispon\u00edvel no&nbsp;<em>streaming<\/em>, como&nbsp;<a href=\"https:\/\/open.spotify.com\/intl-pt\/artist\/3otiey0cwlxM9vIS7kXBjt\" target=\"_blank\" rel=\"noreferrer noopener\"><strong>Spotify<\/strong><\/a><strong>&nbsp;<\/strong>e<strong>&nbsp;<\/strong><a href=\"https:\/\/www.youtube.com\/watch?v=nIdAL3BNOGw\" target=\"_blank\" rel=\"noreferrer noopener\"><strong>Youtube<\/strong><\/a>, a faixa recebeu as influ\u00eancias do&nbsp;<em>rocksteady e ax\u00e9 music<\/em>, pulsando o &#8216;<strong>DDD 071<\/strong>&#8216; e a est\u00e9tica marcante da cidade.&nbsp;<\/p>\n\n\n\n<p>H\u00e1 tr\u00eas anos \u00e0 frente da carreira solo, com uma agenda de shows intensa no interior da Bahia,&nbsp;<strong>Duda&nbsp;<\/strong>aposta em&nbsp;<em>&#8216;Salvamor&#8217;<\/em>&nbsp;(2026) para conquistar o t\u00edtulo de&nbsp;<em>&#8216;M\u00fasica do Carnaval<\/em>&#8216;, ap\u00f3s o&nbsp;<em>hit&nbsp;<\/em>ter dominado o&nbsp;<em>r\u00e9veillon&nbsp;<\/em>em&nbsp;<strong>Taipu de Fora (BA)<\/strong>.&nbsp;<\/p>\n\n\n\n<p><em>&#8220;Essa \u00e9 uma can\u00e7\u00e3o que se conecta ao ver\u00e3o e \u00e0s narrativas que enxergam a Bahia como estado de esp\u00edrito. Al\u00e9m da capital, h\u00e1 um momento na can\u00e7\u00e3o que falamos da Bahia. &#8216;T\u00e1 triste? Bahia. Sem rumo? Bahia&#8217;. Sabemos que todos os caminhos levam ao nosso maravilhoso territ\u00f3rio, em uma singela homenagem \u00e0 nossa hist\u00f3ria, cultura, m\u00fasica e ao povo&#8221;<\/em>, conclui.&nbsp;<\/p>\n\n\n\n<p><strong>SERVI\u00c7O<\/strong><\/p>\n\n\n\n<p><br><strong>[Shows de Duda Diamba no &#8216;Carnaval de Salvador&#8217;]&nbsp;<\/strong><\/p>\n\n\n\n<p><strong>Quando:<\/strong>&nbsp;dias 14 e 15 de fevereiro, s\u00e1bado e domingo;<br><strong>Onde\/Hor\u00e1rio:<\/strong>&nbsp;Pra\u00e7a Multicultural (Tom\u00e9 de Souza, Centro Hist\u00f3rico), \u00e0s 20h;<br>&nbsp; &nbsp; &nbsp; &nbsp; &nbsp; &nbsp; &nbsp; &nbsp; &nbsp; &nbsp; &nbsp; &nbsp; Boca do Rio, a partir das 22h;<br><strong>Gratuito<\/strong><\/p>\n","protected":false},"excerpt":{"rendered":"<p>O cantor assina um repert\u00f3rio de cl\u00e1ssicos da m\u00fasica baiana em vers\u00f5es reggae, como Beija-Flor e Vem Meu Amor, no<\/p>\n","protected":false},"author":1,"featured_media":1047,"comment_status":"open","ping_status":"open","sticky":false,"template":"","format":"standard","meta":{"colormag_page_container_layout":"default_layout","colormag_page_sidebar_layout":"default_layout","footnotes":""},"categories":[83,8],"tags":[82,100,103,149,216,36,215,71,214],"class_list":["post-1046","post","type-post","status-publish","format-standard","has-post-thumbnail","hentry","category-carnaval-2","category-noticias","tag-carnaval","tag-carnaval-2026","tag-carnaval-de-salvador","tag-carnaval-salvador","tag-circuito-do-reggae","tag-cultura","tag-diamba","tag-musica","tag-reggae"],"rttpg_featured_image_url":{"full":["https:\/\/boracultura.com.br\/wp-content\/uploads\/2026\/01\/SRB_Orquestra-Reggae-Cachoeira_by_Manuela-Cavadas42.JPG.jpeg",1574,1049,false],"landscape":["https:\/\/boracultura.com.br\/wp-content\/uploads\/2026\/01\/SRB_Orquestra-Reggae-Cachoeira_by_Manuela-Cavadas42.JPG.jpeg",1574,1049,false],"portraits":["https:\/\/boracultura.com.br\/wp-content\/uploads\/2026\/01\/SRB_Orquestra-Reggae-Cachoeira_by_Manuela-Cavadas42.JPG.jpeg",1574,1049,false],"thumbnail":["https:\/\/boracultura.com.br\/wp-content\/uploads\/2026\/01\/SRB_Orquestra-Reggae-Cachoeira_by_Manuela-Cavadas42.JPG-150x150.jpeg",150,150,true],"medium":["https:\/\/boracultura.com.br\/wp-content\/uploads\/2026\/01\/SRB_Orquestra-Reggae-Cachoeira_by_Manuela-Cavadas42.JPG-300x200.jpeg",300,200,true],"large":["https:\/\/boracultura.com.br\/wp-content\/uploads\/2026\/01\/SRB_Orquestra-Reggae-Cachoeira_by_Manuela-Cavadas42.JPG-1024x682.jpeg",800,533,true],"1536x1536":["https:\/\/boracultura.com.br\/wp-content\/uploads\/2026\/01\/SRB_Orquestra-Reggae-Cachoeira_by_Manuela-Cavadas42.JPG-1536x1024.jpeg",1536,1024,true],"2048x2048":["https:\/\/boracultura.com.br\/wp-content\/uploads\/2026\/01\/SRB_Orquestra-Reggae-Cachoeira_by_Manuela-Cavadas42.JPG.jpeg",1574,1049,false],"colormag-highlighted-post":["https:\/\/boracultura.com.br\/wp-content\/uploads\/2026\/01\/SRB_Orquestra-Reggae-Cachoeira_by_Manuela-Cavadas42.JPG-392x272.jpeg",392,272,true],"colormag-featured-post-medium":["https:\/\/boracultura.com.br\/wp-content\/uploads\/2026\/01\/SRB_Orquestra-Reggae-Cachoeira_by_Manuela-Cavadas42.JPG-390x205.jpeg",390,205,true],"colormag-featured-post-small":["https:\/\/boracultura.com.br\/wp-content\/uploads\/2026\/01\/SRB_Orquestra-Reggae-Cachoeira_by_Manuela-Cavadas42.JPG-130x90.jpeg",130,90,true],"colormag-featured-image":["https:\/\/boracultura.com.br\/wp-content\/uploads\/2026\/01\/SRB_Orquestra-Reggae-Cachoeira_by_Manuela-Cavadas42.JPG-800x445.jpeg",800,445,true],"colormag-default-news":["https:\/\/boracultura.com.br\/wp-content\/uploads\/2026\/01\/SRB_Orquestra-Reggae-Cachoeira_by_Manuela-Cavadas42.JPG-150x150.jpeg",150,150,true],"colormag-featured-image-large":["https:\/\/boracultura.com.br\/wp-content\/uploads\/2026\/01\/SRB_Orquestra-Reggae-Cachoeira_by_Manuela-Cavadas42.JPG-1400x600.jpeg",1400,600,true],"colormag-elementor-block-extra-large-thumbnail":["https:\/\/boracultura.com.br\/wp-content\/uploads\/2026\/01\/SRB_Orquestra-Reggae-Cachoeira_by_Manuela-Cavadas42.JPG-1155x480.jpeg",1155,480,true],"colormag-elementor-grid-large-thumbnail":["https:\/\/boracultura.com.br\/wp-content\/uploads\/2026\/01\/SRB_Orquestra-Reggae-Cachoeira_by_Manuela-Cavadas42.JPG-600x417.jpeg",600,417,true],"colormag-elementor-grid-small-thumbnail":["https:\/\/boracultura.com.br\/wp-content\/uploads\/2026\/01\/SRB_Orquestra-Reggae-Cachoeira_by_Manuela-Cavadas42.JPG-285x450.jpeg",285,450,true],"colormag-elementor-grid-medium-large-thumbnail":["https:\/\/boracultura.com.br\/wp-content\/uploads\/2026\/01\/SRB_Orquestra-Reggae-Cachoeira_by_Manuela-Cavadas42.JPG-575x198.jpeg",575,198,true],"psacp-medium":["https:\/\/boracultura.com.br\/wp-content\/uploads\/2026\/01\/SRB_Orquestra-Reggae-Cachoeira_by_Manuela-Cavadas42.JPG.jpeg",500,333,false]},"rttpg_author":{"display_name":"boracultura@gmail.com","author_link":"https:\/\/boracultura.com.br\/index.php\/author\/boraculturagmail-com\/"},"rttpg_comment":0,"rttpg_category":"<a href=\"https:\/\/boracultura.com.br\/index.php\/category\/carnaval-2\/\" rel=\"category tag\">Carnaval<\/a> <a href=\"https:\/\/boracultura.com.br\/index.php\/category\/noticias\/\" rel=\"category tag\">Not\u00edcias<\/a>","rttpg_excerpt":"O cantor assina um repert\u00f3rio de cl\u00e1ssicos da m\u00fasica baiana em vers\u00f5es reggae, como Beija-Flor e Vem Meu Amor, no","_links":{"self":[{"href":"https:\/\/boracultura.com.br\/index.php\/wp-json\/wp\/v2\/posts\/1046","targetHints":{"allow":["GET"]}}],"collection":[{"href":"https:\/\/boracultura.com.br\/index.php\/wp-json\/wp\/v2\/posts"}],"about":[{"href":"https:\/\/boracultura.com.br\/index.php\/wp-json\/wp\/v2\/types\/post"}],"author":[{"embeddable":true,"href":"https:\/\/boracultura.com.br\/index.php\/wp-json\/wp\/v2\/users\/1"}],"replies":[{"embeddable":true,"href":"https:\/\/boracultura.com.br\/index.php\/wp-json\/wp\/v2\/comments?post=1046"}],"version-history":[{"count":1,"href":"https:\/\/boracultura.com.br\/index.php\/wp-json\/wp\/v2\/posts\/1046\/revisions"}],"predecessor-version":[{"id":1048,"href":"https:\/\/boracultura.com.br\/index.php\/wp-json\/wp\/v2\/posts\/1046\/revisions\/1048"}],"wp:featuredmedia":[{"embeddable":true,"href":"https:\/\/boracultura.com.br\/index.php\/wp-json\/wp\/v2\/media\/1047"}],"wp:attachment":[{"href":"https:\/\/boracultura.com.br\/index.php\/wp-json\/wp\/v2\/media?parent=1046"}],"wp:term":[{"taxonomy":"category","embeddable":true,"href":"https:\/\/boracultura.com.br\/index.php\/wp-json\/wp\/v2\/categories?post=1046"},{"taxonomy":"post_tag","embeddable":true,"href":"https:\/\/boracultura.com.br\/index.php\/wp-json\/wp\/v2\/tags?post=1046"}],"curies":[{"name":"wp","href":"https:\/\/api.w.org\/{rel}","templated":true}]}}