{"id":1049,"date":"2026-01-30T13:36:17","date_gmt":"2026-01-30T16:36:17","guid":{"rendered":"https:\/\/boracultura.com.br\/?p=1049"},"modified":"2026-01-30T13:36:22","modified_gmt":"2026-01-30T16:36:22","slug":"tatau-lanca-avisa-a-geral-axe-romantico-que-embala-o-verao-e-traduz-um-amor-que-ainda-pulsa","status":"publish","type":"post","link":"https:\/\/boracultura.com.br\/index.php\/2026\/01\/30\/tatau-lanca-avisa-a-geral-axe-romantico-que-embala-o-verao-e-traduz-um-amor-que-ainda-pulsa\/","title":{"rendered":"Tatau lan\u00e7a \u201cAvisa a Geral\u201d, ax\u00e9 rom\u00e2ntico que embala o ver\u00e3o e traduz um amor que ainda pulsa"},"content":{"rendered":"\n<p>O ver\u00e3o de 2026 j\u00e1 tem trilha sonora e ela vem carregada de ritmo, emo\u00e7\u00e3o e identidade. Tatau acaba de lan\u00e7ar em todas as plataformas digitais (<a href=\"https:\/\/onerpm.link\/avisaageral\" target=\"_blank\" rel=\"noreferrer noopener\">https:\/\/onerpm.link\/avisaageral<\/a>) a m\u00fasica \u201cAvisa a Geral\u201d, uma composi\u00e7\u00e3o autoral que une o balan\u00e7o contagiante do ax\u00e9 a uma narrativa rom\u00e2ntica, intensa e cheia de verdade. Com uma frase incisiva e marcante (\u201cAvisa a geral que esse cora\u00e7\u00e3o tem dono\u201d), a can\u00e7\u00e3o fala de um amor desencontrado, daqueles que seguem vivos mesmo quando a vida j\u00e1 tomou outros rumos. \u00c9 uma s\u00faplica direta ao mundo: apesar de uma nova rela\u00e7\u00e3o, aquele cora\u00e7\u00e3o ainda pertence a quem ficou no passado, e a hist\u00f3ria n\u00e3o foi totalmente superada. \u201cEssa m\u00fasica nasceu de um sentimento muito verdadeiro. \u00c9 sobre amar sem conseguir desligar, mesmo quando tudo em volta j\u00e1 mudou. Eu queria que fosse dan\u00e7ante, com cara de ver\u00e3o, mas que tocasse o cora\u00e7\u00e3o de quem j\u00e1 viveu um amor assim. \u2018Avisa a Geral\u2019 \u00e9 para cantar alto, mas tamb\u00e9m para sentir\u201d, afirma Tatau.<\/p>\n\n\n\n<p>O novo trabalho chega com batida dan\u00e7ante, clima solar e energia de alta esta\u00e7\u00e3o, mas sem abrir m\u00e3o da profundidade emocional que sempre marcou a trajet\u00f3ria de Tatau como compositor e int\u00e9rprete. O resultado \u00e9 um ax\u00e9 rom\u00e2ntico, envolvente e atual, que conecta o p\u00fablico tanto pela pista quanto pela letra. O lan\u00e7amento chega em um momento especialmente produtivo e intenso na carreira do artista. Vivendo um ver\u00e3o vibrante, Tatau vem realizando seus ensaios na Casa Rosa, no Rio Vermelho, com sess\u00f5es consecutivas de ingressos esgotados, reunindo um p\u00fablico fiel e diverso, que acompanha sua hist\u00f3ria ao longo das d\u00e9cadas.<\/p>\n\n\n\n<p>Com o Carnaval se aproximando, o clima j\u00e1 \u00e9 de expectativa m\u00e1xima. Tatau retorna aos trios el\u00e9tricos no Carnaval de Salvador, \u00e0 frente do Bloco Frenesi, inclusive citado na pr\u00f3pria m\u00fasica, refor\u00e7ando sua conex\u00e3o com a folia e com a cidade onde construiu parte essencial de sua hist\u00f3ria. \u201cEsse ver\u00e3o est\u00e1 sendo muito especial. Casa Rosa lotada, energia linda do p\u00fablico, e agora essa m\u00fasica que traduz exatamente o que eu estou vivendo artisticamente. \u2018Avisa a Geral\u2019 \u00e9 emo\u00e7\u00e3o, \u00e9 movimento, \u00e9 Salvador, \u00e9 Carnaval\u201d, completa o cantor.<\/p>\n\n\n\n<p>Com a can\u00e7\u00e3o, Tatau reafirma sua for\u00e7a criativa e sua capacidade de se reinventar sem perder a ess\u00eancia. A can\u00e7\u00e3o \u00e9 mais um cap\u00edtulo de uma carreira marcada por sucessos e conex\u00e3o genu\u00edna com o p\u00fablico, agora embalada por um amor que ainda ecoa, mesmo em meio \u00e0 multid\u00e3o.<\/p>\n","protected":false},"excerpt":{"rendered":"<p>O ver\u00e3o de 2026 j\u00e1 tem trilha sonora e ela vem carregada de ritmo, emo\u00e7\u00e3o e identidade. Tatau acaba de<\/p>\n","protected":false},"author":1,"featured_media":1050,"comment_status":"open","ping_status":"open","sticky":false,"template":"","format":"standard","meta":{"colormag_page_container_layout":"default_layout","colormag_page_sidebar_layout":"default_layout","footnotes":""},"categories":[45,8],"tags":[36,71,89],"class_list":["post-1049","post","type-post","status-publish","format-standard","has-post-thumbnail","hentry","category-musica","category-noticias","tag-cultura","tag-musica","tag-salvador"],"rttpg_featured_image_url":{"full":["https:\/\/boracultura.com.br\/wp-content\/uploads\/2026\/01\/Tatau_Show1.jpeg",1280,854,false],"landscape":["https:\/\/boracultura.com.br\/wp-content\/uploads\/2026\/01\/Tatau_Show1.jpeg",1280,854,false],"portraits":["https:\/\/boracultura.com.br\/wp-content\/uploads\/2026\/01\/Tatau_Show1.jpeg",1280,854,false],"thumbnail":["https:\/\/boracultura.com.br\/wp-content\/uploads\/2026\/01\/Tatau_Show1-150x150.jpeg",150,150,true],"medium":["https:\/\/boracultura.com.br\/wp-content\/uploads\/2026\/01\/Tatau_Show1-300x200.jpeg",300,200,true],"large":["https:\/\/boracultura.com.br\/wp-content\/uploads\/2026\/01\/Tatau_Show1-1024x683.jpeg",800,534,true],"1536x1536":["https:\/\/boracultura.com.br\/wp-content\/uploads\/2026\/01\/Tatau_Show1.jpeg",1280,854,false],"2048x2048":["https:\/\/boracultura.com.br\/wp-content\/uploads\/2026\/01\/Tatau_Show1.jpeg",1280,854,false],"colormag-highlighted-post":["https:\/\/boracultura.com.br\/wp-content\/uploads\/2026\/01\/Tatau_Show1-392x272.jpeg",392,272,true],"colormag-featured-post-medium":["https:\/\/boracultura.com.br\/wp-content\/uploads\/2026\/01\/Tatau_Show1-390x205.jpeg",390,205,true],"colormag-featured-post-small":["https:\/\/boracultura.com.br\/wp-content\/uploads\/2026\/01\/Tatau_Show1-130x90.jpeg",130,90,true],"colormag-featured-image":["https:\/\/boracultura.com.br\/wp-content\/uploads\/2026\/01\/Tatau_Show1-800x445.jpeg",800,445,true],"colormag-default-news":["https:\/\/boracultura.com.br\/wp-content\/uploads\/2026\/01\/Tatau_Show1-150x150.jpeg",150,150,true],"colormag-featured-image-large":["https:\/\/boracultura.com.br\/wp-content\/uploads\/2026\/01\/Tatau_Show1-1280x600.jpeg",1280,600,true],"colormag-elementor-block-extra-large-thumbnail":["https:\/\/boracultura.com.br\/wp-content\/uploads\/2026\/01\/Tatau_Show1-1155x480.jpeg",1155,480,true],"colormag-elementor-grid-large-thumbnail":["https:\/\/boracultura.com.br\/wp-content\/uploads\/2026\/01\/Tatau_Show1-600x417.jpeg",600,417,true],"colormag-elementor-grid-small-thumbnail":["https:\/\/boracultura.com.br\/wp-content\/uploads\/2026\/01\/Tatau_Show1-285x450.jpeg",285,450,true],"colormag-elementor-grid-medium-large-thumbnail":["https:\/\/boracultura.com.br\/wp-content\/uploads\/2026\/01\/Tatau_Show1-575x198.jpeg",575,198,true],"psacp-medium":["https:\/\/boracultura.com.br\/wp-content\/uploads\/2026\/01\/Tatau_Show1.jpeg",500,334,false]},"rttpg_author":{"display_name":"boracultura@gmail.com","author_link":"https:\/\/boracultura.com.br\/index.php\/author\/boraculturagmail-com\/"},"rttpg_comment":0,"rttpg_category":"<a href=\"https:\/\/boracultura.com.br\/index.php\/category\/noticias\/musica\/\" rel=\"category tag\">M\u00fasica<\/a> <a href=\"https:\/\/boracultura.com.br\/index.php\/category\/noticias\/\" rel=\"category tag\">Not\u00edcias<\/a>","rttpg_excerpt":"O ver\u00e3o de 2026 j\u00e1 tem trilha sonora e ela vem carregada de ritmo, emo\u00e7\u00e3o e identidade. Tatau acaba de","_links":{"self":[{"href":"https:\/\/boracultura.com.br\/index.php\/wp-json\/wp\/v2\/posts\/1049","targetHints":{"allow":["GET"]}}],"collection":[{"href":"https:\/\/boracultura.com.br\/index.php\/wp-json\/wp\/v2\/posts"}],"about":[{"href":"https:\/\/boracultura.com.br\/index.php\/wp-json\/wp\/v2\/types\/post"}],"author":[{"embeddable":true,"href":"https:\/\/boracultura.com.br\/index.php\/wp-json\/wp\/v2\/users\/1"}],"replies":[{"embeddable":true,"href":"https:\/\/boracultura.com.br\/index.php\/wp-json\/wp\/v2\/comments?post=1049"}],"version-history":[{"count":1,"href":"https:\/\/boracultura.com.br\/index.php\/wp-json\/wp\/v2\/posts\/1049\/revisions"}],"predecessor-version":[{"id":1051,"href":"https:\/\/boracultura.com.br\/index.php\/wp-json\/wp\/v2\/posts\/1049\/revisions\/1051"}],"wp:featuredmedia":[{"embeddable":true,"href":"https:\/\/boracultura.com.br\/index.php\/wp-json\/wp\/v2\/media\/1050"}],"wp:attachment":[{"href":"https:\/\/boracultura.com.br\/index.php\/wp-json\/wp\/v2\/media?parent=1049"}],"wp:term":[{"taxonomy":"category","embeddable":true,"href":"https:\/\/boracultura.com.br\/index.php\/wp-json\/wp\/v2\/categories?post=1049"},{"taxonomy":"post_tag","embeddable":true,"href":"https:\/\/boracultura.com.br\/index.php\/wp-json\/wp\/v2\/tags?post=1049"}],"curies":[{"name":"wp","href":"https:\/\/api.w.org\/{rel}","templated":true}]}}