{"id":1056,"date":"2026-01-30T13:50:59","date_gmt":"2026-01-30T16:50:59","guid":{"rendered":"https:\/\/boracultura.com.br\/?p=1056"},"modified":"2026-02-25T23:26:52","modified_gmt":"2026-02-26T02:26:52","slug":"cantores-do-grupo-os-autorais-revelam-expectativa-para-estreia-no-baile-do-bloco-xupisco","status":"publish","type":"post","link":"https:\/\/boracultura.com.br\/index.php\/2026\/01\/30\/cantores-do-grupo-os-autorais-revelam-expectativa-para-estreia-no-baile-do-bloco-xupisco\/","title":{"rendered":"Cantores do grupo Os Autorais revelam expectativa para estreia no baile do Bloco Xupisco"},"content":{"rendered":"\n<p>A abertura oficial do <strong>Carnaval de Salvador<\/strong>, que acontece todos os anos, na quarta-feira, com o desfile dos blocos de fanfarra que tomam conta das ruas da Barra, j\u00e1 est\u00e1 batendo na porta. E o <strong>Bloco Xupisco Folia<\/strong>, um dos mais tradicionais da festa, se prepara para alegrar o p\u00fablico no dia 11 de fevereiro de 2026. O bloco, que traz mais uma vez como proposta, a tradi\u00e7\u00e3o de encantar o circuito Dod\u00f4 com a sua fanfarra, sair\u00e1 do Farol da Barra, a partir das 19 horas e ter\u00e1 a folia esticada para um grande baile dentro do Camarote Har\u00e9m Soho, em Ondina, sob o comando da Timbalada e do grupo Autorais. Com a linha de frente formada por Jorge Z\u00e1rath, T\u00eanison Del Rey e Tonho\u00a0Mat\u00e9ria, o Autorais celebra essa primeira participa\u00e7\u00e3o no baile carnavalesco do Bloco Xupisko.\u00a0<br><br>\u201cPara mim \u00e9 uma alegria muito grande participar desse baile carnavalesco que \u00e9 o Xupisko. Lembrando que, tamb\u00e9m estaremos todos os dias de Carnaval, fazendo a festa no Camarote Har\u00e9m Soho. \u00c9 uma coroa\u00e7\u00e3o do trabalho que o Autorais vem fazendo\u201d, comenta T\u00eanison Del Rey. \u201cFazer o carnaval no Camarote Har\u00e9m Soho, desde a quarta, nesse grande baile do Xupisko, at\u00e9 a ter\u00e7a-feira, para mim \u00e9 uma honra. Eu estou com uma expectativa l\u00e1 em cima. Vai ser uma alegria muito grande!\u201d, acrescenta Jorge Z\u00e1rath. \u201cEstamos preparando uma apresenta\u00e7\u00e3o repleta de sucessos, para fazer jus a essa festa maravilhosa, que \u00e9 o baile do Xupisko. O p\u00fablico presente no Camarote Har\u00e9m Soho tamb\u00e9m pode se preparar, para viver junto com a gente, grandes momentos\u201d, finaliza Tonho\u00a0Mat\u00e9ria.\u00a0<br>Os abad\u00e1s est\u00e3o \u00e0 venda na loja da Diva (piso L2, Shopping da Bahia), sem taxa, e no\u00a0<a href=\"https:\/\/www.ingresse.com\/xupisko-folia-2026\/\" target=\"_blank\" rel=\"noreferrer noopener\">https:\/\/www.ingresse.com\/xupisko-folia-2026\/<\/a>. O Xupisko Folia 2026 \u00e9 uma realiza\u00e7\u00e3o da Xupisko Produ\u00e7\u00f5es e Ag\u00eancia Diva.<br><\/p>\n\n\n\n<p><strong>Servi\u00e7o:<\/strong><\/p>\n\n\n\n<p><strong>Bloco Xupisco Folia 2026 &#8211; Fanfarra, Timbalada e Autorais<\/strong><\/p>\n\n\n\n<p>Quarta-feira, 11 de fevereiro, a partir das 19 horas<\/p>\n\n\n\n<p>Sa\u00edda: Farol da Barra<\/p>\n\n\n\n<p>Baile: Camarote Har\u00e9m \u2013 Ondina, a partir das 22 horas<\/p>\n\n\n\n<p>Vendas: Loja Diva (2\u00ba Piso do Shopping da Bahia) e&nbsp;<a href=\"https:\/\/www.ingresse.com\/xupisko-folia-2026\/\" target=\"_blank\" rel=\"noreferrer noopener\">https:\/\/www.ingresse.com\/xupisko-folia-2026\/<\/a>.<\/p>\n\n\n\n<p>Informa\u00e7\u00f5es: (71) 98136-7184<\/p>\n","protected":false},"excerpt":{"rendered":"<p>A abertura oficial do Carnaval de Salvador, que acontece todos os anos, na quarta-feira, com o desfile dos blocos de<\/p>\n","protected":false},"author":1,"featured_media":1057,"comment_status":"open","ping_status":"open","sticky":false,"template":"","format":"standard","meta":{"colormag_page_container_layout":"default_layout","colormag_page_sidebar_layout":"default_layout","footnotes":""},"categories":[83,8],"tags":[82,36,71,213,89,212],"class_list":["post-1056","post","type-post","status-publish","format-standard","has-post-thumbnail","hentry","category-carnaval-2","category-noticias","tag-carnaval","tag-cultura","tag-musica","tag-os-autorais","tag-salvador","tag-xupisco"],"rttpg_featured_image_url":{"full":["https:\/\/boracultura.com.br\/wp-content\/uploads\/2026\/01\/Autorais_DIV2.jpg",1210,720,false],"landscape":["https:\/\/boracultura.com.br\/wp-content\/uploads\/2026\/01\/Autorais_DIV2.jpg",1210,720,false],"portraits":["https:\/\/boracultura.com.br\/wp-content\/uploads\/2026\/01\/Autorais_DIV2.jpg",1210,720,false],"thumbnail":["https:\/\/boracultura.com.br\/wp-content\/uploads\/2026\/01\/Autorais_DIV2-150x150.jpg",150,150,true],"medium":["https:\/\/boracultura.com.br\/wp-content\/uploads\/2026\/01\/Autorais_DIV2-300x179.jpg",300,179,true],"large":["https:\/\/boracultura.com.br\/wp-content\/uploads\/2026\/01\/Autorais_DIV2-1024x609.jpg",800,476,true],"1536x1536":["https:\/\/boracultura.com.br\/wp-content\/uploads\/2026\/01\/Autorais_DIV2.jpg",1210,720,false],"2048x2048":["https:\/\/boracultura.com.br\/wp-content\/uploads\/2026\/01\/Autorais_DIV2.jpg",1210,720,false],"colormag-highlighted-post":["https:\/\/boracultura.com.br\/wp-content\/uploads\/2026\/01\/Autorais_DIV2-392x272.jpg",392,272,true],"colormag-featured-post-medium":["https:\/\/boracultura.com.br\/wp-content\/uploads\/2026\/01\/Autorais_DIV2-390x205.jpg",390,205,true],"colormag-featured-post-small":["https:\/\/boracultura.com.br\/wp-content\/uploads\/2026\/01\/Autorais_DIV2-130x90.jpg",130,90,true],"colormag-featured-image":["https:\/\/boracultura.com.br\/wp-content\/uploads\/2026\/01\/Autorais_DIV2-800x445.jpg",800,445,true],"colormag-default-news":["https:\/\/boracultura.com.br\/wp-content\/uploads\/2026\/01\/Autorais_DIV2-150x150.jpg",150,150,true],"colormag-featured-image-large":["https:\/\/boracultura.com.br\/wp-content\/uploads\/2026\/01\/Autorais_DIV2-1210x600.jpg",1210,600,true],"colormag-elementor-block-extra-large-thumbnail":["https:\/\/boracultura.com.br\/wp-content\/uploads\/2026\/01\/Autorais_DIV2-1155x480.jpg",1155,480,true],"colormag-elementor-grid-large-thumbnail":["https:\/\/boracultura.com.br\/wp-content\/uploads\/2026\/01\/Autorais_DIV2-600x417.jpg",600,417,true],"colormag-elementor-grid-small-thumbnail":["https:\/\/boracultura.com.br\/wp-content\/uploads\/2026\/01\/Autorais_DIV2-285x450.jpg",285,450,true],"colormag-elementor-grid-medium-large-thumbnail":["https:\/\/boracultura.com.br\/wp-content\/uploads\/2026\/01\/Autorais_DIV2-575x198.jpg",575,198,true],"psacp-medium":["https:\/\/boracultura.com.br\/wp-content\/uploads\/2026\/01\/Autorais_DIV2.jpg",500,298,false]},"rttpg_author":{"display_name":"boracultura@gmail.com","author_link":"https:\/\/boracultura.com.br\/index.php\/author\/boraculturagmail-com\/"},"rttpg_comment":0,"rttpg_category":"<a href=\"https:\/\/boracultura.com.br\/index.php\/category\/carnaval-2\/\" rel=\"category tag\">Carnaval<\/a> <a href=\"https:\/\/boracultura.com.br\/index.php\/category\/noticias\/\" rel=\"category tag\">Not\u00edcias<\/a>","rttpg_excerpt":"A abertura oficial do Carnaval de Salvador, que acontece todos os anos, na quarta-feira, com o desfile dos blocos de","_links":{"self":[{"href":"https:\/\/boracultura.com.br\/index.php\/wp-json\/wp\/v2\/posts\/1056","targetHints":{"allow":["GET"]}}],"collection":[{"href":"https:\/\/boracultura.com.br\/index.php\/wp-json\/wp\/v2\/posts"}],"about":[{"href":"https:\/\/boracultura.com.br\/index.php\/wp-json\/wp\/v2\/types\/post"}],"author":[{"embeddable":true,"href":"https:\/\/boracultura.com.br\/index.php\/wp-json\/wp\/v2\/users\/1"}],"replies":[{"embeddable":true,"href":"https:\/\/boracultura.com.br\/index.php\/wp-json\/wp\/v2\/comments?post=1056"}],"version-history":[{"count":1,"href":"https:\/\/boracultura.com.br\/index.php\/wp-json\/wp\/v2\/posts\/1056\/revisions"}],"predecessor-version":[{"id":1058,"href":"https:\/\/boracultura.com.br\/index.php\/wp-json\/wp\/v2\/posts\/1056\/revisions\/1058"}],"wp:featuredmedia":[{"embeddable":true,"href":"https:\/\/boracultura.com.br\/index.php\/wp-json\/wp\/v2\/media\/1057"}],"wp:attachment":[{"href":"https:\/\/boracultura.com.br\/index.php\/wp-json\/wp\/v2\/media?parent=1056"}],"wp:term":[{"taxonomy":"category","embeddable":true,"href":"https:\/\/boracultura.com.br\/index.php\/wp-json\/wp\/v2\/categories?post=1056"},{"taxonomy":"post_tag","embeddable":true,"href":"https:\/\/boracultura.com.br\/index.php\/wp-json\/wp\/v2\/tags?post=1056"}],"curies":[{"name":"wp","href":"https:\/\/api.w.org\/{rel}","templated":true}]}}