{"id":1059,"date":"2026-01-30T13:55:19","date_gmt":"2026-01-30T16:55:19","guid":{"rendered":"https:\/\/boracultura.com.br\/?p=1059"},"modified":"2026-02-25T23:26:44","modified_gmt":"2026-02-26T02:26:44","slug":"e-o-tchan-em-salvador-tudo-sobre-o-novo-hit-princesinha-e-a-agenda-de-carnaval-2026","status":"publish","type":"post","link":"https:\/\/boracultura.com.br\/index.php\/2026\/01\/30\/e-o-tchan-em-salvador-tudo-sobre-o-novo-hit-princesinha-e-a-agenda-de-carnaval-2026\/","title":{"rendered":"\u200b\u00c9 o Tchan em Salvador: Tudo sobre o novo hit &#8220;Princesinha&#8221; e a agenda de Carnaval 2026"},"content":{"rendered":"\n<p>\u200bO \u00c9 o Tchan est\u00e1 com tudo neste in\u00edcio de 2026. Enquanto cumpre agenda pelo Nordeste neste fim de semana, o grupo liderado por Beto Jamaica e Compadre Washington mant\u00e9m os olhos fixos no Carnaval de Salvador.<br><br>\u200bA grande aposta para a folia baiana \u00e9 o novo single &#8220;Princesinha&#8221;. A m\u00fasica j\u00e1 domina as r\u00e1dios de Salvador e promete ser o hino das ladeiras e circuitos da capital.<br><br><strong>\u200bDestaques:<\/strong><br>\u200bAposta para o Carnaval: Lan\u00e7amento oficial de &#8220;Princesinha&#8221; nas plataformas digitais.<br><br>\u200b<strong>Agenda:<\/strong> Ap\u00f3s shows no RN e PE, a banda retorna \u00e0 Bahia nesta segunda (02\/02) para a Festa da Purifica\u00e7\u00e3o, em Santo Amaro, coladinho com a capital.<br><br>\u200b<strong>Prepara\u00e7\u00e3o: <\/strong>Ensaios intensos para os blocos e camarotes de Salvador.<br><br>\u200bO swing que nasceu aqui continua sendo a cara do nosso ver\u00e3o. Prepare o gog\u00f3 e o molejo, porque o Tchan vem forte para 2026!<\/p>\n\n\n\n<p><\/p>\n","protected":false},"excerpt":{"rendered":"<p>\u200bO \u00c9 o Tchan est\u00e1 com tudo neste in\u00edcio de 2026. Enquanto cumpre agenda pelo Nordeste neste fim de semana,<\/p>\n","protected":false},"author":1,"featured_media":1060,"comment_status":"open","ping_status":"open","sticky":false,"template":"","format":"standard","meta":{"colormag_page_container_layout":"default_layout","colormag_page_sidebar_layout":"default_layout","footnotes":""},"categories":[83,8],"tags":[82,209,211,71,210,89],"class_list":["post-1059","post","type-post","status-publish","format-standard","has-post-thumbnail","hentry","category-carnaval-2","category-noticias","tag-carnaval","tag-e-o-tchan","tag-hit-princesinha","tag-musica","tag-musica-princesinha","tag-salvador"],"rttpg_featured_image_url":{"full":["https:\/\/boracultura.com.br\/wp-content\/uploads\/2026\/01\/E-o-Tchan_DIV_4.jpeg",1368,912,false],"landscape":["https:\/\/boracultura.com.br\/wp-content\/uploads\/2026\/01\/E-o-Tchan_DIV_4.jpeg",1368,912,false],"portraits":["https:\/\/boracultura.com.br\/wp-content\/uploads\/2026\/01\/E-o-Tchan_DIV_4.jpeg",1368,912,false],"thumbnail":["https:\/\/boracultura.com.br\/wp-content\/uploads\/2026\/01\/E-o-Tchan_DIV_4-150x150.jpeg",150,150,true],"medium":["https:\/\/boracultura.com.br\/wp-content\/uploads\/2026\/01\/E-o-Tchan_DIV_4-300x200.jpeg",300,200,true],"large":["https:\/\/boracultura.com.br\/wp-content\/uploads\/2026\/01\/E-o-Tchan_DIV_4-1024x683.jpeg",800,534,true],"1536x1536":["https:\/\/boracultura.com.br\/wp-content\/uploads\/2026\/01\/E-o-Tchan_DIV_4.jpeg",1368,912,false],"2048x2048":["https:\/\/boracultura.com.br\/wp-content\/uploads\/2026\/01\/E-o-Tchan_DIV_4.jpeg",1368,912,false],"colormag-highlighted-post":["https:\/\/boracultura.com.br\/wp-content\/uploads\/2026\/01\/E-o-Tchan_DIV_4-392x272.jpeg",392,272,true],"colormag-featured-post-medium":["https:\/\/boracultura.com.br\/wp-content\/uploads\/2026\/01\/E-o-Tchan_DIV_4-390x205.jpeg",390,205,true],"colormag-featured-post-small":["https:\/\/boracultura.com.br\/wp-content\/uploads\/2026\/01\/E-o-Tchan_DIV_4-130x90.jpeg",130,90,true],"colormag-featured-image":["https:\/\/boracultura.com.br\/wp-content\/uploads\/2026\/01\/E-o-Tchan_DIV_4-800x445.jpeg",800,445,true],"colormag-default-news":["https:\/\/boracultura.com.br\/wp-content\/uploads\/2026\/01\/E-o-Tchan_DIV_4-150x150.jpeg",150,150,true],"colormag-featured-image-large":["https:\/\/boracultura.com.br\/wp-content\/uploads\/2026\/01\/E-o-Tchan_DIV_4-1368x600.jpeg",1368,600,true],"colormag-elementor-block-extra-large-thumbnail":["https:\/\/boracultura.com.br\/wp-content\/uploads\/2026\/01\/E-o-Tchan_DIV_4-1155x480.jpeg",1155,480,true],"colormag-elementor-grid-large-thumbnail":["https:\/\/boracultura.com.br\/wp-content\/uploads\/2026\/01\/E-o-Tchan_DIV_4-600x417.jpeg",600,417,true],"colormag-elementor-grid-small-thumbnail":["https:\/\/boracultura.com.br\/wp-content\/uploads\/2026\/01\/E-o-Tchan_DIV_4-285x450.jpeg",285,450,true],"colormag-elementor-grid-medium-large-thumbnail":["https:\/\/boracultura.com.br\/wp-content\/uploads\/2026\/01\/E-o-Tchan_DIV_4-575x198.jpeg",575,198,true],"psacp-medium":["https:\/\/boracultura.com.br\/wp-content\/uploads\/2026\/01\/E-o-Tchan_DIV_4.jpeg",500,333,false]},"rttpg_author":{"display_name":"boracultura@gmail.com","author_link":"https:\/\/boracultura.com.br\/index.php\/author\/boraculturagmail-com\/"},"rttpg_comment":0,"rttpg_category":"<a href=\"https:\/\/boracultura.com.br\/index.php\/category\/carnaval-2\/\" rel=\"category tag\">Carnaval<\/a> <a href=\"https:\/\/boracultura.com.br\/index.php\/category\/noticias\/\" rel=\"category tag\">Not\u00edcias<\/a>","rttpg_excerpt":"\u200bO \u00c9 o Tchan est\u00e1 com tudo neste in\u00edcio de 2026. Enquanto cumpre agenda pelo Nordeste neste fim de semana,","_links":{"self":[{"href":"https:\/\/boracultura.com.br\/index.php\/wp-json\/wp\/v2\/posts\/1059","targetHints":{"allow":["GET"]}}],"collection":[{"href":"https:\/\/boracultura.com.br\/index.php\/wp-json\/wp\/v2\/posts"}],"about":[{"href":"https:\/\/boracultura.com.br\/index.php\/wp-json\/wp\/v2\/types\/post"}],"author":[{"embeddable":true,"href":"https:\/\/boracultura.com.br\/index.php\/wp-json\/wp\/v2\/users\/1"}],"replies":[{"embeddable":true,"href":"https:\/\/boracultura.com.br\/index.php\/wp-json\/wp\/v2\/comments?post=1059"}],"version-history":[{"count":2,"href":"https:\/\/boracultura.com.br\/index.php\/wp-json\/wp\/v2\/posts\/1059\/revisions"}],"predecessor-version":[{"id":1062,"href":"https:\/\/boracultura.com.br\/index.php\/wp-json\/wp\/v2\/posts\/1059\/revisions\/1062"}],"wp:featuredmedia":[{"embeddable":true,"href":"https:\/\/boracultura.com.br\/index.php\/wp-json\/wp\/v2\/media\/1060"}],"wp:attachment":[{"href":"https:\/\/boracultura.com.br\/index.php\/wp-json\/wp\/v2\/media?parent=1059"}],"wp:term":[{"taxonomy":"category","embeddable":true,"href":"https:\/\/boracultura.com.br\/index.php\/wp-json\/wp\/v2\/categories?post=1059"},{"taxonomy":"post_tag","embeddable":true,"href":"https:\/\/boracultura.com.br\/index.php\/wp-json\/wp\/v2\/tags?post=1059"}],"curies":[{"name":"wp","href":"https:\/\/api.w.org\/{rel}","templated":true}]}}