{"id":1064,"date":"2026-01-30T13:59:38","date_gmt":"2026-01-30T16:59:38","guid":{"rendered":"https:\/\/boracultura.com.br\/?p=1064"},"modified":"2026-02-09T01:06:12","modified_gmt":"2026-02-09T04:06:12","slug":"andrezza-apresenta-show-gratuito-no-dia-30","status":"publish","type":"post","link":"https:\/\/boracultura.com.br\/index.php\/2026\/01\/30\/andrezza-apresenta-show-gratuito-no-dia-30\/","title":{"rendered":"Andrezza apresenta show gratuito no dia 30"},"content":{"rendered":"\n<p><em>Apresenta\u00e7\u00e3o acontece no Teatro Sesc Casa do Com\u00e9rcio e celebra a diversidade sonora, liberdade feminina e a for\u00e7a da m\u00fasica<\/em><\/p>\n\n\n\n<p>Releituras de can\u00e7\u00f5es interpretadas por Gal Costa e m\u00fasicas autorais com excelente receptividade do p\u00fablico. Assim ser\u00e1 o show gratuito da cantora, compositora e guitarrista Andrezza, no dia 30 (sexta-feira), \u00e0s 17h, no Teatro Sesc Casa do Com\u00e9rcio, Foyer Carmem Miranda. Talento expoente da m\u00fasica brasileira contempor\u00e2nea, a jovem venceu, em dezembro de 2025, o 23\u00ba Festival de M\u00fasica Educadora FM, na categoria de Melhor Int\u00e9rprete de M\u00fasica com Letra, com a can\u00e7\u00e3o &#8220;Ch\u00e1 de Sumi\u00e7o&#8221;. Os interessados em participar do show devem ir at\u00e9 o local da apresenta\u00e7\u00e3o.<\/p>\n\n\n\n<p>O show traz releituras que integraram o espet\u00e1culo Gal pra Dan\u00e7ar, que circulou com for\u00e7a ao longo de 2025.&nbsp; No repert\u00f3rio, Andrezza apresenta can\u00e7\u00f5es dos discos Alto L\u00e1 (2019) e Eutr\u00f3pica (2022), al\u00e9m de m\u00fasicas in\u00e9ditas premiadas em importantes festivais nacionais, a exemplo do Ed\u00e9sio Santos da Can\u00e7\u00e3o, al\u00e9m do da Educadora FM. A apresenta\u00e7\u00e3o ser\u00e1 intensa, vibrante, cheia de afetos e marca o primeiro show autoral da artista em Salvador, ap\u00f3s sua participa\u00e7\u00e3o no Programa Acelera Boca de Brasa.<\/p>\n\n\n\n<p>A apresenta\u00e7\u00e3o conta com a participa\u00e7\u00e3o especial do cantor e compositor feirense Rei Souza. A presen\u00e7a do artista refor\u00e7a o esp\u00edrito coletivo do projeto: Andrezza e Rei fazem parte de uma rede de artistas do interior da Bahia que se encontram em Salvador para criar, trocar e fortalecer v\u00ednculos e trajet\u00f3rias.<\/p>\n\n\n\n<p>Pensado especialmente para a energia do ver\u00e3o, o espet\u00e1culo prop\u00f5e uma sonoridade pop baiana tropicalista, que mistura ax\u00e9 com rock, cumbia com rap, reggae com maracatu, arrocha e uma diversidade de ritmos que refletem a riqueza e a pluralidade da m\u00fasica. &#8220;\u00c9 atrav\u00e9s desse show que eu trago meus afetos, meus amigos e as hist\u00f3rias dos lugares que me constru\u00edram como artista, entre Petrolina, Juazeiro, Uau\u00e1, S\u00e3o Paulo e agora Salvador. Enquanto compositora, n\u00e3o existe sensa\u00e7\u00e3o mais bonita do que ver minhas can\u00e7\u00f5es comunicando e atravessando as pessoas&#8221;, afirma Andrezza.<\/p>\n\n\n\n<p>No palco, Andrezza, que tamb\u00e9m assume a guitarra, \u00e9 acompanhada por uma banda afiada e sens\u00edvel, formada por Antenor Cardoso na bateria, Gabriel Dominguez na guitarra e Renato Nunes no baixo.<\/p>\n\n\n\n<p><strong>Servi\u00e7o<\/strong><br>O qu\u00ea: Show de Andrezza<br>Onde: Teatro Sesc Casa do Com\u00e9rcio \u2013 Foyer Carmem Miranda<br>Quando: 30 de janeiro de 2026 \u2013 sexta-feira<br>Hor\u00e1rio: 17h<br>Ingressos: Gratuito<br>Acesso: S\u00f3 chegar! (sujeito \u00e0 lota\u00e7\u00e3o)<\/p>\n\n\n\n<p>_Fotos: Anamau\u00ea_<\/p>\n","protected":false},"excerpt":{"rendered":"<p>Apresenta\u00e7\u00e3o acontece no Teatro Sesc Casa do Com\u00e9rcio e celebra a diversidade sonora, liberdade feminina e a for\u00e7a da m\u00fasica<\/p>\n","protected":false},"author":1,"featured_media":1065,"comment_status":"open","ping_status":"open","sticky":false,"template":"","format":"standard","meta":{"colormag_page_container_layout":"default_layout","colormag_page_sidebar_layout":"default_layout","footnotes":""},"categories":[45,8],"tags":[],"class_list":["post-1064","post","type-post","status-publish","format-standard","has-post-thumbnail","hentry","category-musica","category-noticias"],"rttpg_featured_image_url":{"full":["https:\/\/boracultura.com.br\/wp-content\/uploads\/2026\/01\/Andrezza_divulgacao01.jpeg",1280,853,false],"landscape":["https:\/\/boracultura.com.br\/wp-content\/uploads\/2026\/01\/Andrezza_divulgacao01.jpeg",1280,853,false],"portraits":["https:\/\/boracultura.com.br\/wp-content\/uploads\/2026\/01\/Andrezza_divulgacao01.jpeg",1280,853,false],"thumbnail":["https:\/\/boracultura.com.br\/wp-content\/uploads\/2026\/01\/Andrezza_divulgacao01-150x150.jpeg",150,150,true],"medium":["https:\/\/boracultura.com.br\/wp-content\/uploads\/2026\/01\/Andrezza_divulgacao01-300x200.jpeg",300,200,true],"large":["https:\/\/boracultura.com.br\/wp-content\/uploads\/2026\/01\/Andrezza_divulgacao01-1024x682.jpeg",800,533,true],"1536x1536":["https:\/\/boracultura.com.br\/wp-content\/uploads\/2026\/01\/Andrezza_divulgacao01.jpeg",1280,853,false],"2048x2048":["https:\/\/boracultura.com.br\/wp-content\/uploads\/2026\/01\/Andrezza_divulgacao01.jpeg",1280,853,false],"colormag-highlighted-post":["https:\/\/boracultura.com.br\/wp-content\/uploads\/2026\/01\/Andrezza_divulgacao01-392x272.jpeg",392,272,true],"colormag-featured-post-medium":["https:\/\/boracultura.com.br\/wp-content\/uploads\/2026\/01\/Andrezza_divulgacao01-390x205.jpeg",390,205,true],"colormag-featured-post-small":["https:\/\/boracultura.com.br\/wp-content\/uploads\/2026\/01\/Andrezza_divulgacao01-130x90.jpeg",130,90,true],"colormag-featured-image":["https:\/\/boracultura.com.br\/wp-content\/uploads\/2026\/01\/Andrezza_divulgacao01-800x445.jpeg",800,445,true],"colormag-default-news":["https:\/\/boracultura.com.br\/wp-content\/uploads\/2026\/01\/Andrezza_divulgacao01-150x150.jpeg",150,150,true],"colormag-featured-image-large":["https:\/\/boracultura.com.br\/wp-content\/uploads\/2026\/01\/Andrezza_divulgacao01-1280x600.jpeg",1280,600,true],"colormag-elementor-block-extra-large-thumbnail":["https:\/\/boracultura.com.br\/wp-content\/uploads\/2026\/01\/Andrezza_divulgacao01-1155x480.jpeg",1155,480,true],"colormag-elementor-grid-large-thumbnail":["https:\/\/boracultura.com.br\/wp-content\/uploads\/2026\/01\/Andrezza_divulgacao01-600x417.jpeg",600,417,true],"colormag-elementor-grid-small-thumbnail":["https:\/\/boracultura.com.br\/wp-content\/uploads\/2026\/01\/Andrezza_divulgacao01-285x450.jpeg",285,450,true],"colormag-elementor-grid-medium-large-thumbnail":["https:\/\/boracultura.com.br\/wp-content\/uploads\/2026\/01\/Andrezza_divulgacao01-575x198.jpeg",575,198,true],"psacp-medium":["https:\/\/boracultura.com.br\/wp-content\/uploads\/2026\/01\/Andrezza_divulgacao01.jpeg",500,333,false]},"rttpg_author":{"display_name":"boracultura@gmail.com","author_link":"https:\/\/boracultura.com.br\/index.php\/author\/boraculturagmail-com\/"},"rttpg_comment":0,"rttpg_category":"<a href=\"https:\/\/boracultura.com.br\/index.php\/category\/noticias\/musica\/\" rel=\"category tag\">M\u00fasica<\/a> <a href=\"https:\/\/boracultura.com.br\/index.php\/category\/noticias\/\" rel=\"category tag\">Not\u00edcias<\/a>","rttpg_excerpt":"Apresenta\u00e7\u00e3o acontece no Teatro Sesc Casa do Com\u00e9rcio e celebra a diversidade sonora, liberdade feminina e a for\u00e7a da m\u00fasica","_links":{"self":[{"href":"https:\/\/boracultura.com.br\/index.php\/wp-json\/wp\/v2\/posts\/1064","targetHints":{"allow":["GET"]}}],"collection":[{"href":"https:\/\/boracultura.com.br\/index.php\/wp-json\/wp\/v2\/posts"}],"about":[{"href":"https:\/\/boracultura.com.br\/index.php\/wp-json\/wp\/v2\/types\/post"}],"author":[{"embeddable":true,"href":"https:\/\/boracultura.com.br\/index.php\/wp-json\/wp\/v2\/users\/1"}],"replies":[{"embeddable":true,"href":"https:\/\/boracultura.com.br\/index.php\/wp-json\/wp\/v2\/comments?post=1064"}],"version-history":[{"count":1,"href":"https:\/\/boracultura.com.br\/index.php\/wp-json\/wp\/v2\/posts\/1064\/revisions"}],"predecessor-version":[{"id":1066,"href":"https:\/\/boracultura.com.br\/index.php\/wp-json\/wp\/v2\/posts\/1064\/revisions\/1066"}],"wp:featuredmedia":[{"embeddable":true,"href":"https:\/\/boracultura.com.br\/index.php\/wp-json\/wp\/v2\/media\/1065"}],"wp:attachment":[{"href":"https:\/\/boracultura.com.br\/index.php\/wp-json\/wp\/v2\/media?parent=1064"}],"wp:term":[{"taxonomy":"category","embeddable":true,"href":"https:\/\/boracultura.com.br\/index.php\/wp-json\/wp\/v2\/categories?post=1064"},{"taxonomy":"post_tag","embeddable":true,"href":"https:\/\/boracultura.com.br\/index.php\/wp-json\/wp\/v2\/tags?post=1064"}],"curies":[{"name":"wp","href":"https:\/\/api.w.org\/{rel}","templated":true}]}}