{"id":1160,"date":"2026-02-03T21:18:52","date_gmt":"2026-02-04T00:18:52","guid":{"rendered":"https:\/\/boracultura.com.br\/?p=1160"},"modified":"2026-02-25T23:25:54","modified_gmt":"2026-02-26T02:25:54","slug":"danniel-vieira-de-muritiba-ao-furdunco-cantor-inicia-maratona-de-carnaval","status":"publish","type":"post","link":"https:\/\/boracultura.com.br\/index.php\/2026\/02\/03\/danniel-vieira-de-muritiba-ao-furdunco-cantor-inicia-maratona-de-carnaval\/","title":{"rendered":"Danniel Vieira: De Muritiba ao Furdun\u00e7o, cantor inicia maratona de Carnaval."},"content":{"rendered":"\n<p>\u200bO cantor Danniel Vieira acelera o ritmo neste in\u00edcio de fevereiro com uma agenda que une a tradi\u00e7\u00e3o do interior \u00e0 energia da capital. O artista se apresenta nesta sexta-feira (6), \u00e0s 22h, na Festa do Senhor do Bonfim de Muritiba. O evento, um dos mais importantes do Rec\u00f4ncavo Baiano, segue at\u00e9 o dia 9 de fevereiro e movimenta a economia e a cultura da regi\u00e3o.<br><br>\u200bNo s\u00e1bado (7), o destino \u00e9 Salvador. Danniel ser\u00e1 o respons\u00e1vel por abrir o pr\u00e9-Carnaval no Furdun\u00e7o, desfilando no Circuito Orlando Tapaj\u00f3s (Ondina\/Barra). Conhecido pela proximidade com o p\u00fablico em trios sem cordas, o evento marca o in\u00edcio oficial das grandes pr\u00e9vias carnavalescas de 2026.<br><br>\u200bPara as apresenta\u00e7\u00f5es, a grande aposta \u00e9 o hit &#8220;Tchau Rol\u00ea&#8221;. A can\u00e7\u00e3o, gravada em parceria com a banda Filhos de Jorge, traz a sonoridade solar do ver\u00e3o e j\u00e1 desponta como um dos destaques do repert\u00f3rio do artista para a folia deste ano.<br><br><strong>\u200bServi\u00e7o<\/strong><br><br><strong>\u200bShow em Muritiba<\/strong><br>\u200bEvento: Festa do Senhor do Bonfim 2026<br>\u200bData: Sexta-feira, 6 de fevereiro<br>\u200bHor\u00e1rio: 22h<br>\u200bLocal: Pra\u00e7a principal de Muritiba<br><br><strong>\u200bShow em Salvador<\/strong><br>\u200bEvento: Furdun\u00e7o (Pr\u00e9-Carnaval)<br>\u200bData: S\u00e1bado, 7 de fevereiro<br>\u200bCircuito: Orlando Tapaj\u00f3s (Ondina para a Barra)<br><\/p>\n","protected":false},"excerpt":{"rendered":"<p>\u200bO cantor Danniel Vieira acelera o ritmo neste in\u00edcio de fevereiro com uma agenda que une a tradi\u00e7\u00e3o do interior<\/p>\n","protected":false},"author":1,"featured_media":1161,"comment_status":"open","ping_status":"open","sticky":false,"template":"","format":"standard","meta":{"colormag_page_container_layout":"default_layout","colormag_page_sidebar_layout":"default_layout","footnotes":""},"categories":[83,8],"tags":[100,103,149,36,101,71,89],"class_list":["post-1160","post","type-post","status-publish","format-standard","has-post-thumbnail","hentry","category-carnaval-2","category-noticias","tag-carnaval-2026","tag-carnaval-de-salvador","tag-carnaval-salvador","tag-cultura","tag-furdunco","tag-musica","tag-salvador"],"rttpg_featured_image_url":{"full":["https:\/\/boracultura.com.br\/wp-content\/uploads\/2026\/02\/17701642774935392711814347882390.jpg",774,500,false],"landscape":["https:\/\/boracultura.com.br\/wp-content\/uploads\/2026\/02\/17701642774935392711814347882390.jpg",774,500,false],"portraits":["https:\/\/boracultura.com.br\/wp-content\/uploads\/2026\/02\/17701642774935392711814347882390.jpg",774,500,false],"thumbnail":["https:\/\/boracultura.com.br\/wp-content\/uploads\/2026\/02\/17701642774935392711814347882390-150x150.jpg",150,150,true],"medium":["https:\/\/boracultura.com.br\/wp-content\/uploads\/2026\/02\/17701642774935392711814347882390-300x194.jpg",300,194,true],"large":["https:\/\/boracultura.com.br\/wp-content\/uploads\/2026\/02\/17701642774935392711814347882390.jpg",774,500,false],"1536x1536":["https:\/\/boracultura.com.br\/wp-content\/uploads\/2026\/02\/17701642774935392711814347882390.jpg",774,500,false],"2048x2048":["https:\/\/boracultura.com.br\/wp-content\/uploads\/2026\/02\/17701642774935392711814347882390.jpg",774,500,false],"colormag-highlighted-post":["https:\/\/boracultura.com.br\/wp-content\/uploads\/2026\/02\/17701642774935392711814347882390-392x272.jpg",392,272,true],"colormag-featured-post-medium":["https:\/\/boracultura.com.br\/wp-content\/uploads\/2026\/02\/17701642774935392711814347882390-390x205.jpg",390,205,true],"colormag-featured-post-small":["https:\/\/boracultura.com.br\/wp-content\/uploads\/2026\/02\/17701642774935392711814347882390-130x90.jpg",130,90,true],"colormag-featured-image":["https:\/\/boracultura.com.br\/wp-content\/uploads\/2026\/02\/17701642774935392711814347882390-774x445.jpg",774,445,true],"colormag-default-news":["https:\/\/boracultura.com.br\/wp-content\/uploads\/2026\/02\/17701642774935392711814347882390-150x150.jpg",150,150,true],"colormag-featured-image-large":["https:\/\/boracultura.com.br\/wp-content\/uploads\/2026\/02\/17701642774935392711814347882390.jpg",774,500,false],"colormag-elementor-block-extra-large-thumbnail":["https:\/\/boracultura.com.br\/wp-content\/uploads\/2026\/02\/17701642774935392711814347882390-774x480.jpg",774,480,true],"colormag-elementor-grid-large-thumbnail":["https:\/\/boracultura.com.br\/wp-content\/uploads\/2026\/02\/17701642774935392711814347882390-600x417.jpg",600,417,true],"colormag-elementor-grid-small-thumbnail":["https:\/\/boracultura.com.br\/wp-content\/uploads\/2026\/02\/17701642774935392711814347882390-285x450.jpg",285,450,true],"colormag-elementor-grid-medium-large-thumbnail":["https:\/\/boracultura.com.br\/wp-content\/uploads\/2026\/02\/17701642774935392711814347882390-575x198.jpg",575,198,true],"psacp-medium":["https:\/\/boracultura.com.br\/wp-content\/uploads\/2026\/02\/17701642774935392711814347882390-500x500.jpg",500,500,true]},"rttpg_author":{"display_name":"boracultura@gmail.com","author_link":"https:\/\/boracultura.com.br\/index.php\/author\/boraculturagmail-com\/"},"rttpg_comment":0,"rttpg_category":"<a href=\"https:\/\/boracultura.com.br\/index.php\/category\/carnaval-2\/\" rel=\"category tag\">Carnaval<\/a> <a href=\"https:\/\/boracultura.com.br\/index.php\/category\/noticias\/\" rel=\"category tag\">Not\u00edcias<\/a>","rttpg_excerpt":"\u200bO cantor Danniel Vieira acelera o ritmo neste in\u00edcio de fevereiro com uma agenda que une a tradi\u00e7\u00e3o do interior","_links":{"self":[{"href":"https:\/\/boracultura.com.br\/index.php\/wp-json\/wp\/v2\/posts\/1160","targetHints":{"allow":["GET"]}}],"collection":[{"href":"https:\/\/boracultura.com.br\/index.php\/wp-json\/wp\/v2\/posts"}],"about":[{"href":"https:\/\/boracultura.com.br\/index.php\/wp-json\/wp\/v2\/types\/post"}],"author":[{"embeddable":true,"href":"https:\/\/boracultura.com.br\/index.php\/wp-json\/wp\/v2\/users\/1"}],"replies":[{"embeddable":true,"href":"https:\/\/boracultura.com.br\/index.php\/wp-json\/wp\/v2\/comments?post=1160"}],"version-history":[{"count":2,"href":"https:\/\/boracultura.com.br\/index.php\/wp-json\/wp\/v2\/posts\/1160\/revisions"}],"predecessor-version":[{"id":1163,"href":"https:\/\/boracultura.com.br\/index.php\/wp-json\/wp\/v2\/posts\/1160\/revisions\/1163"}],"wp:featuredmedia":[{"embeddable":true,"href":"https:\/\/boracultura.com.br\/index.php\/wp-json\/wp\/v2\/media\/1161"}],"wp:attachment":[{"href":"https:\/\/boracultura.com.br\/index.php\/wp-json\/wp\/v2\/media?parent=1160"}],"wp:term":[{"taxonomy":"category","embeddable":true,"href":"https:\/\/boracultura.com.br\/index.php\/wp-json\/wp\/v2\/categories?post=1160"},{"taxonomy":"post_tag","embeddable":true,"href":"https:\/\/boracultura.com.br\/index.php\/wp-json\/wp\/v2\/tags?post=1160"}],"curies":[{"name":"wp","href":"https:\/\/api.w.org\/{rel}","templated":true}]}}