{"id":1164,"date":"2026-02-03T21:26:00","date_gmt":"2026-02-04T00:26:00","guid":{"rendered":"https:\/\/boracultura.com.br\/?p=1164"},"modified":"2026-02-09T00:14:03","modified_gmt":"2026-02-09T03:14:03","slug":"sambaiana-comanda-noite-de-encontros-no-rio-vermelho-e-lanca-nova-musica","status":"publish","type":"post","link":"https:\/\/boracultura.com.br\/index.php\/2026\/02\/03\/sambaiana-comanda-noite-de-encontros-no-rio-vermelho-e-lanca-nova-musica\/","title":{"rendered":"Sambaiana comanda noite de encontros no Rio Vermelho e lan\u00e7a nova m\u00fasica"},"content":{"rendered":"\n<p>\u200bO grupo Sambaiana intensifica sua agenda de pr\u00e9-Carnaval em Salvador com uma apresenta\u00e7\u00e3o especial nesta sexta-feira (6). O coletivo feminino \u00e9 uma das atra\u00e7\u00f5es do evento \u201cJuntos na Casa &#8211; Encontros CCBB\u201d, que acontece na Casa Rosa, no Rio Vermelho. A noite promete ser de celebra\u00e7\u00e3o \u00e0 m\u00fasica brasileira, contando tamb\u00e9m com shows de Majur e Jo\u00e3o Cavalcanti.<br><br>\u200bPara este show, a Sambaiana prepara um repert\u00f3rio que mescla o samba tradicional a releituras modernas, al\u00e9m de sucessos autorais como \u201cMovimento Absurdo\u201d [00:15]. A grande expectativa, por\u00e9m, fica para o lan\u00e7amento oficial da m\u00fasica \u201cDeixa a Gira Girar\u201d, que chega \u00e0s plataformas digitais na mesma sexta-feira e ser\u00e1 apresentada ao vivo, em primeira m\u00e3o, para o p\u00fablico baiano.<br><br>\u200b&#8221;Tocar em Salvador sempre renova as nossas energias, especialmente porque a cidade \u00e9 nossa casa&#8221;, afirma a cantora Ju Moraes, destacando o simbolismo de se apresentar no Rio Vermelho \u00e0s v\u00e9speras da maior festa de rua do mundo.<br><br><strong>\u200bServi\u00e7o<\/strong><br>\u200bEvento: Juntos na Casa &#8211; Encontros CCBB<br>\u200bAtra\u00e7\u00f5es: Sambaiana, Majur e Jo\u00e3o Cavalcanti<br>\u200bData: Sexta-feira, 6 de fevereiro<br>\u200bLocal: Casa Rosa, Rio Vermelho (Salvador)<br><br>Ingressos: <a href=\"https:\/\/bileto.sympla.com.br\/event\/115656?share_id=1-copiarlink\">https:\/\/bileto.sympla.com.br\/event\/115656?share_id=1-copiarlink<\/a> <\/p>\n","protected":false},"excerpt":{"rendered":"<p>\u200bO grupo Sambaiana intensifica sua agenda de pr\u00e9-Carnaval em Salvador com uma apresenta\u00e7\u00e3o especial nesta sexta-feira (6). O coletivo feminino<\/p>\n","protected":false},"author":1,"featured_media":1165,"comment_status":"open","ping_status":"open","sticky":false,"template":"","format":"standard","meta":{"colormag_page_container_layout":"default_layout","colormag_page_sidebar_layout":"default_layout","footnotes":""},"categories":[45,8],"tags":[183,184,71,142,89,84,182],"class_list":["post-1164","post","type-post","status-publish","format-standard","has-post-thumbnail","hentry","category-musica","category-noticias","tag-banda-mulheres","tag-ju-moraes","tag-musica","tag-rio-vermelho","tag-salvador","tag-samba","tag-sambaiana"],"rttpg_featured_image_url":{"full":["https:\/\/boracultura.com.br\/wp-content\/uploads\/2026\/02\/17701647477546046760148897318922.jpg",1500,1013,false],"landscape":["https:\/\/boracultura.com.br\/wp-content\/uploads\/2026\/02\/17701647477546046760148897318922.jpg",1500,1013,false],"portraits":["https:\/\/boracultura.com.br\/wp-content\/uploads\/2026\/02\/17701647477546046760148897318922.jpg",1500,1013,false],"thumbnail":["https:\/\/boracultura.com.br\/wp-content\/uploads\/2026\/02\/17701647477546046760148897318922-150x150.jpg",150,150,true],"medium":["https:\/\/boracultura.com.br\/wp-content\/uploads\/2026\/02\/17701647477546046760148897318922-300x203.jpg",300,203,true],"large":["https:\/\/boracultura.com.br\/wp-content\/uploads\/2026\/02\/17701647477546046760148897318922-1024x692.jpg",800,541,true],"1536x1536":["https:\/\/boracultura.com.br\/wp-content\/uploads\/2026\/02\/17701647477546046760148897318922.jpg",1500,1013,false],"2048x2048":["https:\/\/boracultura.com.br\/wp-content\/uploads\/2026\/02\/17701647477546046760148897318922.jpg",1500,1013,false],"colormag-highlighted-post":["https:\/\/boracultura.com.br\/wp-content\/uploads\/2026\/02\/17701647477546046760148897318922-392x272.jpg",392,272,true],"colormag-featured-post-medium":["https:\/\/boracultura.com.br\/wp-content\/uploads\/2026\/02\/17701647477546046760148897318922-390x205.jpg",390,205,true],"colormag-featured-post-small":["https:\/\/boracultura.com.br\/wp-content\/uploads\/2026\/02\/17701647477546046760148897318922-130x90.jpg",130,90,true],"colormag-featured-image":["https:\/\/boracultura.com.br\/wp-content\/uploads\/2026\/02\/17701647477546046760148897318922-800x445.jpg",800,445,true],"colormag-default-news":["https:\/\/boracultura.com.br\/wp-content\/uploads\/2026\/02\/17701647477546046760148897318922-150x150.jpg",150,150,true],"colormag-featured-image-large":["https:\/\/boracultura.com.br\/wp-content\/uploads\/2026\/02\/17701647477546046760148897318922-1400x600.jpg",1400,600,true],"colormag-elementor-block-extra-large-thumbnail":["https:\/\/boracultura.com.br\/wp-content\/uploads\/2026\/02\/17701647477546046760148897318922-1155x480.jpg",1155,480,true],"colormag-elementor-grid-large-thumbnail":["https:\/\/boracultura.com.br\/wp-content\/uploads\/2026\/02\/17701647477546046760148897318922-600x417.jpg",600,417,true],"colormag-elementor-grid-small-thumbnail":["https:\/\/boracultura.com.br\/wp-content\/uploads\/2026\/02\/17701647477546046760148897318922-285x450.jpg",285,450,true],"colormag-elementor-grid-medium-large-thumbnail":["https:\/\/boracultura.com.br\/wp-content\/uploads\/2026\/02\/17701647477546046760148897318922-575x198.jpg",575,198,true],"psacp-medium":["https:\/\/boracultura.com.br\/wp-content\/uploads\/2026\/02\/17701647477546046760148897318922-500x500.jpg",500,500,true]},"rttpg_author":{"display_name":"boracultura@gmail.com","author_link":"https:\/\/boracultura.com.br\/index.php\/author\/boraculturagmail-com\/"},"rttpg_comment":0,"rttpg_category":"<a href=\"https:\/\/boracultura.com.br\/index.php\/category\/noticias\/musica\/\" rel=\"category tag\">M\u00fasica<\/a> <a href=\"https:\/\/boracultura.com.br\/index.php\/category\/noticias\/\" rel=\"category tag\">Not\u00edcias<\/a>","rttpg_excerpt":"\u200bO grupo Sambaiana intensifica sua agenda de pr\u00e9-Carnaval em Salvador com uma apresenta\u00e7\u00e3o especial nesta sexta-feira (6). O coletivo feminino","_links":{"self":[{"href":"https:\/\/boracultura.com.br\/index.php\/wp-json\/wp\/v2\/posts\/1164","targetHints":{"allow":["GET"]}}],"collection":[{"href":"https:\/\/boracultura.com.br\/index.php\/wp-json\/wp\/v2\/posts"}],"about":[{"href":"https:\/\/boracultura.com.br\/index.php\/wp-json\/wp\/v2\/types\/post"}],"author":[{"embeddable":true,"href":"https:\/\/boracultura.com.br\/index.php\/wp-json\/wp\/v2\/users\/1"}],"replies":[{"embeddable":true,"href":"https:\/\/boracultura.com.br\/index.php\/wp-json\/wp\/v2\/comments?post=1164"}],"version-history":[{"count":1,"href":"https:\/\/boracultura.com.br\/index.php\/wp-json\/wp\/v2\/posts\/1164\/revisions"}],"predecessor-version":[{"id":1166,"href":"https:\/\/boracultura.com.br\/index.php\/wp-json\/wp\/v2\/posts\/1164\/revisions\/1166"}],"wp:featuredmedia":[{"embeddable":true,"href":"https:\/\/boracultura.com.br\/index.php\/wp-json\/wp\/v2\/media\/1165"}],"wp:attachment":[{"href":"https:\/\/boracultura.com.br\/index.php\/wp-json\/wp\/v2\/media?parent=1164"}],"wp:term":[{"taxonomy":"category","embeddable":true,"href":"https:\/\/boracultura.com.br\/index.php\/wp-json\/wp\/v2\/categories?post=1164"},{"taxonomy":"post_tag","embeddable":true,"href":"https:\/\/boracultura.com.br\/index.php\/wp-json\/wp\/v2\/tags?post=1164"}],"curies":[{"name":"wp","href":"https:\/\/api.w.org\/{rel}","templated":true}]}}