{"id":1167,"date":"2026-02-03T21:29:48","date_gmt":"2026-02-04T00:29:48","guid":{"rendered":"https:\/\/boracultura.com.br\/?p=1167"},"modified":"2026-02-25T23:25:45","modified_gmt":"2026-02-26T02:25:45","slug":"edcity-fantasmao-anuncia-agenda-de-pre-carnaval-com-turne-de-20-anos","status":"publish","type":"post","link":"https:\/\/boracultura.com.br\/index.php\/2026\/02\/03\/edcity-fantasmao-anuncia-agenda-de-pre-carnaval-com-turne-de-20-anos\/","title":{"rendered":"\u200bEdcity Fantasm\u00e3o anuncia agenda de pr\u00e9-Carnaval com turn\u00ea de 20 anos"},"content":{"rendered":"\n<p>\u200bO cantor Edcity Fantasm\u00e3o deu a largada na sua programa\u00e7\u00e3o para o pr\u00e9-Carnaval 2026, com apresenta\u00e7\u00f5es confirmadas na Bahia e em Alagoas. O momento \u00e9 de celebra\u00e7\u00e3o: o artista retornou recentemente ao projeto para comandar a Turn\u00ea Comemorativa de 20 anos, resgatando o ic\u00f4nico &#8220;groove arrastado&#8221; que o consagrou como um dos maiores nomes do pagod\u00e3o.<br><br>\u200bCom um repert\u00f3rio que conecta a sonoridade da rua ao ritmo fren\u00e9tico do ver\u00e3o, Edcity promete shows marcados pela batida diferenciada e pela energia caracter\u00edstica de sua trajet\u00f3ria. &#8220;O Fantasm\u00e3o sempre teve um groove que vem do ch\u00e3o e conecta com o povo&#8221;, afirma o artista sobre a identidade sonora que levar\u00e1 aos palcos nesta maratona.<br><br><strong>\u200bServi\u00e7o: Agenda Pr\u00e9-Carnaval Edcity Fantasm\u00e3o<\/strong><br>\u200b06\/02 (Sexta-feira): Porto Real do Col\u00e9gio \u2013 AL<br>\u200b07\/02 (S\u00e1bado): Jiquiri\u00e7\u00e1 \u2013 BA<br>\u200b08\/02 (Domingo): Acajutiba \u2013 BA e Am\u00e9lia Rodrigues \u2013 BA<\/p>\n","protected":false},"excerpt":{"rendered":"<p>\u200bO cantor Edcity Fantasm\u00e3o deu a largada na sua programa\u00e7\u00e3o para o pr\u00e9-Carnaval 2026, com apresenta\u00e7\u00f5es confirmadas na Bahia e<\/p>\n","protected":false},"author":1,"featured_media":1168,"comment_status":"open","ping_status":"open","sticky":false,"template":"","format":"standard","meta":{"colormag_page_container_layout":"default_layout","colormag_page_sidebar_layout":"default_layout","footnotes":""},"categories":[83,8],"tags":[82,100,103,149,179,180,71,181,89],"class_list":["post-1167","post","type-post","status-publish","format-standard","has-post-thumbnail","hentry","category-carnaval-2","category-noticias","tag-carnaval","tag-carnaval-2026","tag-carnaval-de-salvador","tag-carnaval-salvador","tag-edcity","tag-fantasmao","tag-musica","tag-pagodao","tag-salvador"],"rttpg_featured_image_url":{"full":["https:\/\/boracultura.com.br\/wp-content\/uploads\/2026\/02\/17701649650231481835109939805979.jpg",1600,1420,false],"landscape":["https:\/\/boracultura.com.br\/wp-content\/uploads\/2026\/02\/17701649650231481835109939805979.jpg",1600,1420,false],"portraits":["https:\/\/boracultura.com.br\/wp-content\/uploads\/2026\/02\/17701649650231481835109939805979.jpg",1600,1420,false],"thumbnail":["https:\/\/boracultura.com.br\/wp-content\/uploads\/2026\/02\/17701649650231481835109939805979-150x150.jpg",150,150,true],"medium":["https:\/\/boracultura.com.br\/wp-content\/uploads\/2026\/02\/17701649650231481835109939805979-300x266.jpg",300,266,true],"large":["https:\/\/boracultura.com.br\/wp-content\/uploads\/2026\/02\/17701649650231481835109939805979-1024x909.jpg",800,710,true],"1536x1536":["https:\/\/boracultura.com.br\/wp-content\/uploads\/2026\/02\/17701649650231481835109939805979-1536x1363.jpg",1536,1363,true],"2048x2048":["https:\/\/boracultura.com.br\/wp-content\/uploads\/2026\/02\/17701649650231481835109939805979.jpg",1600,1420,false],"colormag-highlighted-post":["https:\/\/boracultura.com.br\/wp-content\/uploads\/2026\/02\/17701649650231481835109939805979-392x272.jpg",392,272,true],"colormag-featured-post-medium":["https:\/\/boracultura.com.br\/wp-content\/uploads\/2026\/02\/17701649650231481835109939805979-390x205.jpg",390,205,true],"colormag-featured-post-small":["https:\/\/boracultura.com.br\/wp-content\/uploads\/2026\/02\/17701649650231481835109939805979-130x90.jpg",130,90,true],"colormag-featured-image":["https:\/\/boracultura.com.br\/wp-content\/uploads\/2026\/02\/17701649650231481835109939805979-800x445.jpg",800,445,true],"colormag-default-news":["https:\/\/boracultura.com.br\/wp-content\/uploads\/2026\/02\/17701649650231481835109939805979-150x150.jpg",150,150,true],"colormag-featured-image-large":["https:\/\/boracultura.com.br\/wp-content\/uploads\/2026\/02\/17701649650231481835109939805979-1400x600.jpg",1400,600,true],"colormag-elementor-block-extra-large-thumbnail":["https:\/\/boracultura.com.br\/wp-content\/uploads\/2026\/02\/17701649650231481835109939805979-1155x480.jpg",1155,480,true],"colormag-elementor-grid-large-thumbnail":["https:\/\/boracultura.com.br\/wp-content\/uploads\/2026\/02\/17701649650231481835109939805979-600x417.jpg",600,417,true],"colormag-elementor-grid-small-thumbnail":["https:\/\/boracultura.com.br\/wp-content\/uploads\/2026\/02\/17701649650231481835109939805979-285x450.jpg",285,450,true],"colormag-elementor-grid-medium-large-thumbnail":["https:\/\/boracultura.com.br\/wp-content\/uploads\/2026\/02\/17701649650231481835109939805979-575x198.jpg",575,198,true],"psacp-medium":["https:\/\/boracultura.com.br\/wp-content\/uploads\/2026\/02\/17701649650231481835109939805979-500x500.jpg",500,500,true]},"rttpg_author":{"display_name":"boracultura@gmail.com","author_link":"https:\/\/boracultura.com.br\/index.php\/author\/boraculturagmail-com\/"},"rttpg_comment":0,"rttpg_category":"<a href=\"https:\/\/boracultura.com.br\/index.php\/category\/carnaval-2\/\" rel=\"category tag\">Carnaval<\/a> <a href=\"https:\/\/boracultura.com.br\/index.php\/category\/noticias\/\" rel=\"category tag\">Not\u00edcias<\/a>","rttpg_excerpt":"\u200bO cantor Edcity Fantasm\u00e3o deu a largada na sua programa\u00e7\u00e3o para o pr\u00e9-Carnaval 2026, com apresenta\u00e7\u00f5es confirmadas na Bahia e","_links":{"self":[{"href":"https:\/\/boracultura.com.br\/index.php\/wp-json\/wp\/v2\/posts\/1167","targetHints":{"allow":["GET"]}}],"collection":[{"href":"https:\/\/boracultura.com.br\/index.php\/wp-json\/wp\/v2\/posts"}],"about":[{"href":"https:\/\/boracultura.com.br\/index.php\/wp-json\/wp\/v2\/types\/post"}],"author":[{"embeddable":true,"href":"https:\/\/boracultura.com.br\/index.php\/wp-json\/wp\/v2\/users\/1"}],"replies":[{"embeddable":true,"href":"https:\/\/boracultura.com.br\/index.php\/wp-json\/wp\/v2\/comments?post=1167"}],"version-history":[{"count":1,"href":"https:\/\/boracultura.com.br\/index.php\/wp-json\/wp\/v2\/posts\/1167\/revisions"}],"predecessor-version":[{"id":1169,"href":"https:\/\/boracultura.com.br\/index.php\/wp-json\/wp\/v2\/posts\/1167\/revisions\/1169"}],"wp:featuredmedia":[{"embeddable":true,"href":"https:\/\/boracultura.com.br\/index.php\/wp-json\/wp\/v2\/media\/1168"}],"wp:attachment":[{"href":"https:\/\/boracultura.com.br\/index.php\/wp-json\/wp\/v2\/media?parent=1167"}],"wp:term":[{"taxonomy":"category","embeddable":true,"href":"https:\/\/boracultura.com.br\/index.php\/wp-json\/wp\/v2\/categories?post=1167"},{"taxonomy":"post_tag","embeddable":true,"href":"https:\/\/boracultura.com.br\/index.php\/wp-json\/wp\/v2\/tags?post=1167"}],"curies":[{"name":"wp","href":"https:\/\/api.w.org\/{rel}","templated":true}]}}