{"id":1171,"date":"2026-02-04T10:47:48","date_gmt":"2026-02-04T13:47:48","guid":{"rendered":"https:\/\/boracultura.com.br\/?p=1171"},"modified":"2026-02-25T23:25:36","modified_gmt":"2026-02-26T02:25:36","slug":"central-do-carnaval-antecipa-entrega-exclusiva-das-fantasias-do-afoxe-filhos-de-gandhy","status":"publish","type":"post","link":"https:\/\/boracultura.com.br\/index.php\/2026\/02\/04\/central-do-carnaval-antecipa-entrega-exclusiva-das-fantasias-do-afoxe-filhos-de-gandhy\/","title":{"rendered":"Central do Carnaval antecipa entrega exclusiva das fantasias do Afox\u00e9 Filhos de Gandhy"},"content":{"rendered":"\n<p><\/p>\n\n\n\n<p>Ajay\u00f4! A Central do Carnaval convoca os associados do tradicional Afox\u00e9 Filhos de Gandhy para neste domingo, dia 08 de fevereiro, das 13h \u00e0s 18h retirar com exclusividade em um momento reservado apenas para eles, as t\u00e3o aguardadas e desejadas fantasias para o Carnaval 2026. A retirada acontecer\u00e1 na Arena Central do Carnaval, no estacionamento I1 do Shopping da Bahia com toda facilidade, agilidade, estrutura, profissionalismo, conforto e seguran\u00e7a que a Central do Carnaval tem excel\u00eancia em oferecer aos foli\u00f5es.\n<br>\n<br>E para aquecer os cora\u00e7\u00f5es dos associados e e eles j\u00e1 entrarem no clima da folia, a Banda Show Filhos de Gandhy marcar\u00e1 presen\u00e7a, garantindo uma verdadeira festa especial na entrega preparada exclusivamente para eles. \n<br>\n<br>O Afox\u00e9 Filhos de Gandhy, que promete animar os foli\u00f5es com tr\u00eas dias inesquec\u00edveis de desfile, conta com uma equipe altamente preparada para garantir a seguran\u00e7a dos foli\u00f5es durante o percurso, al\u00e9m de enfermaria, bar, sanit\u00e1rios e uma estrutura pensada para proporcionar comodidade aos associados.\n<br>\n<br>O kit completo da fantasia inclui:\n<br>\t\u2022\t01 Toalha\n<br>\t\u2022\t01 Len\u00e7ol\n<br>\t\u2022\t01 Faixa\n<br>\t\u2022\t02 Fitas\n<br>\t\u2022\t01 Par de Sand\u00e1lias\n<br>\t\u2022\t01 Alfazema\n<br>\t\u2022\t01 Par de Meias\n<br>\n<br>Para mais informa\u00e7\u00f5es, acesse www.centraldocarnaval.com.br<\/p>\n","protected":false},"excerpt":{"rendered":"<p>Ajay\u00f4! A Central do Carnaval convoca os associados do tradicional Afox\u00e9 Filhos de Gandhy para neste domingo, dia 08 de<\/p>\n","protected":false},"author":1,"featured_media":1170,"comment_status":"open","ping_status":"open","sticky":false,"template":"","format":"standard","meta":{"colormag_page_container_layout":"default_layout","colormag_page_sidebar_layout":"default_layout","footnotes":""},"categories":[83,8],"tags":[82,103,178,177,89],"class_list":["post-1171","post","type-post","status-publish","format-standard","has-post-thumbnail","hentry","category-carnaval-2","category-noticias","tag-carnaval","tag-carnaval-de-salvador","tag-central-do-carnaval","tag-filhos-de-gandhy","tag-salvador"],"rttpg_featured_image_url":{"full":["https:\/\/boracultura.com.br\/wp-content\/uploads\/2026\/02\/IMG-20260204-WA0050.jpg",1200,960,false],"landscape":["https:\/\/boracultura.com.br\/wp-content\/uploads\/2026\/02\/IMG-20260204-WA0050.jpg",1200,960,false],"portraits":["https:\/\/boracultura.com.br\/wp-content\/uploads\/2026\/02\/IMG-20260204-WA0050.jpg",1200,960,false],"thumbnail":["https:\/\/boracultura.com.br\/wp-content\/uploads\/2026\/02\/IMG-20260204-WA0050-150x150.jpg",150,150,true],"medium":["https:\/\/boracultura.com.br\/wp-content\/uploads\/2026\/02\/IMG-20260204-WA0050-300x240.jpg",300,240,true],"large":["https:\/\/boracultura.com.br\/wp-content\/uploads\/2026\/02\/IMG-20260204-WA0050-1024x819.jpg",800,640,true],"1536x1536":["https:\/\/boracultura.com.br\/wp-content\/uploads\/2026\/02\/IMG-20260204-WA0050.jpg",1200,960,false],"2048x2048":["https:\/\/boracultura.com.br\/wp-content\/uploads\/2026\/02\/IMG-20260204-WA0050.jpg",1200,960,false],"colormag-highlighted-post":["https:\/\/boracultura.com.br\/wp-content\/uploads\/2026\/02\/IMG-20260204-WA0050-392x272.jpg",392,272,true],"colormag-featured-post-medium":["https:\/\/boracultura.com.br\/wp-content\/uploads\/2026\/02\/IMG-20260204-WA0050-390x205.jpg",390,205,true],"colormag-featured-post-small":["https:\/\/boracultura.com.br\/wp-content\/uploads\/2026\/02\/IMG-20260204-WA0050-130x90.jpg",130,90,true],"colormag-featured-image":["https:\/\/boracultura.com.br\/wp-content\/uploads\/2026\/02\/IMG-20260204-WA0050-800x445.jpg",800,445,true],"colormag-default-news":["https:\/\/boracultura.com.br\/wp-content\/uploads\/2026\/02\/IMG-20260204-WA0050-150x150.jpg",150,150,true],"colormag-featured-image-large":["https:\/\/boracultura.com.br\/wp-content\/uploads\/2026\/02\/IMG-20260204-WA0050-1200x600.jpg",1200,600,true],"colormag-elementor-block-extra-large-thumbnail":["https:\/\/boracultura.com.br\/wp-content\/uploads\/2026\/02\/IMG-20260204-WA0050-1155x480.jpg",1155,480,true],"colormag-elementor-grid-large-thumbnail":["https:\/\/boracultura.com.br\/wp-content\/uploads\/2026\/02\/IMG-20260204-WA0050-600x417.jpg",600,417,true],"colormag-elementor-grid-small-thumbnail":["https:\/\/boracultura.com.br\/wp-content\/uploads\/2026\/02\/IMG-20260204-WA0050-285x450.jpg",285,450,true],"colormag-elementor-grid-medium-large-thumbnail":["https:\/\/boracultura.com.br\/wp-content\/uploads\/2026\/02\/IMG-20260204-WA0050-575x198.jpg",575,198,true],"psacp-medium":["https:\/\/boracultura.com.br\/wp-content\/uploads\/2026\/02\/IMG-20260204-WA0050-500x500.jpg",500,500,true]},"rttpg_author":{"display_name":"boracultura@gmail.com","author_link":"https:\/\/boracultura.com.br\/index.php\/author\/boraculturagmail-com\/"},"rttpg_comment":0,"rttpg_category":"<a href=\"https:\/\/boracultura.com.br\/index.php\/category\/carnaval-2\/\" rel=\"category tag\">Carnaval<\/a> <a href=\"https:\/\/boracultura.com.br\/index.php\/category\/noticias\/\" rel=\"category tag\">Not\u00edcias<\/a>","rttpg_excerpt":"Ajay\u00f4! A Central do Carnaval convoca os associados do tradicional Afox\u00e9 Filhos de Gandhy para neste domingo, dia 08 de","_links":{"self":[{"href":"https:\/\/boracultura.com.br\/index.php\/wp-json\/wp\/v2\/posts\/1171","targetHints":{"allow":["GET"]}}],"collection":[{"href":"https:\/\/boracultura.com.br\/index.php\/wp-json\/wp\/v2\/posts"}],"about":[{"href":"https:\/\/boracultura.com.br\/index.php\/wp-json\/wp\/v2\/types\/post"}],"author":[{"embeddable":true,"href":"https:\/\/boracultura.com.br\/index.php\/wp-json\/wp\/v2\/users\/1"}],"replies":[{"embeddable":true,"href":"https:\/\/boracultura.com.br\/index.php\/wp-json\/wp\/v2\/comments?post=1171"}],"version-history":[{"count":1,"href":"https:\/\/boracultura.com.br\/index.php\/wp-json\/wp\/v2\/posts\/1171\/revisions"}],"predecessor-version":[{"id":1172,"href":"https:\/\/boracultura.com.br\/index.php\/wp-json\/wp\/v2\/posts\/1171\/revisions\/1172"}],"wp:featuredmedia":[{"embeddable":true,"href":"https:\/\/boracultura.com.br\/index.php\/wp-json\/wp\/v2\/media\/1170"}],"wp:attachment":[{"href":"https:\/\/boracultura.com.br\/index.php\/wp-json\/wp\/v2\/media?parent=1171"}],"wp:term":[{"taxonomy":"category","embeddable":true,"href":"https:\/\/boracultura.com.br\/index.php\/wp-json\/wp\/v2\/categories?post=1171"},{"taxonomy":"post_tag","embeddable":true,"href":"https:\/\/boracultura.com.br\/index.php\/wp-json\/wp\/v2\/tags?post=1171"}],"curies":[{"name":"wp","href":"https:\/\/api.w.org\/{rel}","templated":true}]}}