{"id":1181,"date":"2026-02-07T09:14:33","date_gmt":"2026-02-07T12:14:33","guid":{"rendered":"https:\/\/boracultura.com.br\/?p=1181"},"modified":"2026-02-09T17:23:49","modified_gmt":"2026-02-09T20:23:49","slug":"minc-lanca-missao-internacional-com-mariana-mazzucato-para-estudar-o-carnaval-como-politica-publica","status":"publish","type":"post","link":"https:\/\/boracultura.com.br\/index.php\/2026\/02\/07\/minc-lanca-missao-internacional-com-mariana-mazzucato-para-estudar-o-carnaval-como-politica-publica\/","title":{"rendered":"MinC lan\u00e7a miss\u00e3o internacional com Mariana Mazzucato para estudar o Carnaval como pol\u00edtica p\u00fablica"},"content":{"rendered":"\n<p>\u200bO Minist\u00e9rio da Cultura (MinC) recebe, entre os dias 6 e 13 de fevereiro de 2026, a economista \u00edtalo-americana Mariana Mazzucato, uma das pensadoras mais influentes da atualidade. A visita marca o in\u00edcio de uma coopera\u00e7\u00e3o internacional entre o governo brasileiro e o <em>Institute for Innovation and Public Purpose<\/em> (IIPP), da University College London, para estudar o Carnaval como eixo estrat\u00e9gico de desenvolvimento.<br><br>\u200bA miss\u00e3o percorrer\u00e1 as cidades do Rio de Janeiro, Bras\u00edlia e Salvador. O objetivo \u00e9 analisar como a maior festa popular do mundo mobiliza ecossistemas produtivos complexos, gera inova\u00e7\u00e3o e cria um &#8220;valor p\u00fablico&#8221; que as m\u00e9tricas tradicionais, como o PIB, muitas vezes falham em capturar.<br><br>\u200b<strong>O Carnaval como Sistema Econ\u00f4mico e Social<\/strong><br>\u200bDiferente da vis\u00e3o comum de evento pontual, a pesquisa de Mazzucato tratar\u00e1 o Carnaval como um sistema que opera durante todo o ano. A investiga\u00e7\u00e3o pretende mapear:<br>\u200bCadeias Produtivas: O fluxo de trabalho (formal e informal) e a forma\u00e7\u00e3o de compet\u00eancias nas comunidades.<br>\u200bExternalidades Positivas: O impacto do Carnaval no desenvolvimento urbano, turismo e na identidade coletiva.<br>\u200bModelos de Governan\u00e7a: Como o Estado pode planejar e financiar a cultura de forma cont\u00ednua e estrat\u00e9gica.<br><br>\u200bPara a ministra Margareth Menezes, essa parceria \u00e9 fundamental para tratar a cultura como pol\u00edtica p\u00fablica essencial e motor de transforma\u00e7\u00e3o econ\u00f4mica, indo al\u00e9m dos &#8220;setores criativos&#8221; tradicionais para alcan\u00e7ar uma economia verdadeiramente centrada no bem-viver.<br><br><strong>\u200bAgenda e Impacto Internacional<\/strong><br>\u200bMariana Mazzucato \u00e9 conhecida por obras como <em>&#8220;O Estado Empreendedor&#8221;<\/em>, onde defende o papel protagonista do setor p\u00fablico na inova\u00e7\u00e3o. No Brasil, ela participar\u00e1 de confer\u00eancias magnas e encontros com gestores, artistas e lideran\u00e7as comunit\u00e1rias (como os Blocos Afros de Salvador), consolidando o pa\u00eds como refer\u00eancia global no debate sobre democracia cultural e economia da cultura.<br><br><strong>\u200bServi\u00e7o: Miss\u00e3o Internacional MinC com Mariana Mazzucato<\/strong><br>\u200bRio de Janeiro (06 a 08\/02): Foco na governan\u00e7a das Escolas de Samba e blocos de rua.<br>\u200bBras\u00edlia (09\/02): Confer\u00eancia Magna &#8220;O valor p\u00fablico das artes e da cultura&#8221;.<br>\u200bSalvador (10 a 13\/02): Participa\u00e7\u00e3o no F\u00f3rum de Economia Criativa e visitas t\u00e9cnicas a arranjos culturais locais.<\/p>\n\n\n\n<p><\/p>\n","protected":false},"excerpt":{"rendered":"<p>\u200bO Minist\u00e9rio da Cultura (MinC) recebe, entre os dias 6 e 13 de fevereiro de 2026, a economista \u00edtalo-americana Mariana<\/p>\n","protected":false},"author":1,"featured_media":1208,"comment_status":"open","ping_status":"open","sticky":false,"template":"","format":"standard","meta":{"colormag_page_container_layout":"default_layout","colormag_page_sidebar_layout":"default_layout","footnotes":""},"categories":[50],"tags":[82,103,149,36,176,175,173],"class_list":["post-1181","post","type-post","status-publish","format-standard","has-post-thumbnail","hentry","category-carnaval","tag-carnaval","tag-carnaval-de-salvador","tag-carnaval-salvador","tag-cultura","tag-mariana-mazzucato","tag-mazzucato","tag-minc"],"rttpg_featured_image_url":{"full":["https:\/\/boracultura.com.br\/wp-content\/uploads\/2026\/02\/InShot_20260209_172109259.jpg",1920,1081,false],"landscape":["https:\/\/boracultura.com.br\/wp-content\/uploads\/2026\/02\/InShot_20260209_172109259.jpg",1920,1081,false],"portraits":["https:\/\/boracultura.com.br\/wp-content\/uploads\/2026\/02\/InShot_20260209_172109259.jpg",1920,1081,false],"thumbnail":["https:\/\/boracultura.com.br\/wp-content\/uploads\/2026\/02\/InShot_20260209_172109259-150x150.jpg",150,150,true],"medium":["https:\/\/boracultura.com.br\/wp-content\/uploads\/2026\/02\/InShot_20260209_172109259-300x169.jpg",300,169,true],"large":["https:\/\/boracultura.com.br\/wp-content\/uploads\/2026\/02\/InShot_20260209_172109259-1024x577.jpg",800,451,true],"1536x1536":["https:\/\/boracultura.com.br\/wp-content\/uploads\/2026\/02\/InShot_20260209_172109259-1536x865.jpg",1536,865,true],"2048x2048":["https:\/\/boracultura.com.br\/wp-content\/uploads\/2026\/02\/InShot_20260209_172109259.jpg",1920,1081,false],"colormag-highlighted-post":["https:\/\/boracultura.com.br\/wp-content\/uploads\/2026\/02\/InShot_20260209_172109259-392x272.jpg",392,272,true],"colormag-featured-post-medium":["https:\/\/boracultura.com.br\/wp-content\/uploads\/2026\/02\/InShot_20260209_172109259-390x205.jpg",390,205,true],"colormag-featured-post-small":["https:\/\/boracultura.com.br\/wp-content\/uploads\/2026\/02\/InShot_20260209_172109259-130x90.jpg",130,90,true],"colormag-featured-image":["https:\/\/boracultura.com.br\/wp-content\/uploads\/2026\/02\/InShot_20260209_172109259-800x445.jpg",800,445,true],"colormag-default-news":["https:\/\/boracultura.com.br\/wp-content\/uploads\/2026\/02\/InShot_20260209_172109259-150x150.jpg",150,150,true],"colormag-featured-image-large":["https:\/\/boracultura.com.br\/wp-content\/uploads\/2026\/02\/InShot_20260209_172109259-1400x600.jpg",1400,600,true],"colormag-elementor-block-extra-large-thumbnail":["https:\/\/boracultura.com.br\/wp-content\/uploads\/2026\/02\/InShot_20260209_172109259-1155x480.jpg",1155,480,true],"colormag-elementor-grid-large-thumbnail":["https:\/\/boracultura.com.br\/wp-content\/uploads\/2026\/02\/InShot_20260209_172109259-600x417.jpg",600,417,true],"colormag-elementor-grid-small-thumbnail":["https:\/\/boracultura.com.br\/wp-content\/uploads\/2026\/02\/InShot_20260209_172109259-285x450.jpg",285,450,true],"colormag-elementor-grid-medium-large-thumbnail":["https:\/\/boracultura.com.br\/wp-content\/uploads\/2026\/02\/InShot_20260209_172109259-575x198.jpg",575,198,true],"psacp-medium":["https:\/\/boracultura.com.br\/wp-content\/uploads\/2026\/02\/InShot_20260209_172109259-500x500.jpg",500,500,true]},"rttpg_author":{"display_name":"boracultura@gmail.com","author_link":"https:\/\/boracultura.com.br\/index.php\/author\/boraculturagmail-com\/"},"rttpg_comment":0,"rttpg_category":"<a href=\"https:\/\/boracultura.com.br\/index.php\/category\/noticias\/carnaval\/\" rel=\"category tag\">Carnaval<\/a>","rttpg_excerpt":"\u200bO Minist\u00e9rio da Cultura (MinC) recebe, entre os dias 6 e 13 de fevereiro de 2026, a economista \u00edtalo-americana Mariana","_links":{"self":[{"href":"https:\/\/boracultura.com.br\/index.php\/wp-json\/wp\/v2\/posts\/1181","targetHints":{"allow":["GET"]}}],"collection":[{"href":"https:\/\/boracultura.com.br\/index.php\/wp-json\/wp\/v2\/posts"}],"about":[{"href":"https:\/\/boracultura.com.br\/index.php\/wp-json\/wp\/v2\/types\/post"}],"author":[{"embeddable":true,"href":"https:\/\/boracultura.com.br\/index.php\/wp-json\/wp\/v2\/users\/1"}],"replies":[{"embeddable":true,"href":"https:\/\/boracultura.com.br\/index.php\/wp-json\/wp\/v2\/comments?post=1181"}],"version-history":[{"count":1,"href":"https:\/\/boracultura.com.br\/index.php\/wp-json\/wp\/v2\/posts\/1181\/revisions"}],"predecessor-version":[{"id":1184,"href":"https:\/\/boracultura.com.br\/index.php\/wp-json\/wp\/v2\/posts\/1181\/revisions\/1184"}],"wp:featuredmedia":[{"embeddable":true,"href":"https:\/\/boracultura.com.br\/index.php\/wp-json\/wp\/v2\/media\/1208"}],"wp:attachment":[{"href":"https:\/\/boracultura.com.br\/index.php\/wp-json\/wp\/v2\/media?parent=1181"}],"wp:term":[{"taxonomy":"category","embeddable":true,"href":"https:\/\/boracultura.com.br\/index.php\/wp-json\/wp\/v2\/categories?post=1181"},{"taxonomy":"post_tag","embeddable":true,"href":"https:\/\/boracultura.com.br\/index.php\/wp-json\/wp\/v2\/tags?post=1181"}],"curies":[{"name":"wp","href":"https:\/\/api.w.org\/{rel}","templated":true}]}}