{"id":1234,"date":"2026-02-10T22:15:58","date_gmt":"2026-02-11T01:15:58","guid":{"rendered":"https:\/\/boracultura.com.br\/?p=1234"},"modified":"2026-02-10T22:19:07","modified_gmt":"2026-02-11T01:19:07","slug":"inscricoes-prorrogadas-para-mostra-teatro-de-cabo-a-rabo-seleciona-espetaculos-do-interior-da-bahia","status":"publish","type":"post","link":"https:\/\/boracultura.com.br\/index.php\/2026\/02\/10\/inscricoes-prorrogadas-para-mostra-teatro-de-cabo-a-rabo-seleciona-espetaculos-do-interior-da-bahia\/","title":{"rendered":"Inscri\u00e7\u00f5es prorrogadas para Mostra Teatro de Cabo a Rabo seleciona espet\u00e1culos do interior da Bahia"},"content":{"rendered":"\n<p><strong>Integrando a programa\u00e7\u00e3o do projeto O Vila Ocupa o MAB, as apresenta\u00e7\u00f5es ser\u00e3o no m\u00eas de abril, no Museu de Arte da Bahia<\/strong><\/p>\n\n\n\n<p>Artistas, grupos e coletivos art\u00edsticos oriundos do Interior da Bahia t\u00eam&nbsp;agora&nbsp;at\u00e9 o dia&nbsp;27&nbsp;de fevereiro para inscrever propostas de apresenta\u00e7\u00f5es de espet\u00e1culos teatrais na 6\u00aa edi\u00e7\u00e3o da Mostra Teatro de Cabo a Rabo, realizada pelo Teatro Vila&nbsp;Velha, desde 2002, com o objetivo de promover o interc\u00e2mbio com a produ\u00e7\u00e3o contempor\u00e2nea dos diversos territ\u00f3rios de identidade do estado.<\/p>\n\n\n\n<p>Na edi\u00e7\u00e3o do ano passado, o projeto homenageou os 30 anos do Teatro Popular de Ilh\u00e9us, que apresentou o espet\u00e1culo &#8220;Bor\u00e9pete\u0129.Uno&#8221;, e tamb\u00e9m montagens das cidades de Vit\u00f3ria da Conquista (Grupo Finos Trapos), Feira de Santana (Cia. \u00daNICA de Teatro) e Vale do Cap\u00e3o (Oca das Artes\/Ninha Almeida). A Mostra tamb\u00e9m \u00e9 um espa\u00e7o formativo e de debates sobre o fomento, a difus\u00e3o e valoriza\u00e7\u00e3o da cena teatral interiorana.<\/p>\n\n\n\n<p>A proposta seleciona 04 grupos\/coletivos de teatro sediados h\u00e1 mais de 2 anos no interior do estado da Bahia, de outros munic\u00edpios que n\u00e3o sejam a capital Salvador. O grupo\/coletivo selecionado dever\u00e1 ter disponibilidade para participar da mostra entre os dias 08 e 12 de abril de 2026. A perman\u00eancia ser\u00e1 de at\u00e9 6 dias. O regulamento completo com todas as informa\u00e7\u00f5es pode ser acessado no link:&nbsp;<a href=\"https:\/\/bit.ly\/3Zq0kMI\" target=\"_blank\" rel=\"noreferrer noopener\">https:\/\/bit.ly\/3Zq0kMI<\/a>&nbsp;.<\/p>\n\n\n\n<p>As inscri\u00e7\u00f5es acontecem virtualmente, por meio do formul\u00e1rio eletr\u00f4nico dispon\u00edvel em&nbsp;<a href=\"https:\/\/bit.ly\/4rI8Jr1\" target=\"_blank\" rel=\"noreferrer noopener\">https:\/\/bit.ly\/4rI8Jr1<\/a>&nbsp;.<\/p>\n\n\n\n<p>Pessoas interessadas em descobrir e pesquisar mais sobre a hist\u00f3ria da Mostra Teatro de Cabo a Rabo, podem acessar a p\u00e1gina do Vila na plataforma Issuu&nbsp;<a href=\"https:\/\/issuu.com\/teatrovilavelha\" target=\"_blank\" rel=\"noreferrer noopener\"><u>https:\/\/issuu.com\/teatrovilavelha<\/u><\/a>, l\u00e1 est\u00e3o dispon\u00edveis livros e publica\u00e7\u00f5es sobre este projeto e muitos outros. S\u00e3o mais de 60 anos de hist\u00f3ria!<\/p>\n\n\n\n<p>A sede do teatro encontra-se em fase de requalifica\u00e7\u00e3o para cria\u00e7\u00e3o de acessibilidade arquitet\u00f4nica. A obra \u00e9 realizada pela Prefeitura de Salvador\/Secretaria Municipal de Cultura e Turismo (Secult), com supervis\u00e3o da Superintend\u00eancia de Obras P\u00fablicas de Salvador (Sucop) e da Funda\u00e7\u00e3o M\u00e1rio Leal Ferreira. O projeto arquitet\u00f4nico \u00e9 assinado pela A+P Arquitetos Associados.<\/p>\n\n\n\n<p>Para seguir a programa\u00e7\u00e3o e o seu movimento de conex\u00e3o, o Teatro Vila Velha ocupa o Museu de Arte da Bahia com o apoio financeiro do IPAC, fortalecendo os espa\u00e7os culturais da cidade.<\/p>\n\n\n\n<p>Para ficar atualizado e bem informado sobre todos os eventos e projetos, acesse o instagram @teatrovilavelha e acompanhe as novidades da programa\u00e7\u00e3o.<\/p>\n\n\n\n<p>O Teatro Vila Velha conta com apoio financeiro do Governo do Estado, atrav\u00e9s do Fundo de Cultura, Secretaria da Fazenda e Secretaria de Cultura da Bahia.<\/p>\n\n\n\n<p><strong>+ SOBRE A MOSTRA TEATRO DE CABO A RABO<\/strong><\/p>\n\n\n\n<p>O projeto Teatro de Cabo a Rabo j\u00e1 circulou por grande parte do interior da Bahia, em diferentes edi\u00e7\u00f5es. Apenas no primeiro ano, realizou oficinas diversas e apresentou espet\u00e1culos em Madre de Deus, Jacobina, Santo Ant\u00f4nio de Jesus, Ilh\u00e9us, Cama\u00e7ari, Alagoinhas, S\u00e3o Francisco do Conde, Feira de Santana, Rio de Contas e Bom Jesus dos Pobres. E, mais importante, conectando grupos dessas cidades entre si, numa mostra no Teatro Vila Velha. Muitos deles criaram circuitos entre suas cidades e voltaram a Salvador, cumprindo temporadas no Vila ou em outros teatros, como o Teatro Popular de Ilh\u00e9us e o grupo NATA, de Alagoinhas.<\/p>\n\n\n\n<p><strong>SOBRE O TEATRO VILA VELHA<\/strong><\/p>\n\n\n\n<p>Com mais de 60 anos de hist\u00f3ria (completados em 31 de julho de 2024), o Teatro Vila Velha \u00e9 um dos mais importantes e inovadores espa\u00e7os de difus\u00e3o art\u00edstica do Brasil. Fundado em 1964 pela Sociedade Teatro dos Novos, est\u00e1 localizado no Centro de Salvador BA. Tem como miss\u00e3o fomentar a cria\u00e7\u00e3o art\u00edstica coletiva e comprometida com a reflex\u00e3o e o respeito \u00e0 diversidade. O Vila mant\u00e9m intensa programa\u00e7\u00e3o presencial e virtual, tem seus pr\u00f3prios programas de forma\u00e7\u00e3o art\u00edstica &#8211; a universidade LIVRE, que j\u00e1 revelou grandes nomes da arte nacional, e o P\u00e9 de Feij\u00e3o que inicia crian\u00e7as, adolescentes e professores no universo das artes da cena &#8211; e recebe espet\u00e1culos e artistas do mundo inteiro. Atualmente, o Vila come\u00e7a a passar por uma reforma financiada pela Prefeitura de Salvador. Por essa raz\u00e3o, deu in\u00edcio ao programa &#8216;O Vila Ocupa a Cidade&#8217;, uma s\u00e9rie de a\u00e7\u00f5es, cria\u00e7\u00f5es e colabora\u00e7\u00f5es que mant\u00e9m o Teatro Vila Velha atuante e presente, ao longo de 2024 e 2025, em diversos outros teatros e espa\u00e7os culturais. A marca de um espa\u00e7o sempre em experimenta\u00e7\u00e3o, forma\u00e7\u00e3o art\u00edstica e constante di\u00e1logo com a sociedade.<\/p>\n\n\n\n<p><em>Foto divulga\u00e7\u00e3o: Espet\u00e1culo Bor\u00e9pete\u0129-Uno do Teatro Popular de Ilh\u00e9us<\/em><\/p>\n\n\n\n<p><\/p>\n","protected":false},"excerpt":{"rendered":"<p>Integrando a programa\u00e7\u00e3o do projeto O Vila Ocupa o MAB, as apresenta\u00e7\u00f5es ser\u00e3o no m\u00eas de abril, no Museu de<\/p>\n","protected":false},"author":1,"featured_media":1235,"comment_status":"open","ping_status":"open","sticky":false,"template":"","format":"standard","meta":{"colormag_page_container_layout":"default_layout","colormag_page_sidebar_layout":"default_layout","footnotes":""},"categories":[8,46],"tags":[36,22,160,89,23,21],"class_list":["post-1234","post","type-post","status-publish","format-standard","has-post-thumbnail","hentry","category-noticias","category-teatro","tag-cultura","tag-cultura-bahia","tag-interior-da-bahia","tag-salvador","tag-teatro","tag-teatro-salvador"],"rttpg_featured_image_url":{"full":["https:\/\/boracultura.com.br\/wp-content\/uploads\/2026\/02\/Espetaculo-Borepetei-Uno-do-Teatro-Popular-de-Ilheus_foto-divulgacao-1-scaled.jpg",2560,1707,false],"landscape":["https:\/\/boracultura.com.br\/wp-content\/uploads\/2026\/02\/Espetaculo-Borepetei-Uno-do-Teatro-Popular-de-Ilheus_foto-divulgacao-1-scaled.jpg",2560,1707,false],"portraits":["https:\/\/boracultura.com.br\/wp-content\/uploads\/2026\/02\/Espetaculo-Borepetei-Uno-do-Teatro-Popular-de-Ilheus_foto-divulgacao-1-scaled.jpg",2560,1707,false],"thumbnail":["https:\/\/boracultura.com.br\/wp-content\/uploads\/2026\/02\/Espetaculo-Borepetei-Uno-do-Teatro-Popular-de-Ilheus_foto-divulgacao-1-150x150.jpg",150,150,true],"medium":["https:\/\/boracultura.com.br\/wp-content\/uploads\/2026\/02\/Espetaculo-Borepetei-Uno-do-Teatro-Popular-de-Ilheus_foto-divulgacao-1-300x200.jpg",300,200,true],"large":["https:\/\/boracultura.com.br\/wp-content\/uploads\/2026\/02\/Espetaculo-Borepetei-Uno-do-Teatro-Popular-de-Ilheus_foto-divulgacao-1-1024x683.jpg",800,534,true],"1536x1536":["https:\/\/boracultura.com.br\/wp-content\/uploads\/2026\/02\/Espetaculo-Borepetei-Uno-do-Teatro-Popular-de-Ilheus_foto-divulgacao-1-1536x1024.jpg",1536,1024,true],"2048x2048":["https:\/\/boracultura.com.br\/wp-content\/uploads\/2026\/02\/Espetaculo-Borepetei-Uno-do-Teatro-Popular-de-Ilheus_foto-divulgacao-1-2048x1365.jpg",2048,1365,true],"colormag-highlighted-post":["https:\/\/boracultura.com.br\/wp-content\/uploads\/2026\/02\/Espetaculo-Borepetei-Uno-do-Teatro-Popular-de-Ilheus_foto-divulgacao-1-392x272.jpg",392,272,true],"colormag-featured-post-medium":["https:\/\/boracultura.com.br\/wp-content\/uploads\/2026\/02\/Espetaculo-Borepetei-Uno-do-Teatro-Popular-de-Ilheus_foto-divulgacao-1-390x205.jpg",390,205,true],"colormag-featured-post-small":["https:\/\/boracultura.com.br\/wp-content\/uploads\/2026\/02\/Espetaculo-Borepetei-Uno-do-Teatro-Popular-de-Ilheus_foto-divulgacao-1-130x90.jpg",130,90,true],"colormag-featured-image":["https:\/\/boracultura.com.br\/wp-content\/uploads\/2026\/02\/Espetaculo-Borepetei-Uno-do-Teatro-Popular-de-Ilheus_foto-divulgacao-1-800x445.jpg",800,445,true],"colormag-default-news":["https:\/\/boracultura.com.br\/wp-content\/uploads\/2026\/02\/Espetaculo-Borepetei-Uno-do-Teatro-Popular-de-Ilheus_foto-divulgacao-1-150x150.jpg",150,150,true],"colormag-featured-image-large":["https:\/\/boracultura.com.br\/wp-content\/uploads\/2026\/02\/Espetaculo-Borepetei-Uno-do-Teatro-Popular-de-Ilheus_foto-divulgacao-1-1400x600.jpg",1400,600,true],"colormag-elementor-block-extra-large-thumbnail":["https:\/\/boracultura.com.br\/wp-content\/uploads\/2026\/02\/Espetaculo-Borepetei-Uno-do-Teatro-Popular-de-Ilheus_foto-divulgacao-1-1155x480.jpg",1155,480,true],"colormag-elementor-grid-large-thumbnail":["https:\/\/boracultura.com.br\/wp-content\/uploads\/2026\/02\/Espetaculo-Borepetei-Uno-do-Teatro-Popular-de-Ilheus_foto-divulgacao-1-600x417.jpg",600,417,true],"colormag-elementor-grid-small-thumbnail":["https:\/\/boracultura.com.br\/wp-content\/uploads\/2026\/02\/Espetaculo-Borepetei-Uno-do-Teatro-Popular-de-Ilheus_foto-divulgacao-1-285x450.jpg",285,450,true],"colormag-elementor-grid-medium-large-thumbnail":["https:\/\/boracultura.com.br\/wp-content\/uploads\/2026\/02\/Espetaculo-Borepetei-Uno-do-Teatro-Popular-de-Ilheus_foto-divulgacao-1-575x198.jpg",575,198,true],"psacp-medium":["https:\/\/boracultura.com.br\/wp-content\/uploads\/2026\/02\/Espetaculo-Borepetei-Uno-do-Teatro-Popular-de-Ilheus_foto-divulgacao-1-500x500.jpg",500,500,true]},"rttpg_author":{"display_name":"boracultura@gmail.com","author_link":"https:\/\/boracultura.com.br\/index.php\/author\/boraculturagmail-com\/"},"rttpg_comment":0,"rttpg_category":"<a href=\"https:\/\/boracultura.com.br\/index.php\/category\/noticias\/\" rel=\"category tag\">Not\u00edcias<\/a> <a href=\"https:\/\/boracultura.com.br\/index.php\/category\/noticias\/teatro\/\" rel=\"category tag\">Teatro<\/a>","rttpg_excerpt":"Integrando a programa\u00e7\u00e3o do projeto O Vila Ocupa o MAB, as apresenta\u00e7\u00f5es ser\u00e3o no m\u00eas de abril, no Museu de","_links":{"self":[{"href":"https:\/\/boracultura.com.br\/index.php\/wp-json\/wp\/v2\/posts\/1234","targetHints":{"allow":["GET"]}}],"collection":[{"href":"https:\/\/boracultura.com.br\/index.php\/wp-json\/wp\/v2\/posts"}],"about":[{"href":"https:\/\/boracultura.com.br\/index.php\/wp-json\/wp\/v2\/types\/post"}],"author":[{"embeddable":true,"href":"https:\/\/boracultura.com.br\/index.php\/wp-json\/wp\/v2\/users\/1"}],"replies":[{"embeddable":true,"href":"https:\/\/boracultura.com.br\/index.php\/wp-json\/wp\/v2\/comments?post=1234"}],"version-history":[{"count":1,"href":"https:\/\/boracultura.com.br\/index.php\/wp-json\/wp\/v2\/posts\/1234\/revisions"}],"predecessor-version":[{"id":1236,"href":"https:\/\/boracultura.com.br\/index.php\/wp-json\/wp\/v2\/posts\/1234\/revisions\/1236"}],"wp:featuredmedia":[{"embeddable":true,"href":"https:\/\/boracultura.com.br\/index.php\/wp-json\/wp\/v2\/media\/1235"}],"wp:attachment":[{"href":"https:\/\/boracultura.com.br\/index.php\/wp-json\/wp\/v2\/media?parent=1234"}],"wp:term":[{"taxonomy":"category","embeddable":true,"href":"https:\/\/boracultura.com.br\/index.php\/wp-json\/wp\/v2\/categories?post=1234"},{"taxonomy":"post_tag","embeddable":true,"href":"https:\/\/boracultura.com.br\/index.php\/wp-json\/wp\/v2\/tags?post=1234"}],"curies":[{"name":"wp","href":"https:\/\/api.w.org\/{rel}","templated":true}]}}