{"id":1268,"date":"2026-02-10T23:58:37","date_gmt":"2026-02-11T02:58:37","guid":{"rendered":"https:\/\/boracultura.com.br\/?p=1268"},"modified":"2026-02-25T23:23:39","modified_gmt":"2026-02-26T02:23:39","slug":"itaparica-folia-2026-comeca-sexta-feira-13-com-cinco-dias-de-shows-blocos-e-muita-animacao","status":"publish","type":"post","link":"https:\/\/boracultura.com.br\/index.php\/2026\/02\/10\/itaparica-folia-2026-comeca-sexta-feira-13-com-cinco-dias-de-shows-blocos-e-muita-animacao\/","title":{"rendered":"Itaparica Folia 2026 come\u00e7a sexta-feira (13) com cinco dias de shows, blocos e muita anima\u00e7\u00e3o"},"content":{"rendered":"\n<p>Folia contar\u00e1 com atra\u00e7\u00f5es como Jau, J. Eskine, Gilmel\u00e2ndia, Guga Meyra, Viola de Doze, Isaque Gomes, O Maestro, Ah Chapa\u00a0 e Samba do Peu<\/p>\n\n\n\n<p>Itaparica entra oficialmente no ritmo do Carnaval a partir desta sexta-feira (13), com a abertura do <strong>Itaparica Folia 2026<\/strong>. A cidade se prepara para<strong> <\/strong>cinco dias de festa, com uma programa\u00e7\u00e3o especial, que promete animar moradores e turistas que escolheram a Ilha para curtir a folia tendo como cen\u00e1rio as praias paradis\u00edacas da Ba\u00eda de Todos-os-Santos. Entre as atra\u00e7\u00f5es confirmadas para este ano est\u00e3o os cantores Jau, J.Eskine, Viola de Doze, Isaque Gomes, Gilmel\u00e2ndia, Guga Meyra,&nbsp; O Maestro, Ah Chapa e Samba do Peu.<\/p>\n\n\n\n<p>Os shows acontecem no palco montado na Pra\u00e7a da Quitanda, que ser\u00e1 novamente o principal ponto de encontro dos foli\u00f5es, reunindo diferentes estilos musicais ao longo dos dias de festa. Al\u00e9m das apresenta\u00e7\u00f5es no palco, os blocos de trio v\u00e3o percorrer as principais ruas da cidade, levando m\u00fasica e anima\u00e7\u00e3o para diversos bairros e circuitos. A programa\u00e7\u00e3o diversificada promete atrair foli\u00f5es de todas as idades que desejam aproveitar a temporada carnavalesca com anima\u00e7\u00e3o e tranquilidade.\u00a0<\/p>\n\n\n\n<p><strong>Palco<\/strong> &#8211; Na sexta-feira (13), os foli\u00f5es poder\u00e3o curtir os shows do cantor Jau, J. Eskine, Samba do Peu e Renanzinho CBX, que comandam a primeira noite de festa. No s\u00e1bado (14), a programa\u00e7\u00e3o segue com apresenta\u00e7\u00f5es da banda de pagode Ah Chapa, Arroz Doce, Pegando no Tombo e o reggae de Isaque Gomes. No domingo (15), a festa tamb\u00e9m abre espa\u00e7o para toda a fam\u00edlia, com a apresenta\u00e7\u00e3o do grupo infantil Gato Multicores. A programa\u00e7\u00e3o continua com shows de Duas Medidas, o cantor Montanha, o samba da Viola de Doze e a banda Raneychas.<\/p>\n\n\n\n<p>Na segunda-feira (16), a anima\u00e7\u00e3o come\u00e7a com Charanga, seguida pelos shows de Dan Miranda (ex-Filhos de Jorge), Ney D&#8217;Resenha, Pagode do Crix e banda Clara Evid\u00eancia, mantendo o ritmo da festa at\u00e9 a madrugada. Para encerrar a programa\u00e7\u00e3o do Itaparica Folia 2026, a ter\u00e7a-feira (17) contar\u00e1 com apresenta\u00e7\u00f5es da Charanga, banda Dois Amores, Larissa Gomes, Kaylan o Topzinho e Gabriel Fidelis, fechando os cinco dias de Carnaval.<\/p>\n\n\n\n<p><strong>Blocos &#8211; <\/strong>Durante os cinco dias de folia, al\u00e9m das atra\u00e7\u00f5es do palco da Quitanda, os foli\u00f5es podem se divertir tamb\u00e9m com os desfiles de blocos nos circuitos Maria Felipa e Catarina Paraguassu, que percorrem a orla de Itaparica, passando tamb\u00e9m por diversos bairros da cidade. Com apoio da prefeitura de Itaparica, os blocos n\u00e3o possuem cordas e arrastam multid\u00f5es de foli\u00f5es atr\u00e1s do trio.<\/p>\n\n\n\n<p>Na sexta-feira (13), desfilam o tradicional Bloco das Camisolas , com o cantor Z\u00e9 Pared\u00e3o, Bloco Alegria e Fantasia e o Bloco do Marcelinho Arrast\u00e3o da Paz. No s\u00e1bado (14), \u00e9 a vez do Bloco Cheiro da Ilha, que desfila pelo circuito Maria Felipa com o cantor Guga Meyra. No domingo (15), o p\u00fablico acompanha os desfiles dos blocos Afox\u00e9 Ob\u00e1, Me Chama Que Eu Vou, As Bandidas, Afroturbantadas, Aqui D\u00e1 Samba e As Nikets.<\/p>\n\n\n\n<p>A segunda-feira (16) re\u00fane uma programa\u00e7\u00e3o intensa com os blocos Cheiro da Ilha, trazendo a cantora Gilmel\u00e2ndia,&nbsp; Arrast\u00e3o dos Amigos de Jorge, Arrast\u00e3o do Lopes e Borracha Mole, levando alegria aos circuitos Maria Felipa, Mangueirinhos e Catarina Paraguassu. Encerrando a folia, na ter\u00e7a-feira (17), desfilam o Bloco Camisolas com o cantor O Maestro, Afox\u00e9 Ob\u00e1, Bloco Aqui D\u00e1 Samba e As Nikets, fechando o Carnaval de Itaparica com muita m\u00fasica, tradi\u00e7\u00e3o e participa\u00e7\u00e3o popular.<\/p>\n\n\n\n<p><strong>SERVI\u00c7O<\/strong><br><strong>Itaparica Folia 2026\u00a0<\/strong><\/p>\n\n\n\n<p><strong>PROGRAMA\u00c7\u00c3O PALCO DA QUITANDA<\/strong><\/p>\n\n\n\n<p><strong>Sexta-feira \u2013 13 de fevereiro (Abertura Oficial)<br><\/strong>18h \u2013 Samba do Peu<br>19h30 \u2013 J. Eskine<br>21h \u2013 Renanzinho CBX<br>23h \u2013 Jau\u00a0<\/p>\n\n\n\n<p><strong>S\u00e1bado \u2013 14 de fevereiro<\/strong><br>19h \u2013 Ah Chapa<br>20h30 \u2013 Arroz Doce<br>22h \u2013 Pegando no Tombo<br>0h30 \u2013 Isaque Gomes<\/p>\n\n\n\n<p><strong>Domingo \u2013 15 de fevereiro<\/strong><br>17h \u2013 Gato Multicores<br>18h30 \u2013 Duas Medidas<br>20h30 \u2013 Montanha<br>22h30 \u2013 Viola de Doze<br>0h30 \u2013 Banda Raneychas<\/p>\n\n\n\n<p><strong>Segunda-feira \u2013 16 de fevereiro<\/strong><br>18h \u2013 Charanga<br>19h \u2013 Dan Miranda (ex-Filhos de Jorge)<br>21h \u2013 Ney D&#8217;Resenha<br>23h \u2013 Pagode do Crix<br>0h30 \u2013 Clara Evid\u00eancia<\/p>\n\n\n\n<p><strong>Ter\u00e7a-feira \u2013 17 de fevereiro<\/strong><br>18h \u2013 Charanga<br>19h \u2013 Dois Amores<br>21h &#8211; Kaylan o Topzinho<br>23h \u2013 Larissa Gomes<br>1h \u2013 Gabriel Fidelis<\/p>\n\n\n\n<p><strong>PROGRAMA\u00c7\u00c3O DOS BLOCOS<br>CIRCUITO MARIA FELIPA (Ponto Certo \u2013 Centro via Orla)<\/strong><\/p>\n\n\n\n<p><strong>Sexta-feira \u2013 13 de fevereiro<\/strong><br>13h \u00e0s 18h \u2013 Bloco Alegria e Fantasia ( Alto das Pombas)<br>20h \u2013 Bloco das Camisolas Atra\u00e7\u00e3o\u00a0&#8211; Atra\u00e7\u00e3o: Z\u00e9 Pared\u00e3o<\/p>\n\n\n\n<p><strong>S\u00e1bado \u2013 14 de fevereiro<\/strong><br>16h \u2013 Bloco Cheiro da Ilha &#8211; \u00a0Atra\u00e7\u00e3o: Guga Meyra<\/p>\n\n\n\n<p><strong>Domingo \u2013 15 de fevereiro<\/strong><br>12h\u00a0 &#8211; Primeiro Pagode de Carnaval (Pra\u00e7a do Galv\u00e3o)<br>13h \u00e0s 16h \u2013 Bloco Me Chama Que Eu Vou (ADP)<br>17h \u2013 Bloco As Bandidas (Miseric\u00f3rdia )<br>16h \u2013 Bloco Afroturbantadas (Atl\u00e2ntico)<br>15h \u2013 Bloco Aqui Da Samba (Atl\u00e2ntico)<\/p>\n\n\n\n<p><strong>Segunda-feira \u2013 16 de fevereiro<br><\/strong>16h \u2013 Bloco Cheiro da Ilha &#8211; Atra\u00e7\u00e3o: Gilmel\u00e2ndia<\/p>\n\n\n\n<p><strong>Ter\u00e7a-feira \u2013 17 de fevereiro<\/strong><br>15h \u2013 Bloco Aqui D\u00e1 Samba (Atl\u00e2ntico)<br>20h \u2013 Bloco das Camisolas (Circuito Maria Felipa)<br>Atra\u00e7\u00e3o: O Maestro<\/p>\n\n\n\n<p><strong>CIRCUITO CATARINA PARAGUA\u00c7U (Avenida Beira Mar)<\/strong><\/p>\n\n\n\n<p><strong>Sexta-feira\u00a0 &#8211; 13 de fevereiro<\/strong><br>15h \u2013 Bloco do Marcelino Arrast\u00e3o da Paz\u00a0<\/p>\n\n\n\n<p><strong>Domingo &#8211; 15 de fevereiro<\/strong><br>15h \u2013 Afox\u00e9 Ob\u00e1\u00a0<br>20h \u2013 As Nikets\u00a0<\/p>\n\n\n\n<p><strong>Segunda-feira\u00a0 &#8211; 16 de fevereiro<\/strong><br>9h \u00e0s 14h \u2013 Arrast\u00e3o dos Amigos de Jorge (Manguinhos)<br>15h \u2013 Arrast\u00e3o do Lopes (Pra\u00e7a Amoreiras)<br>15h \u00e0s 21h \u2013 Bloco Borracha Mole\u00a0<\/p>\n\n\n\n<p><strong>Ter\u00e7a-feira\u00a0 &#8211; 17 de fevereiro<\/strong><br>15h \u2013 Afox\u00e9 Ob\u00e1\u00a0<br>17h \u00e0s 21h \u2013 As Nikets\u00a0<\/p>\n\n\n\n<p>Fotos: Divulga\u00e7\u00e3o<\/p>\n","protected":false},"excerpt":{"rendered":"<p>Folia contar\u00e1 com atra\u00e7\u00f5es como Jau, J. Eskine, Gilmel\u00e2ndia, Guga Meyra, Viola de Doze, Isaque Gomes, O Maestro, Ah Chapa\u00a0<\/p>\n","protected":false},"author":1,"featured_media":1269,"comment_status":"open","ping_status":"open","sticky":false,"template":"","format":"standard","meta":{"colormag_page_container_layout":"default_layout","colormag_page_sidebar_layout":"default_layout","footnotes":""},"categories":[83,8],"tags":[82,100,36,22,229],"class_list":["post-1268","post","type-post","status-publish","format-standard","has-post-thumbnail","hentry","category-carnaval-2","category-noticias","tag-carnaval","tag-carnaval-2026","tag-cultura","tag-cultura-bahia","tag-itaparica"],"rttpg_featured_image_url":{"full":["https:\/\/boracultura.com.br\/wp-content\/uploads\/2026\/02\/Fotos-Divulgacao.png",1976,593,false],"landscape":["https:\/\/boracultura.com.br\/wp-content\/uploads\/2026\/02\/Fotos-Divulgacao.png",1976,593,false],"portraits":["https:\/\/boracultura.com.br\/wp-content\/uploads\/2026\/02\/Fotos-Divulgacao.png",1976,593,false],"thumbnail":["https:\/\/boracultura.com.br\/wp-content\/uploads\/2026\/02\/Fotos-Divulgacao-150x150.png",150,150,true],"medium":["https:\/\/boracultura.com.br\/wp-content\/uploads\/2026\/02\/Fotos-Divulgacao-300x90.png",300,90,true],"large":["https:\/\/boracultura.com.br\/wp-content\/uploads\/2026\/02\/Fotos-Divulgacao-1024x307.png",800,240,true],"1536x1536":["https:\/\/boracultura.com.br\/wp-content\/uploads\/2026\/02\/Fotos-Divulgacao-1536x461.png",1536,461,true],"2048x2048":["https:\/\/boracultura.com.br\/wp-content\/uploads\/2026\/02\/Fotos-Divulgacao.png",1976,593,false],"colormag-highlighted-post":["https:\/\/boracultura.com.br\/wp-content\/uploads\/2026\/02\/Fotos-Divulgacao-392x272.png",392,272,true],"colormag-featured-post-medium":["https:\/\/boracultura.com.br\/wp-content\/uploads\/2026\/02\/Fotos-Divulgacao-390x205.png",390,205,true],"colormag-featured-post-small":["https:\/\/boracultura.com.br\/wp-content\/uploads\/2026\/02\/Fotos-Divulgacao-130x90.png",130,90,true],"colormag-featured-image":["https:\/\/boracultura.com.br\/wp-content\/uploads\/2026\/02\/Fotos-Divulgacao-800x445.png",800,445,true],"colormag-default-news":["https:\/\/boracultura.com.br\/wp-content\/uploads\/2026\/02\/Fotos-Divulgacao-150x150.png",150,150,true],"colormag-featured-image-large":["https:\/\/boracultura.com.br\/wp-content\/uploads\/2026\/02\/Fotos-Divulgacao-1400x593.png",1400,593,true],"colormag-elementor-block-extra-large-thumbnail":["https:\/\/boracultura.com.br\/wp-content\/uploads\/2026\/02\/Fotos-Divulgacao-1155x480.png",1155,480,true],"colormag-elementor-grid-large-thumbnail":["https:\/\/boracultura.com.br\/wp-content\/uploads\/2026\/02\/Fotos-Divulgacao-600x417.png",600,417,true],"colormag-elementor-grid-small-thumbnail":["https:\/\/boracultura.com.br\/wp-content\/uploads\/2026\/02\/Fotos-Divulgacao-285x450.png",285,450,true],"colormag-elementor-grid-medium-large-thumbnail":["https:\/\/boracultura.com.br\/wp-content\/uploads\/2026\/02\/Fotos-Divulgacao-575x198.png",575,198,true],"psacp-medium":["https:\/\/boracultura.com.br\/wp-content\/uploads\/2026\/02\/Fotos-Divulgacao-500x500.png",500,500,true]},"rttpg_author":{"display_name":"boracultura@gmail.com","author_link":"https:\/\/boracultura.com.br\/index.php\/author\/boraculturagmail-com\/"},"rttpg_comment":0,"rttpg_category":"<a href=\"https:\/\/boracultura.com.br\/index.php\/category\/carnaval-2\/\" rel=\"category tag\">Carnaval<\/a> <a href=\"https:\/\/boracultura.com.br\/index.php\/category\/noticias\/\" rel=\"category tag\">Not\u00edcias<\/a>","rttpg_excerpt":"Folia contar\u00e1 com atra\u00e7\u00f5es como Jau, J. Eskine, Gilmel\u00e2ndia, Guga Meyra, Viola de Doze, Isaque Gomes, O Maestro, Ah Chapa\u00a0","_links":{"self":[{"href":"https:\/\/boracultura.com.br\/index.php\/wp-json\/wp\/v2\/posts\/1268","targetHints":{"allow":["GET"]}}],"collection":[{"href":"https:\/\/boracultura.com.br\/index.php\/wp-json\/wp\/v2\/posts"}],"about":[{"href":"https:\/\/boracultura.com.br\/index.php\/wp-json\/wp\/v2\/types\/post"}],"author":[{"embeddable":true,"href":"https:\/\/boracultura.com.br\/index.php\/wp-json\/wp\/v2\/users\/1"}],"replies":[{"embeddable":true,"href":"https:\/\/boracultura.com.br\/index.php\/wp-json\/wp\/v2\/comments?post=1268"}],"version-history":[{"count":1,"href":"https:\/\/boracultura.com.br\/index.php\/wp-json\/wp\/v2\/posts\/1268\/revisions"}],"predecessor-version":[{"id":1270,"href":"https:\/\/boracultura.com.br\/index.php\/wp-json\/wp\/v2\/posts\/1268\/revisions\/1270"}],"wp:featuredmedia":[{"embeddable":true,"href":"https:\/\/boracultura.com.br\/index.php\/wp-json\/wp\/v2\/media\/1269"}],"wp:attachment":[{"href":"https:\/\/boracultura.com.br\/index.php\/wp-json\/wp\/v2\/media?parent=1268"}],"wp:term":[{"taxonomy":"category","embeddable":true,"href":"https:\/\/boracultura.com.br\/index.php\/wp-json\/wp\/v2\/categories?post=1268"},{"taxonomy":"post_tag","embeddable":true,"href":"https:\/\/boracultura.com.br\/index.php\/wp-json\/wp\/v2\/tags?post=1268"}],"curies":[{"name":"wp","href":"https:\/\/api.w.org\/{rel}","templated":true}]}}