{"id":1297,"date":"2026-02-12T14:16:41","date_gmt":"2026-02-12T17:16:41","guid":{"rendered":"https:\/\/boracultura.com.br\/?p=1297"},"modified":"2026-02-25T23:22:03","modified_gmt":"2026-02-26T02:22:03","slug":"banda-eva-da-o-pontape-inicial-na-agenda-carnavalesca-em-salvador-nesta-sexta-13","status":"publish","type":"post","link":"https:\/\/boracultura.com.br\/index.php\/2026\/02\/12\/banda-eva-da-o-pontape-inicial-na-agenda-carnavalesca-em-salvador-nesta-sexta-13\/","title":{"rendered":"Banda Eva d\u00e1 o pontap\u00e9 inicial na agenda carnavalesca em Salvador nesta sexta (13)"},"content":{"rendered":"\n<p>\u200bA Banda EVA est\u00e1 com os motores aquecidos para uma das agendas mais ambiciosas do Carnaval 2026. Liderado por Felipe Pezzoni, o grupo inicia sua maratona nesta sexta-feira (13) com a pipoca no Circuito Campo Grande. No s\u00e1bado (14), o destaque \u00e9 o tradicional Bloco EVA, que promete arrastar uma multid\u00e3o no Circuito Barra-Ondina com a energia e o legado de um dos blocos mais ic\u00f4nicos da folia baiana.<br><br>\u200bAp\u00f3s brilhar em Salvador, a banda segue em uma turn\u00ea nacional, levando o Ax\u00e9 para os principais polos festivos do pa\u00eds, incluindo passagens por Pernambuco (Carvalheira na Ladeira), S\u00e3o Paulo e Belo Horizonte. O encerramento ocorre em grande estilo na Quarta-Feira de Cinzas, no Rio de Janeiro, durante a FeijoaJay na Sapuca\u00ed. O repert\u00f3rio mescla hinos como &#8220;Beleza Rara&#8221; e a nova aposta para este ano, &#8220;EVA Sinfonia&#8221;.<br><strong><br>\u200bServi\u00e7o \u2014 Agenda Banda EVA Carnaval 2026<\/strong><br>\u200b13\/02 (Sexta): Trio Pipoca \u2013 Circuito Campo Grande (Salvador\/BA)<br>\u200b14\/02 (S\u00e1bado): Bloco EVA \u2013 Circuito Barra-Ondina (Salvador\/BA)<br>\u200b15\/02 (Domingo): Carvalheira na Ladeira e Carnaval de Boa Viagem (Recife\/PE)<br>\u200b16\/02 (Segunda): Carnaval da Cidade (SP) e Oba Festival (S\u00e3o Jos\u00e9 do Rio Preto\/SP)<br>\u200b17\/02 (Ter\u00e7a): Carnaval dos Sonhos (Belo Horizonte\/MG)<br>\u200b18\/02 (Quarta-Feira de Cinzas): Camarote Allegria \/ Sapuca\u00ed (Rio de Janeiro\/RJ)<br>\u200bRedes Sociais: @bandaeva \/ @felipepezzoni<br><strong><br>\u200bM\u00fasica Nova: &#8220;EVA Sinfonia&#8221; \u2013 Assista aqui: https:\/\/www.youtube.com\/watch?v=kxgs_fJHYsw<\/strong><\/p>\n","protected":false},"excerpt":{"rendered":"<p>\u200bA Banda EVA est\u00e1 com os motores aquecidos para uma das agendas mais ambiciosas do Carnaval 2026. Liderado por Felipe<\/p>\n","protected":false},"author":1,"featured_media":1298,"comment_status":"open","ping_status":"open","sticky":false,"template":"","format":"standard","meta":{"colormag_page_container_layout":"default_layout","colormag_page_sidebar_layout":"default_layout","footnotes":""},"categories":[83,8],"tags":[82,100,149,36,22,71,89],"class_list":["post-1297","post","type-post","status-publish","format-standard","has-post-thumbnail","hentry","category-carnaval-2","category-noticias","tag-carnaval","tag-carnaval-2026","tag-carnaval-salvador","tag-cultura","tag-cultura-bahia","tag-musica","tag-salvador"],"rttpg_featured_image_url":{"full":["https:\/\/boracultura.com.br\/wp-content\/uploads\/2026\/02\/17709165635648818101708545571784.jpg",1200,800,false],"landscape":["https:\/\/boracultura.com.br\/wp-content\/uploads\/2026\/02\/17709165635648818101708545571784.jpg",1200,800,false],"portraits":["https:\/\/boracultura.com.br\/wp-content\/uploads\/2026\/02\/17709165635648818101708545571784.jpg",1200,800,false],"thumbnail":["https:\/\/boracultura.com.br\/wp-content\/uploads\/2026\/02\/17709165635648818101708545571784-150x150.jpg",150,150,true],"medium":["https:\/\/boracultura.com.br\/wp-content\/uploads\/2026\/02\/17709165635648818101708545571784-300x200.jpg",300,200,true],"large":["https:\/\/boracultura.com.br\/wp-content\/uploads\/2026\/02\/17709165635648818101708545571784-1024x683.jpg",800,534,true],"1536x1536":["https:\/\/boracultura.com.br\/wp-content\/uploads\/2026\/02\/17709165635648818101708545571784.jpg",1200,800,false],"2048x2048":["https:\/\/boracultura.com.br\/wp-content\/uploads\/2026\/02\/17709165635648818101708545571784.jpg",1200,800,false],"colormag-highlighted-post":["https:\/\/boracultura.com.br\/wp-content\/uploads\/2026\/02\/17709165635648818101708545571784-392x272.jpg",392,272,true],"colormag-featured-post-medium":["https:\/\/boracultura.com.br\/wp-content\/uploads\/2026\/02\/17709165635648818101708545571784-390x205.jpg",390,205,true],"colormag-featured-post-small":["https:\/\/boracultura.com.br\/wp-content\/uploads\/2026\/02\/17709165635648818101708545571784-130x90.jpg",130,90,true],"colormag-featured-image":["https:\/\/boracultura.com.br\/wp-content\/uploads\/2026\/02\/17709165635648818101708545571784-800x445.jpg",800,445,true],"colormag-default-news":["https:\/\/boracultura.com.br\/wp-content\/uploads\/2026\/02\/17709165635648818101708545571784-150x150.jpg",150,150,true],"colormag-featured-image-large":["https:\/\/boracultura.com.br\/wp-content\/uploads\/2026\/02\/17709165635648818101708545571784-1200x600.jpg",1200,600,true],"colormag-elementor-block-extra-large-thumbnail":["https:\/\/boracultura.com.br\/wp-content\/uploads\/2026\/02\/17709165635648818101708545571784-1155x480.jpg",1155,480,true],"colormag-elementor-grid-large-thumbnail":["https:\/\/boracultura.com.br\/wp-content\/uploads\/2026\/02\/17709165635648818101708545571784-600x417.jpg",600,417,true],"colormag-elementor-grid-small-thumbnail":["https:\/\/boracultura.com.br\/wp-content\/uploads\/2026\/02\/17709165635648818101708545571784-285x450.jpg",285,450,true],"colormag-elementor-grid-medium-large-thumbnail":["https:\/\/boracultura.com.br\/wp-content\/uploads\/2026\/02\/17709165635648818101708545571784-575x198.jpg",575,198,true],"psacp-medium":["https:\/\/boracultura.com.br\/wp-content\/uploads\/2026\/02\/17709165635648818101708545571784-500x500.jpg",500,500,true]},"rttpg_author":{"display_name":"boracultura@gmail.com","author_link":"https:\/\/boracultura.com.br\/index.php\/author\/boraculturagmail-com\/"},"rttpg_comment":0,"rttpg_category":"<a href=\"https:\/\/boracultura.com.br\/index.php\/category\/carnaval-2\/\" rel=\"category tag\">Carnaval<\/a> <a href=\"https:\/\/boracultura.com.br\/index.php\/category\/noticias\/\" rel=\"category tag\">Not\u00edcias<\/a>","rttpg_excerpt":"\u200bA Banda EVA est\u00e1 com os motores aquecidos para uma das agendas mais ambiciosas do Carnaval 2026. Liderado por Felipe","_links":{"self":[{"href":"https:\/\/boracultura.com.br\/index.php\/wp-json\/wp\/v2\/posts\/1297","targetHints":{"allow":["GET"]}}],"collection":[{"href":"https:\/\/boracultura.com.br\/index.php\/wp-json\/wp\/v2\/posts"}],"about":[{"href":"https:\/\/boracultura.com.br\/index.php\/wp-json\/wp\/v2\/types\/post"}],"author":[{"embeddable":true,"href":"https:\/\/boracultura.com.br\/index.php\/wp-json\/wp\/v2\/users\/1"}],"replies":[{"embeddable":true,"href":"https:\/\/boracultura.com.br\/index.php\/wp-json\/wp\/v2\/comments?post=1297"}],"version-history":[{"count":1,"href":"https:\/\/boracultura.com.br\/index.php\/wp-json\/wp\/v2\/posts\/1297\/revisions"}],"predecessor-version":[{"id":1299,"href":"https:\/\/boracultura.com.br\/index.php\/wp-json\/wp\/v2\/posts\/1297\/revisions\/1299"}],"wp:featuredmedia":[{"embeddable":true,"href":"https:\/\/boracultura.com.br\/index.php\/wp-json\/wp\/v2\/media\/1298"}],"wp:attachment":[{"href":"https:\/\/boracultura.com.br\/index.php\/wp-json\/wp\/v2\/media?parent=1297"}],"wp:term":[{"taxonomy":"category","embeddable":true,"href":"https:\/\/boracultura.com.br\/index.php\/wp-json\/wp\/v2\/categories?post=1297"},{"taxonomy":"post_tag","embeddable":true,"href":"https:\/\/boracultura.com.br\/index.php\/wp-json\/wp\/v2\/tags?post=1297"}],"curies":[{"name":"wp","href":"https:\/\/api.w.org\/{rel}","templated":true}]}}