{"id":1340,"date":"2026-02-19T22:09:21","date_gmt":"2026-02-20T01:09:21","guid":{"rendered":"https:\/\/boracultura.com.br\/?p=1340"},"modified":"2026-02-19T22:09:24","modified_gmt":"2026-02-20T01:09:24","slug":"espetaculo-1798-lucas-dantas-estreia-no-teatro-sesi-rio-vermelho-em-salvador","status":"publish","type":"post","link":"https:\/\/boracultura.com.br\/index.php\/2026\/02\/19\/espetaculo-1798-lucas-dantas-estreia-no-teatro-sesi-rio-vermelho-em-salvador\/","title":{"rendered":"Espet\u00e1culo \u201c1798 \u2013 Lucas Dantas\u201d estreia no Teatro SESI Rio Vermelho, em Salvador"},"content":{"rendered":"\n<p>Pe\u00e7a sobre a Revolta dos B\u00fazios entra em cartaz dias 11, 12, 18 e 19 de mar\u00e7o<\/p>\n\n\n\n<p>1798 \u2013 Lucas Dantas: Um Her\u00f3i de B\u00fazios&#8221; resgata a mem\u00f3ria negra e transforma a hist\u00f3ria em rito c\u00eanico no Teatro SESI Rio Vermelho<\/p>\n\n\n\n<p>A Revolta dos B\u00fazios ganha corpo, voz e pulsa\u00e7\u00e3o no espet\u00e1culo&nbsp;<strong>&#8220;1798 \u2013 Lucas Dantas: Um Her\u00f3i de B\u00fazios&#8221;<\/strong>, nova cria\u00e7\u00e3o da&nbsp;<strong>Cia de Teatro Gente<\/strong>, que estreia em mar\u00e7o no Teatro SESI Rio Vermelho. A pe\u00e7a fica em cartaz dias 11, 12, 18 e 19 de mar\u00e7o (quartas e quintas), \u00e0s 20h, com ingressos a R$ 60 (inteira) | R$ 30 (meia) | R$ 80 (casadinha) \u2013 Sympla.<br>A montagem revisita um dos mais importantes levantes populares e anticoloniais da hist\u00f3ria do Brasil a partir da perspectiva de&nbsp;<strong>Lucas Dantas de Amorim Torres<\/strong>, jovem negro, soldado e m\u00e1rtir do movimento, historicamente silenciado pelos registros oficiais.<\/p>\n\n\n\n<p>Em cena,&nbsp;<strong>Everton Machado<\/strong>&nbsp;conduz um solo de intensa for\u00e7a f\u00edsica, vocal e simb\u00f3lica. Hist\u00f3ria, poesia, m\u00fasica e ritual se entrela\u00e7am em uma dramaturgia que desloca o olhar historiogr\u00e1fico tradicional e recoloca Lucas Dantas no centro da narrativa \u2014 n\u00e3o como figurante da hist\u00f3ria, mas como&nbsp;<strong>sujeito pol\u00edtico, intelectual e revolucion\u00e1rio<\/strong>. O espet\u00e1culo transforma o palco em espa\u00e7o de escuta, confronto e celebra\u00e7\u00e3o da mem\u00f3ria negra.<\/p>\n\n\n\n<p>Mais do que uma reconstitui\u00e7\u00e3o hist\u00f3rica,&nbsp;<strong>&#8220;1798 \u2013 Lucas Dantas: Um Her\u00f3i de B\u00fazios&#8221;<\/strong>&nbsp;se afirma como um&nbsp;<strong>ato de insurg\u00eancia c\u00eanica<\/strong>, dialogando diretamente com o presente ao abordar temas urgentes como racismo estrutural, colonialidade, apagamento da mem\u00f3ria negra e os projetos de liberdade gestados \u00e0 margem do poder. O corpo do ator torna-se&nbsp;<strong>arquivo vivo<\/strong>, territ\u00f3rio de disputa e ferramenta pedag\u00f3gica, convocando o p\u00fablico a refletir sobre quem escreve a hist\u00f3ria \u2014 e a quem ela serve.<\/p>\n\n\n\n<p><strong>Sinopse<\/strong><\/p>\n\n\n\n<p>\u00c0s v\u00e9speras da execu\u00e7\u00e3o, Lucas Dantas revisita sua trajet\u00f3ria, seus sonhos, alian\u00e7as e rupturas. Em um fluxo que mistura mem\u00f3ria, del\u00edrio e lucidez, o personagem atravessa o tempo e convoca o p\u00fablico a testemunhar n\u00e3o apenas sua morte, mas, sobretudo, seu&nbsp;<strong>projeto de liberdade<\/strong>. O espet\u00e1culo transforma o pat\u00edbulo em tribuna e a cena em rito de passagem entre passado e presente, onde palavra, canto e movimento constroem um gesto coletivo de mem\u00f3ria.<\/p>\n\n\n\n<p><strong>A montagem<\/strong><\/p>\n\n\n\n<p>O espet\u00e1culo marca o&nbsp;<strong>primeiro mon\u00f3logo da carreira de Everton Machado<\/strong>, que celebra&nbsp;<strong>30 anos de trajet\u00f3ria<\/strong>&nbsp;nas artes c\u00eanicas, no cinema e na televis\u00e3o. A cria\u00e7\u00e3o nasce do encontro entre a pesquisa acad\u00eamica do ator \u2014 desenvolvida em seu Doutorado em Educa\u00e7\u00e3o pela UFBA, com foco na Revolta dos B\u00fazios \u2014 e um processo colaborativo que articula encena\u00e7\u00e3o contempor\u00e2nea, musicalidade afro-brasileira, dramaturgia da voz, multilinguagem e tecnologia c\u00eanica.<\/p>\n\n\n\n<p>Com est\u00e9tica ritual\u00edstica e minimalista, a encena\u00e7\u00e3o \u00e9 potencializada por&nbsp;<strong>videomapping, trilha sonora original e desenho de luz<\/strong>, criando uma atmosfera de forte densidade simb\u00f3lica sem abrir m\u00e3o do rigor hist\u00f3rico. A obra tamb\u00e9m se destaca por sua&nbsp;<strong>voca\u00e7\u00e3o formativa<\/strong>, dialogando com espa\u00e7os educativos e projetos pedag\u00f3gicos, reafirmando o teatro como instrumento de mem\u00f3ria, reflex\u00e3o cr\u00edtica e transforma\u00e7\u00e3o social.<\/p>\n\n\n\n<p><strong>Um arsenal de talentos do teatro baiano<\/strong><\/p>\n\n\n\n<p>Embora seja um solo em cena, Everton Machado reuniu um verdadeiro&nbsp;<strong>arsenal de estrelas nos bastidores<\/strong>, com cerca de 15 profissionais renomados do teatro baiano. A ficha t\u00e9cnica re\u00fane nomes como&nbsp;<strong>Nathan Marreiro<\/strong>&nbsp;(dire\u00e7\u00e3o, cenografia e dramaturgia),&nbsp;<strong>Maur\u00edcio Louren\u00e7o<\/strong>&nbsp;(dire\u00e7\u00e3o musical),&nbsp;<strong>Jorge Silva<\/strong>&nbsp;(dire\u00e7\u00e3o de movimento),&nbsp;<strong>C\u00e1ssio Caiazzo<\/strong>&nbsp;(Figurino),&nbsp;<strong>F\u00e1bio Esp\u00edrito Santo<\/strong>&nbsp;(ilumina\u00e7\u00e3o),&nbsp;<strong>Fao Miranda<\/strong>&nbsp;(dramaturgia da voz),&nbsp;<strong>Ceci Alves<\/strong>&nbsp;(multim\u00eddia) e imagens do document\u00e1rio&nbsp;<em>1798 \u2013 Revolta dos B\u00fazios<\/em>, de&nbsp;<strong>Ant\u00f4nio Olavo<\/strong>, entre outros.<\/p>\n\n\n\n<p><strong>Um ator em proje\u00e7\u00e3o internacional<\/strong><\/p>\n\n\n\n<p>Everton Machado vive um momento de consagra\u00e7\u00e3o art\u00edstica. Em 2024, foi indicado ao&nbsp;<strong>Los Angeles Brazilian Film Festival (LABRFF)<\/strong>&nbsp;pelo filme&nbsp;<em>Caf\u00e9, Pepi e Lim\u00e3o<\/em>, al\u00e9m de acumular pr\u00eamios no teatro e passagens pela TV Globo, Amazon\/Audible e s\u00e9ries in\u00e9ditas. Ap\u00f3s a temporada em Salvador, o espet\u00e1culo inicia sua&nbsp;<strong>primeira turn\u00ea internacional<\/strong>, com apresenta\u00e7\u00e3o no&nbsp;<strong>Festival Internacional de Luanda (Angola)<\/strong>, em maio, e participa\u00e7\u00e3o no&nbsp;<strong>FESTTO (MG)<\/strong>, em junho.<\/p>\n\n\n\n<p><strong>A Companhia<\/strong><\/p>\n\n\n\n<p>Com mais de 20 anos de trajet\u00f3ria, a&nbsp;<strong>Cia de Teatro Gente<\/strong>&nbsp;desenvolve uma pesquisa continuada voltada para o teatro pol\u00edtico, a forma\u00e7\u00e3o de p\u00fablico e a valoriza\u00e7\u00e3o de narrativas negras e populares. Reconhecida pelo impacto est\u00e9tico e social de suas montagens, a companhia atua tamb\u00e9m em a\u00e7\u00f5es formativas, circula\u00e7\u00e3o art\u00edstica e projetos educativos,&nbsp;Consolidando-se como refer\u00eancia na cena teatral baiana, com montagens como &#8216;Barrela&#8217;, que rendeu o Pr\u00eamio Braskem a Everton Machado, e &#8216;Balada de um Palha\u00e7o&#8217;, com Everton indicado em 2019)&#8221;<\/p>\n\n\n\n<p><strong>SERVI\u00c7O<\/strong><\/p>\n\n\n\n<p><strong>Espet\u00e1culo:<\/strong>&nbsp;<em>1798 \u2013 Lucas Dantas: Um Her\u00f3i de B\u00fazios<\/em><br><strong>Ator:<\/strong>&nbsp;Everton Machado<br><strong>Local:<\/strong>&nbsp;Teatro SESI Rio Vermelho \u2013 Rua Borges dos Reis, 9<br><strong>Datas:<\/strong>&nbsp;11, 12, 18 e 19 de mar\u00e7o (quartas e quintas)<br><strong>Hor\u00e1rio:<\/strong>&nbsp;20h<br><strong>Ingressos:<\/strong>&nbsp;R$ 60 (inteira) | R$ 30 (meia) | R$ 80 (casadinha) \u2013 Sympla<br><strong>Realiza\u00e7\u00e3o:<\/strong>&nbsp;Cia de Teatro Gente \/ EAG \u2013 Escola de Arte Gente<\/p>\n\n\n\n<p>Foto: Everton Machado<\/p>\n","protected":false},"excerpt":{"rendered":"<p>Pe\u00e7a sobre a Revolta dos B\u00fazios entra em cartaz dias 11, 12, 18 e 19 de mar\u00e7o 1798 \u2013 Lucas<\/p>\n","protected":false},"author":1,"featured_media":1341,"comment_status":"open","ping_status":"open","sticky":false,"template":"","format":"standard","meta":{"colormag_page_container_layout":"default_layout","colormag_page_sidebar_layout":"default_layout","footnotes":""},"categories":[8,46],"tags":[23,95,21],"class_list":["post-1340","post","type-post","status-publish","format-standard","has-post-thumbnail","hentry","category-noticias","category-teatro","tag-teatro","tag-teatro-baiano","tag-teatro-salvador"],"rttpg_featured_image_url":{"full":["https:\/\/boracultura.com.br\/wp-content\/uploads\/2026\/02\/Everton-Machado-4.jpeg",1270,847,false],"landscape":["https:\/\/boracultura.com.br\/wp-content\/uploads\/2026\/02\/Everton-Machado-4.jpeg",1270,847,false],"portraits":["https:\/\/boracultura.com.br\/wp-content\/uploads\/2026\/02\/Everton-Machado-4.jpeg",1270,847,false],"thumbnail":["https:\/\/boracultura.com.br\/wp-content\/uploads\/2026\/02\/Everton-Machado-4-150x150.jpeg",150,150,true],"medium":["https:\/\/boracultura.com.br\/wp-content\/uploads\/2026\/02\/Everton-Machado-4-300x200.jpeg",300,200,true],"large":["https:\/\/boracultura.com.br\/wp-content\/uploads\/2026\/02\/Everton-Machado-4-1024x683.jpeg",800,534,true],"1536x1536":["https:\/\/boracultura.com.br\/wp-content\/uploads\/2026\/02\/Everton-Machado-4.jpeg",1270,847,false],"2048x2048":["https:\/\/boracultura.com.br\/wp-content\/uploads\/2026\/02\/Everton-Machado-4.jpeg",1270,847,false],"colormag-highlighted-post":["https:\/\/boracultura.com.br\/wp-content\/uploads\/2026\/02\/Everton-Machado-4-392x272.jpeg",392,272,true],"colormag-featured-post-medium":["https:\/\/boracultura.com.br\/wp-content\/uploads\/2026\/02\/Everton-Machado-4-390x205.jpeg",390,205,true],"colormag-featured-post-small":["https:\/\/boracultura.com.br\/wp-content\/uploads\/2026\/02\/Everton-Machado-4-130x90.jpeg",130,90,true],"colormag-featured-image":["https:\/\/boracultura.com.br\/wp-content\/uploads\/2026\/02\/Everton-Machado-4-800x445.jpeg",800,445,true],"colormag-default-news":["https:\/\/boracultura.com.br\/wp-content\/uploads\/2026\/02\/Everton-Machado-4-150x150.jpeg",150,150,true],"colormag-featured-image-large":["https:\/\/boracultura.com.br\/wp-content\/uploads\/2026\/02\/Everton-Machado-4-1270x600.jpeg",1270,600,true],"colormag-elementor-block-extra-large-thumbnail":["https:\/\/boracultura.com.br\/wp-content\/uploads\/2026\/02\/Everton-Machado-4-1155x480.jpeg",1155,480,true],"colormag-elementor-grid-large-thumbnail":["https:\/\/boracultura.com.br\/wp-content\/uploads\/2026\/02\/Everton-Machado-4-600x417.jpeg",600,417,true],"colormag-elementor-grid-small-thumbnail":["https:\/\/boracultura.com.br\/wp-content\/uploads\/2026\/02\/Everton-Machado-4-285x450.jpeg",285,450,true],"colormag-elementor-grid-medium-large-thumbnail":["https:\/\/boracultura.com.br\/wp-content\/uploads\/2026\/02\/Everton-Machado-4-575x198.jpeg",575,198,true],"psacp-medium":["https:\/\/boracultura.com.br\/wp-content\/uploads\/2026\/02\/Everton-Machado-4-500x500.jpeg",500,500,true]},"rttpg_author":{"display_name":"boracultura@gmail.com","author_link":"https:\/\/boracultura.com.br\/index.php\/author\/boraculturagmail-com\/"},"rttpg_comment":0,"rttpg_category":"<a href=\"https:\/\/boracultura.com.br\/index.php\/category\/noticias\/\" rel=\"category tag\">Not\u00edcias<\/a> <a href=\"https:\/\/boracultura.com.br\/index.php\/category\/noticias\/teatro\/\" rel=\"category tag\">Teatro<\/a>","rttpg_excerpt":"Pe\u00e7a sobre a Revolta dos B\u00fazios entra em cartaz dias 11, 12, 18 e 19 de mar\u00e7o 1798 \u2013 Lucas","_links":{"self":[{"href":"https:\/\/boracultura.com.br\/index.php\/wp-json\/wp\/v2\/posts\/1340","targetHints":{"allow":["GET"]}}],"collection":[{"href":"https:\/\/boracultura.com.br\/index.php\/wp-json\/wp\/v2\/posts"}],"about":[{"href":"https:\/\/boracultura.com.br\/index.php\/wp-json\/wp\/v2\/types\/post"}],"author":[{"embeddable":true,"href":"https:\/\/boracultura.com.br\/index.php\/wp-json\/wp\/v2\/users\/1"}],"replies":[{"embeddable":true,"href":"https:\/\/boracultura.com.br\/index.php\/wp-json\/wp\/v2\/comments?post=1340"}],"version-history":[{"count":1,"href":"https:\/\/boracultura.com.br\/index.php\/wp-json\/wp\/v2\/posts\/1340\/revisions"}],"predecessor-version":[{"id":1342,"href":"https:\/\/boracultura.com.br\/index.php\/wp-json\/wp\/v2\/posts\/1340\/revisions\/1342"}],"wp:featuredmedia":[{"embeddable":true,"href":"https:\/\/boracultura.com.br\/index.php\/wp-json\/wp\/v2\/media\/1341"}],"wp:attachment":[{"href":"https:\/\/boracultura.com.br\/index.php\/wp-json\/wp\/v2\/media?parent=1340"}],"wp:term":[{"taxonomy":"category","embeddable":true,"href":"https:\/\/boracultura.com.br\/index.php\/wp-json\/wp\/v2\/categories?post=1340"},{"taxonomy":"post_tag","embeddable":true,"href":"https:\/\/boracultura.com.br\/index.php\/wp-json\/wp\/v2\/tags?post=1340"}],"curies":[{"name":"wp","href":"https:\/\/api.w.org\/{rel}","templated":true}]}}