{"id":1343,"date":"2026-02-19T22:35:35","date_gmt":"2026-02-20T01:35:35","guid":{"rendered":"https:\/\/boracultura.com.br\/?p=1343"},"modified":"2026-02-19T22:36:25","modified_gmt":"2026-02-20T01:36:25","slug":"solo-o-avo-e-o-rio-com-israel-barreto-entra-em-cartaz-no-teatro-gamboa","status":"publish","type":"post","link":"https:\/\/boracultura.com.br\/index.php\/2026\/02\/19\/solo-o-avo-e-o-rio-com-israel-barreto-entra-em-cartaz-no-teatro-gamboa\/","title":{"rendered":"Solo \u201cO Av\u00f4 e o Rio\u201d, com Israel Barreto, entra em cartaz no Teatro Gamboa"},"content":{"rendered":"\n<p>Espet\u00e1culo inspirado em conto de Aleilton Fonseca faz temporada entre fevereiro e mar\u00e7o, em Salvador<\/p>\n\n\n\n<p>O Teatro Gamboa recebe, nos dias <strong>25 de fevereiro<\/strong> e <strong>04, 11, 18 e 25 de mar\u00e7o<\/strong>, o espet\u00e1culo <strong><em>O Av\u00f4 e o Rio<\/em><\/strong>, primeiro solo do ator <strong>Israel Barreto<\/strong>, integrante do coletivo Duo. A montagem nasce do conto hom\u00f4nimo do escritor baiano <strong>Aleilton Fonseca<\/strong>, membro da Academia de Letras da Bahia, e transforma em poesia c\u00eanica a rela\u00e7\u00e3o entre um neto, seu av\u00f4 e o rio que atravessa suas exist\u00eancias.<\/p>\n\n\n\n<p>No espet\u00e1culo, o rio \u2014 presen\u00e7a viva que transborda, escava, leva e traz mem\u00f3rias \u2014 torna-se personagem fundamental. Suas <strong>cheias e vazantes<\/strong> dialogam com os ciclos da vida e com o processo de aterramento simb\u00f3lico e f\u00edsico que altera paisagens, mem\u00f3rias e afetos. O solo percorre o fluxo dessas \u00e1guas para revelar, com delicadeza, humor e lirismo, as hist\u00f3rias de um menino que cresce \u00e0 beira do rio e de um av\u00f4 que o ensina a escutar seus segredos.<\/p>\n\n\n\n<p>Com <strong>dire\u00e7\u00e3o e adapta\u00e7\u00e3o dramat\u00fargica de Roquildes Junior<\/strong>, a encena\u00e7\u00e3o constr\u00f3i um ambiente em que corpo, palavra e imagina\u00e7\u00e3o se entrela\u00e7am. O int\u00e9rprete-narrador atravessa lembran\u00e7as e sensa\u00e7\u00f5es enquanto recria, no espa\u00e7o c\u00eanico, a for\u00e7a dos v\u00ednculos familiares e a pot\u00eancia simb\u00f3lica dos rios como lugares de origem, mem\u00f3ria e perten\u00e7a.<\/p>\n\n\n\n<p><strong><em>O Av\u00f4 e o Rio<\/em><\/strong> prop\u00f5e um mergulho sens\u00edvel no tempo, na natureza e nas rela\u00e7\u00f5es humanas. \u00c9 um convite para revisitar as \u00e1guas que nos formam e refletir sobre os espa\u00e7os \u2014 reais e afetivos \u2014 que a moderniza\u00e7\u00e3o insiste em aterrar.<\/p>\n\n\n\n<hr class=\"wp-block-separator has-alpha-channel-opacity\"\/>\n\n\n\n<figure class=\"wp-block-image size-large\"><img fetchpriority=\"high\" decoding=\"async\" width=\"1024\" height=\"682\" src=\"https:\/\/boracultura.com.br\/wp-content\/uploads\/2026\/02\/WhatsApp-Image-2026-02-19-at-13.43.56-1024x682.jpeg\" alt=\"\" class=\"wp-image-1346\" srcset=\"https:\/\/boracultura.com.br\/wp-content\/uploads\/2026\/02\/WhatsApp-Image-2026-02-19-at-13.43.56-1024x682.jpeg 1024w, https:\/\/boracultura.com.br\/wp-content\/uploads\/2026\/02\/WhatsApp-Image-2026-02-19-at-13.43.56-300x200.jpeg 300w, https:\/\/boracultura.com.br\/wp-content\/uploads\/2026\/02\/WhatsApp-Image-2026-02-19-at-13.43.56-768x511.jpeg 768w, https:\/\/boracultura.com.br\/wp-content\/uploads\/2026\/02\/WhatsApp-Image-2026-02-19-at-13.43.56.jpeg 1280w\" sizes=\"(max-width: 1024px) 100vw, 1024px\" \/><\/figure>\n\n\n\n<p><strong>SERVI\u00c7O<\/strong><br><strong>Espet\u00e1culo:<\/strong> <em>O Av\u00f4 e o Rio<\/em><br><strong>Atua\u00e7\u00e3o:<\/strong> Israel Barreto<br><strong>Dire\u00e7\u00e3o e adapta\u00e7\u00e3o dramat\u00fargica:<\/strong> Roquildes Junior<br><strong>Baseado no conto \u201cO Av\u00f4 e o Rio\u201d<\/strong>, de Aleilton Fonseca<br><strong>Local:<\/strong> Teatro Gamboa<br><strong>Datas:<\/strong> 25\/02, 04\/03, 11\/03, 18\/03 e 25\/03<br><strong>Realiza\u00e7\u00e3o:<\/strong> Coletivo Duo <br><strong>Classifica\u00e7\u00e3o:<\/strong> Livre<\/p>\n\n\n\n<p><strong>Ficha T\u00e9cnica<\/strong><br>Atua\u00e7\u00e3o: Israel Barretto<br>Dire\u00e7\u00e3o e adapta\u00e7\u00e3o dramat\u00fargica: Roquildes Junior<br>Cen\u00e1rio, ilumina\u00e7\u00e3o, figurino e opera\u00e7\u00e3o de luz: Luiz Buranga<br>Opera\u00e7\u00e3o de som: Saulus Castro\u00a0<br>Dire\u00e7\u00e3o Musical: Roberto C\u00e2ndido<br>Produ\u00e7\u00e3o: Coletivo Duo<br>Realiza\u00e7\u00e3o: Coletivo Duo<\/p>\n\n\n\n<figure class=\"wp-block-image size-large\"><img decoding=\"async\" width=\"1024\" height=\"682\" src=\"https:\/\/boracultura.com.br\/wp-content\/uploads\/2026\/02\/WhatsApp-Image-2026-02-19-at-13.43.56-1-1024x682.jpeg\" alt=\"\" class=\"wp-image-1344\" srcset=\"https:\/\/boracultura.com.br\/wp-content\/uploads\/2026\/02\/WhatsApp-Image-2026-02-19-at-13.43.56-1-1024x682.jpeg 1024w, https:\/\/boracultura.com.br\/wp-content\/uploads\/2026\/02\/WhatsApp-Image-2026-02-19-at-13.43.56-1-300x200.jpeg 300w, https:\/\/boracultura.com.br\/wp-content\/uploads\/2026\/02\/WhatsApp-Image-2026-02-19-at-13.43.56-1-768x511.jpeg 768w, https:\/\/boracultura.com.br\/wp-content\/uploads\/2026\/02\/WhatsApp-Image-2026-02-19-at-13.43.56-1.jpeg 1280w\" sizes=\"(max-width: 1024px) 100vw, 1024px\" \/><\/figure>\n\n\n\n<p><strong>Coletivo Duo<\/strong><br>Fundado em2010, em Salvador\/BA, o Coletivo Duo de Teatro conta com09 espet\u00e1culos em seu repert\u00f3rio, al\u00e9m de Performances, Interven\u00e7\u00f5es Urbanas, Workshops, Demonstra\u00e7\u00f5es de trabalho, Semin\u00e1rios e Oficinas. Participou de interc\u00e2mbios com expoentes grupos de Teatro e Pesquisa em Artes C\u00eanicas no cen\u00e1rio Nacional e Internacional (LUME \/ Campinas e Odin Teatret \/ Dinamarca). Realiza, por meio de seus espet\u00e1culos infanto-juvenis, a atividade de media\u00e7\u00e3o cultural de jovens espectadores junto a escolas e Feiras Liter\u00e1rias. Coordena e produz o Festival Solos de Teatro da Bahia e o projeto Cabriola: media\u00e7\u00e3o cultural jovens espetadores. Com espet\u00e1culos indicados a premia\u00e7\u00f5es no Estado da Bahia, tem planejado e realizado com expertise seus projetos via Editais, Pr\u00eamios e Leis de Incentivo Municipal, Estadual e Federal<\/p>\n\n\n\n<p><strong>Israel Barretto<\/strong><br><strong>DRT . 3641<br>Formado em Educa\u00e7\u00e3o F\u00edsica pela Universidade Cat\u00f3lica do Salvador, iniciou seus trabalhos art\u00edsticos em 2001 com o grupo de teatro da diretora Cl\u00e9cia Queiroz. Passou a participar de diversos cursos no Teatro Vila Velha, com diretores como Nelly Franke (2004), Jacyan Castilho (2005), Marcio Meirelles (2006), Hebe Alves (2009), Sergio Riviero(2009), Luiz Marfuz (2010), Marcio Marciano (2010), Marcelo Flecha (2011). Fez parte da Companhia de Teatro dos Novos (CTN em 2008 e 2009) e A Outra Companhia de Teatro (2010 a 2019), participando dos espet\u00e1culos: \u201cO Olhar Inventa o Mundo\u201d dire\u00e7\u00e3o de Felipe Assis (2008), \u201c A Sacanagem da Outra\u201d de Vin\u00edcius de Oliveira, \u201cRemendo Remend\u00f3\u201d (2011), \u201c Colcha de Retalhos\u201d e \u201cO Que de Voc\u00ea Ficou em Mim\u201d (2014) de Luiz Ant\u00f4nio Jr. \u201cRu\u00edna de Anjos\u201d de Vinicius L\u00edrio e Luiz Ant\u00f4nio Jr (2015), \u201cArturo Ui \u201d de Saulus Castro (2017), \u201cSert\u00e3o\u201d de Luiz Ant\u00f4nio Sena Jr. \u201cEnfermaria n\u00ba 6\u201d e \u201c Revolu\u00e7\u00e3o\u201d de Sophia Colleti (2018 e 2019) e o solo \u201cO Av\u00f4 e O Rio\u201d de Roquildes Jr. (2019), espet\u00e1culo indicado ao Pr\u00eamio Braskem na Categoria de Melhor Ator.<\/strong><\/p>\n\n\n\n<p>Fotos: Divulga\u00e7\u00e3o<\/p>\n","protected":false},"excerpt":{"rendered":"<p>Espet\u00e1culo inspirado em conto de Aleilton Fonseca faz temporada entre fevereiro e mar\u00e7o, em Salvador O Teatro Gamboa recebe, nos<\/p>\n","protected":false},"author":1,"featured_media":1345,"comment_status":"open","ping_status":"open","sticky":false,"template":"","format":"standard","meta":{"colormag_page_container_layout":"default_layout","colormag_page_sidebar_layout":"default_layout","footnotes":""},"categories":[8,46],"tags":[36,89,23,95,21],"class_list":["post-1343","post","type-post","status-publish","format-standard","has-post-thumbnail","hentry","category-noticias","category-teatro","tag-cultura","tag-salvador","tag-teatro","tag-teatro-baiano","tag-teatro-salvador"],"rttpg_featured_image_url":{"full":["https:\/\/boracultura.com.br\/wp-content\/uploads\/2026\/02\/WhatsApp-Image-2026-02-19-at-13.43.56-2.jpeg",967,639,false],"landscape":["https:\/\/boracultura.com.br\/wp-content\/uploads\/2026\/02\/WhatsApp-Image-2026-02-19-at-13.43.56-2.jpeg",967,639,false],"portraits":["https:\/\/boracultura.com.br\/wp-content\/uploads\/2026\/02\/WhatsApp-Image-2026-02-19-at-13.43.56-2.jpeg",967,639,false],"thumbnail":["https:\/\/boracultura.com.br\/wp-content\/uploads\/2026\/02\/WhatsApp-Image-2026-02-19-at-13.43.56-2-150x150.jpeg",150,150,true],"medium":["https:\/\/boracultura.com.br\/wp-content\/uploads\/2026\/02\/WhatsApp-Image-2026-02-19-at-13.43.56-2-300x198.jpeg",300,198,true],"large":["https:\/\/boracultura.com.br\/wp-content\/uploads\/2026\/02\/WhatsApp-Image-2026-02-19-at-13.43.56-2.jpeg",800,529,false],"1536x1536":["https:\/\/boracultura.com.br\/wp-content\/uploads\/2026\/02\/WhatsApp-Image-2026-02-19-at-13.43.56-2.jpeg",967,639,false],"2048x2048":["https:\/\/boracultura.com.br\/wp-content\/uploads\/2026\/02\/WhatsApp-Image-2026-02-19-at-13.43.56-2.jpeg",967,639,false],"colormag-highlighted-post":["https:\/\/boracultura.com.br\/wp-content\/uploads\/2026\/02\/WhatsApp-Image-2026-02-19-at-13.43.56-2-392x272.jpeg",392,272,true],"colormag-featured-post-medium":["https:\/\/boracultura.com.br\/wp-content\/uploads\/2026\/02\/WhatsApp-Image-2026-02-19-at-13.43.56-2-390x205.jpeg",390,205,true],"colormag-featured-post-small":["https:\/\/boracultura.com.br\/wp-content\/uploads\/2026\/02\/WhatsApp-Image-2026-02-19-at-13.43.56-2-130x90.jpeg",130,90,true],"colormag-featured-image":["https:\/\/boracultura.com.br\/wp-content\/uploads\/2026\/02\/WhatsApp-Image-2026-02-19-at-13.43.56-2-800x445.jpeg",800,445,true],"colormag-default-news":["https:\/\/boracultura.com.br\/wp-content\/uploads\/2026\/02\/WhatsApp-Image-2026-02-19-at-13.43.56-2-150x150.jpeg",150,150,true],"colormag-featured-image-large":["https:\/\/boracultura.com.br\/wp-content\/uploads\/2026\/02\/WhatsApp-Image-2026-02-19-at-13.43.56-2-967x600.jpeg",967,600,true],"colormag-elementor-block-extra-large-thumbnail":["https:\/\/boracultura.com.br\/wp-content\/uploads\/2026\/02\/WhatsApp-Image-2026-02-19-at-13.43.56-2-967x480.jpeg",967,480,true],"colormag-elementor-grid-large-thumbnail":["https:\/\/boracultura.com.br\/wp-content\/uploads\/2026\/02\/WhatsApp-Image-2026-02-19-at-13.43.56-2-600x417.jpeg",600,417,true],"colormag-elementor-grid-small-thumbnail":["https:\/\/boracultura.com.br\/wp-content\/uploads\/2026\/02\/WhatsApp-Image-2026-02-19-at-13.43.56-2-285x450.jpeg",285,450,true],"colormag-elementor-grid-medium-large-thumbnail":["https:\/\/boracultura.com.br\/wp-content\/uploads\/2026\/02\/WhatsApp-Image-2026-02-19-at-13.43.56-2-575x198.jpeg",575,198,true],"psacp-medium":["https:\/\/boracultura.com.br\/wp-content\/uploads\/2026\/02\/WhatsApp-Image-2026-02-19-at-13.43.56-2-500x500.jpeg",500,500,true]},"rttpg_author":{"display_name":"boracultura@gmail.com","author_link":"https:\/\/boracultura.com.br\/index.php\/author\/boraculturagmail-com\/"},"rttpg_comment":1,"rttpg_category":"<a href=\"https:\/\/boracultura.com.br\/index.php\/category\/noticias\/\" rel=\"category tag\">Not\u00edcias<\/a> <a href=\"https:\/\/boracultura.com.br\/index.php\/category\/noticias\/teatro\/\" rel=\"category tag\">Teatro<\/a>","rttpg_excerpt":"Espet\u00e1culo inspirado em conto de Aleilton Fonseca faz temporada entre fevereiro e mar\u00e7o, em Salvador O Teatro Gamboa recebe, nos","_links":{"self":[{"href":"https:\/\/boracultura.com.br\/index.php\/wp-json\/wp\/v2\/posts\/1343","targetHints":{"allow":["GET"]}}],"collection":[{"href":"https:\/\/boracultura.com.br\/index.php\/wp-json\/wp\/v2\/posts"}],"about":[{"href":"https:\/\/boracultura.com.br\/index.php\/wp-json\/wp\/v2\/types\/post"}],"author":[{"embeddable":true,"href":"https:\/\/boracultura.com.br\/index.php\/wp-json\/wp\/v2\/users\/1"}],"replies":[{"embeddable":true,"href":"https:\/\/boracultura.com.br\/index.php\/wp-json\/wp\/v2\/comments?post=1343"}],"version-history":[{"count":1,"href":"https:\/\/boracultura.com.br\/index.php\/wp-json\/wp\/v2\/posts\/1343\/revisions"}],"predecessor-version":[{"id":1347,"href":"https:\/\/boracultura.com.br\/index.php\/wp-json\/wp\/v2\/posts\/1343\/revisions\/1347"}],"wp:featuredmedia":[{"embeddable":true,"href":"https:\/\/boracultura.com.br\/index.php\/wp-json\/wp\/v2\/media\/1345"}],"wp:attachment":[{"href":"https:\/\/boracultura.com.br\/index.php\/wp-json\/wp\/v2\/media?parent=1343"}],"wp:term":[{"taxonomy":"category","embeddable":true,"href":"https:\/\/boracultura.com.br\/index.php\/wp-json\/wp\/v2\/categories?post=1343"},{"taxonomy":"post_tag","embeddable":true,"href":"https:\/\/boracultura.com.br\/index.php\/wp-json\/wp\/v2\/tags?post=1343"}],"curies":[{"name":"wp","href":"https:\/\/api.w.org\/{rel}","templated":true}]}}