{"id":1414,"date":"2026-02-22T21:25:57","date_gmt":"2026-02-23T00:25:57","guid":{"rendered":"https:\/\/boracultura.com.br\/?p=1414"},"modified":"2026-02-22T21:33:24","modified_gmt":"2026-02-23T00:33:24","slug":"estreia-do-show-de-daniel-ferreira-tem-ingressos-esgotados-e-ganha-sessao-extra-em-salvador","status":"publish","type":"post","link":"https:\/\/boracultura.com.br\/index.php\/2026\/02\/22\/estreia-do-show-de-daniel-ferreira-tem-ingressos-esgotados-e-ganha-sessao-extra-em-salvador\/","title":{"rendered":"Estreia do show de Daniel Ferreira tem ingressos esgotados e ganha sess\u00e3o extra em Salvador"},"content":{"rendered":"\n<p>A estreia do espet\u00e1culo \u201cUma Noite de Com\u00e9dia de Ver\u00e3o\u201d, do humorista Daniel Ferreira, teve ingressos esgotados e ganhou uma sess\u00e3o extra no dia 1\u00ba de mar\u00e7o de 2026, no Teatro Sesi Rio Vermelho, em Salvador. O sucesso antecipado de vendas refor\u00e7a a expectativa do p\u00fablico para o show, que apresenta um repert\u00f3rio autoral inspirado nas situa\u00e7\u00f5es t\u00edpicas do ver\u00e3o soteropolitano, em formato stand-up comedy.<\/p>\n\n\n\n<p>Com piadas que passeiam pelas praias, ensaios de ver\u00e3o, Carnaval e o cotidiano da cidade durante a alta temporada, Daniel Ferreira transforma experi\u00eancias comuns em humor acess\u00edvel e direto, promovendo identifica\u00e7\u00e3o imediata com a plateia. O espet\u00e1culo apresenta um olhar bem-humorado sobre os h\u00e1bitos, comportamentos e personagens que marcam o ver\u00e3o na capital baiana, um dos per\u00edodos mais movimentados do calend\u00e1rio cultural local.<\/p>\n\n\n\n<p>Apesar do t\u00edtulo remeter \u00e0 cl\u00e1ssica obra \u201cSonho de uma Noite de Ver\u00e3o\u201d, de William Shakespeare, o espet\u00e1culo n\u00e3o possui rela\u00e7\u00e3o com a narrativa original. A proposta \u00e9 uma experi\u00eancia contempor\u00e2nea de stand-up, centrada na conex\u00e3o com o p\u00fablico e em situa\u00e7\u00f5es do cotidiano que ganham novos significados sob o olhar do humor.<\/p>\n\n\n\n<p>Reconhecido pelo estilo observacional e pela presen\u00e7a de palco din\u00e2mica, o humorista aposta em refer\u00eancias culturais locais e viv\u00eancias compartilhadas por moradores e visitantes. A abertura da sess\u00e3o extra amplia a oportunidade para o p\u00fablico garantir presen\u00e7a no espet\u00e1culo, que integra a programa\u00e7\u00e3o cultural da cidade durante o ver\u00e3o.<\/p>\n\n\n\n<p>Servi\u00e7o<br>Espet\u00e1culo: Uma Noite de Com\u00e9dia de Ver\u00e3o<br>Humorista: Daniel Ferreira<br>Data: 1\u00ba de mar\u00e7o de 2026<br>Local: Teatro Sesi Rio Vermelho \u2013 Salvador (BA)<br>Sess\u00e3o extra \u2014 ingressos dispon\u00edveis:<br>https:\/\/www.sympla.com.br\/daniel-ferreira-em-uma-noite-de-comdia-de-vero\u2014sesso-extra__3318104<\/p>\n\n\n\n<p>Foto: Marcos Musse<\/p>\n","protected":false},"excerpt":{"rendered":"<p>A estreia do espet\u00e1culo \u201cUma Noite de Com\u00e9dia de Ver\u00e3o\u201d, do humorista Daniel Ferreira, teve ingressos esgotados e ganhou uma<\/p>\n","protected":false},"author":1,"featured_media":1417,"comment_status":"open","ping_status":"open","sticky":false,"template":"","format":"standard","meta":{"colormag_page_container_layout":"default_layout","colormag_page_sidebar_layout":"default_layout","footnotes":""},"categories":[8,46],"tags":[240,36,22,89,241,23,21],"class_list":["post-1414","post","type-post","status-publish","format-standard","has-post-thumbnail","hentry","category-noticias","category-teatro","tag-comedia-2","tag-cultura","tag-cultura-bahia","tag-salvador","tag-stand-up","tag-teatro","tag-teatro-salvador"],"rttpg_featured_image_url":{"full":["https:\/\/boracultura.com.br\/wp-content\/uploads\/2026\/02\/WhatsApp-Image-2026-02-21-at-14.06.59-1-e1771806649513.jpeg",1066,600,false],"landscape":["https:\/\/boracultura.com.br\/wp-content\/uploads\/2026\/02\/WhatsApp-Image-2026-02-21-at-14.06.59-1-e1771806649513.jpeg",1066,600,false],"portraits":["https:\/\/boracultura.com.br\/wp-content\/uploads\/2026\/02\/WhatsApp-Image-2026-02-21-at-14.06.59-1-e1771806649513.jpeg",1066,600,false],"thumbnail":["https:\/\/boracultura.com.br\/wp-content\/uploads\/2026\/02\/WhatsApp-Image-2026-02-21-at-14.06.59-1-e1771806649513-150x150.jpeg",150,150,true],"medium":["https:\/\/boracultura.com.br\/wp-content\/uploads\/2026\/02\/WhatsApp-Image-2026-02-21-at-14.06.59-1-e1771806649513-300x169.jpeg",300,169,true],"large":["https:\/\/boracultura.com.br\/wp-content\/uploads\/2026\/02\/WhatsApp-Image-2026-02-21-at-14.06.59-1-e1771806649513-1024x576.jpeg",800,450,true],"1536x1536":["https:\/\/boracultura.com.br\/wp-content\/uploads\/2026\/02\/WhatsApp-Image-2026-02-21-at-14.06.59-1-1023x1536.jpeg",1023,1536,true],"2048x2048":["https:\/\/boracultura.com.br\/wp-content\/uploads\/2026\/02\/WhatsApp-Image-2026-02-21-at-14.06.59-1-e1771806649513.jpeg",1066,600,false],"colormag-highlighted-post":["https:\/\/boracultura.com.br\/wp-content\/uploads\/2026\/02\/WhatsApp-Image-2026-02-21-at-14.06.59-1-e1771806649513-392x272.jpeg",392,272,true],"colormag-featured-post-medium":["https:\/\/boracultura.com.br\/wp-content\/uploads\/2026\/02\/WhatsApp-Image-2026-02-21-at-14.06.59-1-e1771806649513-390x205.jpeg",390,205,true],"colormag-featured-post-small":["https:\/\/boracultura.com.br\/wp-content\/uploads\/2026\/02\/WhatsApp-Image-2026-02-21-at-14.06.59-1-e1771806649513-130x90.jpeg",130,90,true],"colormag-featured-image":["https:\/\/boracultura.com.br\/wp-content\/uploads\/2026\/02\/WhatsApp-Image-2026-02-21-at-14.06.59-1-e1771806649513-800x445.jpeg",800,445,true],"colormag-default-news":["https:\/\/boracultura.com.br\/wp-content\/uploads\/2026\/02\/WhatsApp-Image-2026-02-21-at-14.06.59-1-e1771806649513-150x150.jpeg",150,150,true],"colormag-featured-image-large":["https:\/\/boracultura.com.br\/wp-content\/uploads\/2026\/02\/WhatsApp-Image-2026-02-21-at-14.06.59-1-1066x600.jpeg",1066,600,true],"colormag-elementor-block-extra-large-thumbnail":["https:\/\/boracultura.com.br\/wp-content\/uploads\/2026\/02\/WhatsApp-Image-2026-02-21-at-14.06.59-1-e1771806649513-1066x480.jpeg",1066,480,true],"colormag-elementor-grid-large-thumbnail":["https:\/\/boracultura.com.br\/wp-content\/uploads\/2026\/02\/WhatsApp-Image-2026-02-21-at-14.06.59-1-e1771806649513-600x417.jpeg",600,417,true],"colormag-elementor-grid-small-thumbnail":["https:\/\/boracultura.com.br\/wp-content\/uploads\/2026\/02\/WhatsApp-Image-2026-02-21-at-14.06.59-1-e1771806649513-285x450.jpeg",285,450,true],"colormag-elementor-grid-medium-large-thumbnail":["https:\/\/boracultura.com.br\/wp-content\/uploads\/2026\/02\/WhatsApp-Image-2026-02-21-at-14.06.59-1-e1771806649513-575x198.jpeg",575,198,true],"psacp-medium":["https:\/\/boracultura.com.br\/wp-content\/uploads\/2026\/02\/WhatsApp-Image-2026-02-21-at-14.06.59-1-e1771806649513-500x500.jpeg",500,500,true]},"rttpg_author":{"display_name":"boracultura@gmail.com","author_link":"https:\/\/boracultura.com.br\/index.php\/author\/boraculturagmail-com\/"},"rttpg_comment":0,"rttpg_category":"<a href=\"https:\/\/boracultura.com.br\/index.php\/category\/noticias\/\" rel=\"category tag\">Not\u00edcias<\/a> <a href=\"https:\/\/boracultura.com.br\/index.php\/category\/noticias\/teatro\/\" rel=\"category tag\">Teatro<\/a>","rttpg_excerpt":"A estreia do espet\u00e1culo \u201cUma Noite de Com\u00e9dia de Ver\u00e3o\u201d, do humorista Daniel Ferreira, teve ingressos esgotados e ganhou uma","_links":{"self":[{"href":"https:\/\/boracultura.com.br\/index.php\/wp-json\/wp\/v2\/posts\/1414","targetHints":{"allow":["GET"]}}],"collection":[{"href":"https:\/\/boracultura.com.br\/index.php\/wp-json\/wp\/v2\/posts"}],"about":[{"href":"https:\/\/boracultura.com.br\/index.php\/wp-json\/wp\/v2\/types\/post"}],"author":[{"embeddable":true,"href":"https:\/\/boracultura.com.br\/index.php\/wp-json\/wp\/v2\/users\/1"}],"replies":[{"embeddable":true,"href":"https:\/\/boracultura.com.br\/index.php\/wp-json\/wp\/v2\/comments?post=1414"}],"version-history":[{"count":1,"href":"https:\/\/boracultura.com.br\/index.php\/wp-json\/wp\/v2\/posts\/1414\/revisions"}],"predecessor-version":[{"id":1416,"href":"https:\/\/boracultura.com.br\/index.php\/wp-json\/wp\/v2\/posts\/1414\/revisions\/1416"}],"wp:featuredmedia":[{"embeddable":true,"href":"https:\/\/boracultura.com.br\/index.php\/wp-json\/wp\/v2\/media\/1417"}],"wp:attachment":[{"href":"https:\/\/boracultura.com.br\/index.php\/wp-json\/wp\/v2\/media?parent=1414"}],"wp:term":[{"taxonomy":"category","embeddable":true,"href":"https:\/\/boracultura.com.br\/index.php\/wp-json\/wp\/v2\/categories?post=1414"},{"taxonomy":"post_tag","embeddable":true,"href":"https:\/\/boracultura.com.br\/index.php\/wp-json\/wp\/v2\/tags?post=1414"}],"curies":[{"name":"wp","href":"https:\/\/api.w.org\/{rel}","templated":true}]}}