{"id":1458,"date":"2026-02-24T15:00:48","date_gmt":"2026-02-24T18:00:48","guid":{"rendered":"https:\/\/boracultura.com.br\/?p=1458"},"modified":"2026-02-25T23:02:54","modified_gmt":"2026-02-26T02:02:54","slug":"orquestra-ouro-preto-leva-beatles-vanessa-da-mata-e-carlinhos-brown-a-trancoso","status":"publish","type":"post","link":"https:\/\/boracultura.com.br\/index.php\/2026\/02\/24\/orquestra-ouro-preto-leva-beatles-vanessa-da-mata-e-carlinhos-brown-a-trancoso\/","title":{"rendered":"Orquestra Ouro Preto leva Beatles, Vanessa da Mata e Carlinhos Brown a Trancoso"},"content":{"rendered":"\n<p>A prestigiada <strong>Orquestra Ouro Preto<\/strong> desembarca na Bahia para uma s\u00e9rie de concertos imperd\u00edveis no <strong>12\u00ba Festival M\u00fasica em Trancoso<\/strong>. Entre os dias 12 e 14 de mar\u00e7o, o Teatro L&#8217;Occitane ser\u00e1 palco de encontros memor\u00e1veis que unem o erudito ao popular, reafirmando o pioneirismo da forma\u00e7\u00e3o mineira sob a reg\u00eancia do maestro Rodrigo Toffolo.<br>\u200bA programa\u00e7\u00e3o come\u00e7a no dia 12 com o aclamado tributo &#8220;The Beatles&#8221;, que funde cordas cl\u00e1ssicas a uma banda de rock. No dia 13, a delicadeza de <strong>Vanessa da Mata<\/strong> encontra a sonoridade da orquestra em sucessos como &#8220;Boa Sorte&#8221; e &#8220;Amado&#8221;. O encerramento, no dia 14, fica por conta da &#8220;Afrossinfonicidade&#8221; de<strong> Carlinhos Brown, <\/strong>uma celebra\u00e7\u00e3o da ancestralidade e da percuss\u00e3o baiana em harmonia com os violinos mineiros.<\/p>\n\n\n\n<figure class=\"wp-block-image size-large is-resized\"><img fetchpriority=\"high\" decoding=\"async\" width=\"1024\" height=\"683\" src=\"https:\/\/boracultura.com.br\/wp-content\/uploads\/2026\/02\/17719559843961164652039164332911-1024x683.webp\" alt=\"\" class=\"wp-image-1459\" style=\"aspect-ratio:1.499291042475803;width:553px;height:auto\" srcset=\"https:\/\/boracultura.com.br\/wp-content\/uploads\/2026\/02\/17719559843961164652039164332911-1024x683.webp 1024w, https:\/\/boracultura.com.br\/wp-content\/uploads\/2026\/02\/17719559843961164652039164332911-300x200.webp 300w, https:\/\/boracultura.com.br\/wp-content\/uploads\/2026\/02\/17719559843961164652039164332911-768x512.webp 768w, https:\/\/boracultura.com.br\/wp-content\/uploads\/2026\/02\/17719559843961164652039164332911-1536x1024.webp 1536w, https:\/\/boracultura.com.br\/wp-content\/uploads\/2026\/02\/17719559843961164652039164332911.webp 1600w\" sizes=\"(max-width: 1024px) 100vw, 1024px\" \/><\/figure>\n\n\n\n<p><br><strong>\u200bDestaques da Programa\u00e7\u00e3o<\/strong>:<br>\u200b<strong>The Beatles (12\/03):<\/strong> Fus\u00e3o inovadora de rock e m\u00fasica de concerto, sucesso absoluto de cr\u00edtica na International Beatle Week, em Liverpool.<br>\u200b<strong>Vanessa da Mata (13\/03):<\/strong> Um mergulho na MPB com novos arranjos para cl\u00e1ssicos da carreira da artista e homenagens a nomes como Tom Jobim e Belchior.<br>\u200b<strong>Carlinhos Brown (14\/03): <\/strong>O projeto &#8220;Afrossinfonicidade&#8221; traz hits como &#8220;Amor I Love You&#8221; e &#8220;J\u00e1 Sei Namorar&#8221; em uma experi\u00eancia sinf\u00f4nica e percussiva \u00fanica.<br><br>\u200b<strong>Servi\u00e7o: Orquestra Ouro Preto no Festival M\u00fasica em Trancoso 2026<br>\u200bDatas: 12, 13 e 14 de mar\u00e7o de 2026.<br>\u200bHor\u00e1rio: 19h30.<br>\u200bLocal: Teatro L&#8217;Occitane \u2013 Trancoso, BA.<\/strong><br>\u200bIngressos: Dispon\u00edveis na plataforma Sympla: https:\/\/www.sympla.com.br <\/p>\n","protected":false},"excerpt":{"rendered":"<p>A prestigiada Orquestra Ouro Preto desembarca na Bahia para uma s\u00e9rie de concertos imperd\u00edveis no 12\u00ba Festival M\u00fasica em Trancoso.<\/p>\n","protected":false},"author":1,"featured_media":1460,"comment_status":"open","ping_status":"open","sticky":false,"template":"","format":"standard","meta":{"colormag_page_container_layout":"default_layout","colormag_page_sidebar_layout":"default_layout","footnotes":""},"categories":[45,8],"tags":[],"class_list":["post-1458","post","type-post","status-publish","format-standard","has-post-thumbnail","hentry","category-musica","category-noticias"],"rttpg_featured_image_url":{"full":["https:\/\/boracultura.com.br\/wp-content\/uploads\/2026\/02\/17719559978257917126899832202157.jpg",800,533,false],"landscape":["https:\/\/boracultura.com.br\/wp-content\/uploads\/2026\/02\/17719559978257917126899832202157.jpg",800,533,false],"portraits":["https:\/\/boracultura.com.br\/wp-content\/uploads\/2026\/02\/17719559978257917126899832202157.jpg",800,533,false],"thumbnail":["https:\/\/boracultura.com.br\/wp-content\/uploads\/2026\/02\/17719559978257917126899832202157-150x150.jpg",150,150,true],"medium":["https:\/\/boracultura.com.br\/wp-content\/uploads\/2026\/02\/17719559978257917126899832202157-300x200.jpg",300,200,true],"large":["https:\/\/boracultura.com.br\/wp-content\/uploads\/2026\/02\/17719559978257917126899832202157.jpg",800,533,false],"1536x1536":["https:\/\/boracultura.com.br\/wp-content\/uploads\/2026\/02\/17719559978257917126899832202157.jpg",800,533,false],"2048x2048":["https:\/\/boracultura.com.br\/wp-content\/uploads\/2026\/02\/17719559978257917126899832202157.jpg",800,533,false],"colormag-highlighted-post":["https:\/\/boracultura.com.br\/wp-content\/uploads\/2026\/02\/17719559978257917126899832202157-392x272.jpg",392,272,true],"colormag-featured-post-medium":["https:\/\/boracultura.com.br\/wp-content\/uploads\/2026\/02\/17719559978257917126899832202157-390x205.jpg",390,205,true],"colormag-featured-post-small":["https:\/\/boracultura.com.br\/wp-content\/uploads\/2026\/02\/17719559978257917126899832202157-130x90.jpg",130,90,true],"colormag-featured-image":["https:\/\/boracultura.com.br\/wp-content\/uploads\/2026\/02\/17719559978257917126899832202157-800x445.jpg",800,445,true],"colormag-default-news":["https:\/\/boracultura.com.br\/wp-content\/uploads\/2026\/02\/17719559978257917126899832202157-150x150.jpg",150,150,true],"colormag-featured-image-large":["https:\/\/boracultura.com.br\/wp-content\/uploads\/2026\/02\/17719559978257917126899832202157.jpg",800,533,false],"colormag-elementor-block-extra-large-thumbnail":["https:\/\/boracultura.com.br\/wp-content\/uploads\/2026\/02\/17719559978257917126899832202157-800x480.jpg",800,480,true],"colormag-elementor-grid-large-thumbnail":["https:\/\/boracultura.com.br\/wp-content\/uploads\/2026\/02\/17719559978257917126899832202157-600x417.jpg",600,417,true],"colormag-elementor-grid-small-thumbnail":["https:\/\/boracultura.com.br\/wp-content\/uploads\/2026\/02\/17719559978257917126899832202157-285x450.jpg",285,450,true],"colormag-elementor-grid-medium-large-thumbnail":["https:\/\/boracultura.com.br\/wp-content\/uploads\/2026\/02\/17719559978257917126899832202157-575x198.jpg",575,198,true],"psacp-medium":["https:\/\/boracultura.com.br\/wp-content\/uploads\/2026\/02\/17719559978257917126899832202157-500x500.jpg",500,500,true]},"rttpg_author":{"display_name":"boracultura@gmail.com","author_link":"https:\/\/boracultura.com.br\/index.php\/author\/boraculturagmail-com\/"},"rttpg_comment":0,"rttpg_category":"<a href=\"https:\/\/boracultura.com.br\/index.php\/category\/noticias\/musica\/\" rel=\"category tag\">M\u00fasica<\/a> <a href=\"https:\/\/boracultura.com.br\/index.php\/category\/noticias\/\" rel=\"category tag\">Not\u00edcias<\/a>","rttpg_excerpt":"A prestigiada Orquestra Ouro Preto desembarca na Bahia para uma s\u00e9rie de concertos imperd\u00edveis no 12\u00ba Festival M\u00fasica em Trancoso.","_links":{"self":[{"href":"https:\/\/boracultura.com.br\/index.php\/wp-json\/wp\/v2\/posts\/1458","targetHints":{"allow":["GET"]}}],"collection":[{"href":"https:\/\/boracultura.com.br\/index.php\/wp-json\/wp\/v2\/posts"}],"about":[{"href":"https:\/\/boracultura.com.br\/index.php\/wp-json\/wp\/v2\/types\/post"}],"author":[{"embeddable":true,"href":"https:\/\/boracultura.com.br\/index.php\/wp-json\/wp\/v2\/users\/1"}],"replies":[{"embeddable":true,"href":"https:\/\/boracultura.com.br\/index.php\/wp-json\/wp\/v2\/comments?post=1458"}],"version-history":[{"count":3,"href":"https:\/\/boracultura.com.br\/index.php\/wp-json\/wp\/v2\/posts\/1458\/revisions"}],"predecessor-version":[{"id":1465,"href":"https:\/\/boracultura.com.br\/index.php\/wp-json\/wp\/v2\/posts\/1458\/revisions\/1465"}],"wp:featuredmedia":[{"embeddable":true,"href":"https:\/\/boracultura.com.br\/index.php\/wp-json\/wp\/v2\/media\/1460"}],"wp:attachment":[{"href":"https:\/\/boracultura.com.br\/index.php\/wp-json\/wp\/v2\/media?parent=1458"}],"wp:term":[{"taxonomy":"category","embeddable":true,"href":"https:\/\/boracultura.com.br\/index.php\/wp-json\/wp\/v2\/categories?post=1458"},{"taxonomy":"post_tag","embeddable":true,"href":"https:\/\/boracultura.com.br\/index.php\/wp-json\/wp\/v2\/tags?post=1458"}],"curies":[{"name":"wp","href":"https:\/\/api.w.org\/{rel}","templated":true}]}}