{"id":1495,"date":"2026-02-25T16:11:07","date_gmt":"2026-02-25T19:11:07","guid":{"rendered":"https:\/\/boracultura.com.br\/?p=1495"},"modified":"2026-02-25T22:42:00","modified_gmt":"2026-02-26T01:42:00","slug":"caike-souza-apresenta-a-turne-de-lancamento-do-album-entre-flores-e-dores-em-salvador-no-teatro-sesc-casa-do-comercio","status":"publish","type":"post","link":"https:\/\/boracultura.com.br\/index.php\/2026\/02\/25\/caike-souza-apresenta-a-turne-de-lancamento-do-album-entre-flores-e-dores-em-salvador-no-teatro-sesc-casa-do-comercio\/","title":{"rendered":"Caike Souza apresenta a turn\u00ea de lan\u00e7amento do \u00e1lbum \u201cEntre Flores e Dores\u201d em Salvador, no Teatro SESC Casa do Com\u00e9rcio"},"content":{"rendered":"\n<p><em>Primeiro \u00e1lbum autoral do pernambucano, destaque da nova gera\u00e7\u00e3o da m\u00fasica, tem participa\u00e7\u00f5es de Martins, Solange Almeida e Saulo Fernandes<\/em><\/p>\n\n\n\n<p>Ap\u00f3s duas turn\u00eas nacionais de sucesso, milh\u00f5es de visualiza\u00e7\u00f5es nas redes e elogios de artistas consagrados como Milton Nascimento e Elba Ramalho, o cantor e compositor Caike Souza chega a Salvador com a turn\u00ea de seu primeiro \u00e1lbum autoral, \u201cEntre Flores e Dores\u201d, lan\u00e7ado em setembro nas plataformas digitais. O show acontece no dia 21 de maio de 2026, \u00e0s 20h, no Teatro SESC Casa do Com\u00e9rcio, com realiza\u00e7\u00e3o da Art Rec Produ\u00e7\u00f5es e Estandarte Eventos, e produ\u00e7\u00e3o local da Carambola Produ\u00e7\u00f5es.<\/p>\n\n\n\n<p>\u201cUm \u00e1lbum autoral \u00e9 uma virada de chave na vida do artista, uma virada conceitual. Eu gosto de escrever coisas at\u00edpicas\u201d, diz o pernambucano de Arcoverde, aos 23 anos um dos principais representantes da nova gera\u00e7\u00e3o na m\u00fasica. Al\u00e9m das in\u00e9ditas, o repert\u00f3rio do show traz can\u00e7\u00f5es de nomes como Caetano Veloso e Cazuza, que apresentaram Caike ao grande p\u00fablico atrav\u00e9s de seu canto e piano nas redes.<\/p>\n\n\n\n<p>O t\u00edtulo \u201cEntre Flores e Dores\u201d, conta Caike, partiu da diversidade das composi\u00e7\u00f5es, do sentimento que permeia cada uma delas e do fato de lidar com um assunto t\u00e3o delicado como o amor. Gravado em S\u00e3o Paulo, em maio, com produ\u00e7\u00e3o de Jeff Pina, o \u00e1lbum tem dez m\u00fasicas e participa\u00e7\u00f5es de Solange Almeida, Saulo Fernandes e Martins. \u201cUm disco d\u00e1 carta branca para voc\u00ea brincar mais, est\u00e1 muito diverso.\u201d<\/p>\n\n\n\n<p>\u201cNas coisas t\u00e3o mais lindas\u201d \u00e9 o xod\u00f3 de autor: com um toque de piano com cordas, reflete o fasc\u00ednio que Caike tem em escrever can\u00e7\u00f5es tristes. \u201cH\u00e1 de Ser Pra Sempre\u201d, com Martins, \u00e9 mais singela, uma hist\u00f3ria de amor. A faixa com Saulo Fernandes, \u201cBalan\u00e7ar Com Voc\u00ea\u201d, \u00e9 dan\u00e7ante, lembrando um pouco a MPB de Marina Lima e Rita Lee, com guitarras. J\u00e1 a participa\u00e7\u00e3o de Solange Almeida, uma gigante do forr\u00f3, em \u201cSem Pisar no Ch\u00e3o\u201d, come\u00e7ou com o feat de Caike no DVD de Dorgival Dantas, do qual ambos participaram. \u201cEu a escrevi pensando na Solange, a m\u00fasica ficou a cara dela, me apeguei ao forr\u00f3\u201d, diz o pernambucano.<\/p>\n\n\n\n<p>Voz, viol\u00e3o e piano, Caike estar\u00e1 em cena acompanhado dos m\u00fasicos Parr\u00f4 (sax tenor), Sandro, O Gordo (trombone), Jorge Neto (trompete), Caio Henrique (sax alto), Victor Gran (guitarra e viol\u00e3o), Sidney \u00c2ngelo (bateria), Gabriel Marques (contrabaixo), Davi Silveira (teclado). A realiza\u00e7\u00e3o do show \u00e9 das produtoras pernambucanas Art Rec Produ\u00e7\u00f5es e Estandarte Eventos, que agenciam a carreira de Caike.<\/p>\n\n\n\n<p>CARREIRA &#8211; Caike Souza come\u00e7ou a cantar na igreja, aos 6 anos, em Arcoverde, sert\u00e3o de Pernambuco. Aos 15, fazia show voz e viol\u00e3o, com o irm\u00e3o, em barzinho, pizzaria e casamento. Em 2019, come\u00e7ou a postar nas redes seus v\u00eddeos cantando e tocando e, dois anos depois, um deles viralizou. Dali em diante, foi ladeira acima. Fez participa\u00e7\u00f5es especiais em shows de Guilherme Arantes, Luan Santana, Oswaldo Montenegro. Foi convidado a gravar com Wesley Safad\u00e3o, fez live com Saulo Fernandes, foi apadrinhado por Dorgival Dantas e caiu nas gra\u00e7as do mestre da MPB Milton Nascimento.<\/p>\n\n\n\n<p>SERVI\u00c7O<br>Caike Souza \u2013 Turn\u00ea de lan\u00e7amento do \u00e1lbum \u201cEntre Flores e Dores\u201d<br>Dia: 21 de maio de 2026<br>Hor\u00e1rio: 20h<br>Local: Teatro SESC Casa do Com\u00e9rcio (Salvador \u2013 BA)<br>Ingressos: R$100,00 (inteira) | R$50,00 (meia)<br>Vendas: Sympla e bilheteria do teatro<br>Classifica\u00e7\u00e3o: 14 anos<br>Produ\u00e7\u00e3o local: Carambola Produ\u00e7\u00f5es<br>Realiza\u00e7\u00e3o: Art Rec Produ\u00e7\u00f5es e Estandarte Eventos<\/p>\n","protected":false},"excerpt":{"rendered":"<p>Primeiro \u00e1lbum autoral do pernambucano, destaque da nova gera\u00e7\u00e3o da m\u00fasica, tem participa\u00e7\u00f5es de Martins, Solange Almeida e Saulo Fernandes<\/p>\n","protected":false},"author":1,"featured_media":1496,"comment_status":"open","ping_status":"open","sticky":false,"template":"","format":"standard","meta":{"colormag_page_container_layout":"default_layout","colormag_page_sidebar_layout":"default_layout","footnotes":""},"categories":[45,8],"tags":[],"class_list":["post-1495","post","type-post","status-publish","format-standard","has-post-thumbnail","hentry","category-musica","category-noticias"],"rttpg_featured_image_url":{"full":["https:\/\/boracultura.com.br\/wp-content\/uploads\/2026\/02\/IMG-20260225-WA0087-e1772046614433.jpg",1709,1284,false],"landscape":["https:\/\/boracultura.com.br\/wp-content\/uploads\/2026\/02\/IMG-20260225-WA0087-e1772046614433.jpg",1709,1284,false],"portraits":["https:\/\/boracultura.com.br\/wp-content\/uploads\/2026\/02\/IMG-20260225-WA0087-e1772046614433.jpg",1709,1284,false],"thumbnail":["https:\/\/boracultura.com.br\/wp-content\/uploads\/2026\/02\/IMG-20260225-WA0087-e1772046614433-150x150.jpg",150,150,true],"medium":["https:\/\/boracultura.com.br\/wp-content\/uploads\/2026\/02\/IMG-20260225-WA0087-e1772046614433-300x225.jpg",300,225,true],"large":["https:\/\/boracultura.com.br\/wp-content\/uploads\/2026\/02\/IMG-20260225-WA0087-e1772046614433-1024x769.jpg",800,601,true],"1536x1536":["https:\/\/boracultura.com.br\/wp-content\/uploads\/2026\/02\/IMG-20260225-WA0087-e1772046614433-1536x1154.jpg",1536,1154,true],"2048x2048":["https:\/\/boracultura.com.br\/wp-content\/uploads\/2026\/02\/IMG-20260225-WA0087-1367x2048.jpg",1367,2048,true],"colormag-highlighted-post":["https:\/\/boracultura.com.br\/wp-content\/uploads\/2026\/02\/IMG-20260225-WA0087-e1772046614433-392x272.jpg",392,272,true],"colormag-featured-post-medium":["https:\/\/boracultura.com.br\/wp-content\/uploads\/2026\/02\/IMG-20260225-WA0087-e1772046614433-390x205.jpg",390,205,true],"colormag-featured-post-small":["https:\/\/boracultura.com.br\/wp-content\/uploads\/2026\/02\/IMG-20260225-WA0087-e1772046614433-130x90.jpg",130,90,true],"colormag-featured-image":["https:\/\/boracultura.com.br\/wp-content\/uploads\/2026\/02\/IMG-20260225-WA0087-e1772046614433-800x445.jpg",800,445,true],"colormag-default-news":["https:\/\/boracultura.com.br\/wp-content\/uploads\/2026\/02\/IMG-20260225-WA0087-e1772046614433-150x150.jpg",150,150,true],"colormag-featured-image-large":["https:\/\/boracultura.com.br\/wp-content\/uploads\/2026\/02\/IMG-20260225-WA0087-e1772046614433-1400x600.jpg",1400,600,true],"colormag-elementor-block-extra-large-thumbnail":["https:\/\/boracultura.com.br\/wp-content\/uploads\/2026\/02\/IMG-20260225-WA0087-e1772046614433-1155x480.jpg",1155,480,true],"colormag-elementor-grid-large-thumbnail":["https:\/\/boracultura.com.br\/wp-content\/uploads\/2026\/02\/IMG-20260225-WA0087-e1772046614433-600x417.jpg",600,417,true],"colormag-elementor-grid-small-thumbnail":["https:\/\/boracultura.com.br\/wp-content\/uploads\/2026\/02\/IMG-20260225-WA0087-e1772046614433-285x450.jpg",285,450,true],"colormag-elementor-grid-medium-large-thumbnail":["https:\/\/boracultura.com.br\/wp-content\/uploads\/2026\/02\/IMG-20260225-WA0087-e1772046614433-575x198.jpg",575,198,true],"psacp-medium":["https:\/\/boracultura.com.br\/wp-content\/uploads\/2026\/02\/IMG-20260225-WA0087-e1772046614433-500x500.jpg",500,500,true]},"rttpg_author":{"display_name":"boracultura@gmail.com","author_link":"https:\/\/boracultura.com.br\/index.php\/author\/boraculturagmail-com\/"},"rttpg_comment":0,"rttpg_category":"<a href=\"https:\/\/boracultura.com.br\/index.php\/category\/noticias\/musica\/\" rel=\"category tag\">M\u00fasica<\/a> <a href=\"https:\/\/boracultura.com.br\/index.php\/category\/noticias\/\" rel=\"category tag\">Not\u00edcias<\/a>","rttpg_excerpt":"Primeiro \u00e1lbum autoral do pernambucano, destaque da nova gera\u00e7\u00e3o da m\u00fasica, tem participa\u00e7\u00f5es de Martins, Solange Almeida e Saulo Fernandes","_links":{"self":[{"href":"https:\/\/boracultura.com.br\/index.php\/wp-json\/wp\/v2\/posts\/1495","targetHints":{"allow":["GET"]}}],"collection":[{"href":"https:\/\/boracultura.com.br\/index.php\/wp-json\/wp\/v2\/posts"}],"about":[{"href":"https:\/\/boracultura.com.br\/index.php\/wp-json\/wp\/v2\/types\/post"}],"author":[{"embeddable":true,"href":"https:\/\/boracultura.com.br\/index.php\/wp-json\/wp\/v2\/users\/1"}],"replies":[{"embeddable":true,"href":"https:\/\/boracultura.com.br\/index.php\/wp-json\/wp\/v2\/comments?post=1495"}],"version-history":[{"count":2,"href":"https:\/\/boracultura.com.br\/index.php\/wp-json\/wp\/v2\/posts\/1495\/revisions"}],"predecessor-version":[{"id":1498,"href":"https:\/\/boracultura.com.br\/index.php\/wp-json\/wp\/v2\/posts\/1495\/revisions\/1498"}],"wp:featuredmedia":[{"embeddable":true,"href":"https:\/\/boracultura.com.br\/index.php\/wp-json\/wp\/v2\/media\/1496"}],"wp:attachment":[{"href":"https:\/\/boracultura.com.br\/index.php\/wp-json\/wp\/v2\/media?parent=1495"}],"wp:term":[{"taxonomy":"category","embeddable":true,"href":"https:\/\/boracultura.com.br\/index.php\/wp-json\/wp\/v2\/categories?post=1495"},{"taxonomy":"post_tag","embeddable":true,"href":"https:\/\/boracultura.com.br\/index.php\/wp-json\/wp\/v2\/tags?post=1495"}],"curies":[{"name":"wp","href":"https:\/\/api.w.org\/{rel}","templated":true}]}}