{"id":1499,"date":"2026-02-25T18:13:32","date_gmt":"2026-02-25T21:13:32","guid":{"rendered":"https:\/\/boracultura.com.br\/?p=1499"},"modified":"2026-02-25T23:13:02","modified_gmt":"2026-02-26T02:13:02","slug":"redes-de-pontos-e-pontoes-de-cultura-de-nove-estados-realizam-ultimos-encontros-preparatorios-para-a-6a-teia-nacional-nesta-semana","status":"publish","type":"post","link":"https:\/\/boracultura.com.br\/index.php\/2026\/02\/25\/redes-de-pontos-e-pontoes-de-cultura-de-nove-estados-realizam-ultimos-encontros-preparatorios-para-a-6a-teia-nacional-nesta-semana\/","title":{"rendered":"Redes de Pontos e Pont\u00f5es de Cultura de nove estados realizam \u00faltimos encontros preparat\u00f3rios para a 6\u00aa Teia Nacional nesta semana"},"content":{"rendered":"\n<p>\u200bNesta \u00faltima semana de fevereiro, o Brasil vive um momento de intensa mobiliza\u00e7\u00e3o para a cultura de base comunit\u00e1ria. Entre os dias 23 de fevereiro e 1\u00ba de mar\u00e7o, nove estados realizam a \u00faltima leva de Teias e F\u00f3runs Estaduais dos Pontos e Pont\u00f5es de Cultura. Estes eventos s\u00e3o fundamentais para a prepara\u00e7\u00e3o da 6\u00aa Teia Nacional &#8211; Pontos de Cultura pela Justi\u00e7a Clim\u00e1tica, agendada para o final de mar\u00e7o em Aracruz (ES).<br><br>\u200bOs encontros visam fortalecer as redes regionais, consolidar diretrizes para a Pol\u00edtica Nacional Cultura Viva (PNCV) e ampliar o di\u00e1logo sobre pol\u00edticas p\u00fablicas. Em cada estado, s\u00e3o eleitos 30 delegados que representar\u00e3o suas comunidades no evento nacional. A secret\u00e1ria de Cidadania e Diversidade Cultural do MinC, M\u00e1rcia Rollemberg, destacou que o engajamento atual demonstra a pot\u00eancia e a diversidade da rede brasileira.<br><br><strong>\u200bPanorama das Atividades por Estado<\/strong>:<br><br>\u200b<strong>Rio de Janeiro: <\/strong>O VII F\u00f3rum Estadual acontece de forma h\u00edbrida. De 23 a 26\/02, mesas virtuais debatem os eixos estruturantes do Minist\u00e9rio da Cultura. O encerramento presencial ser\u00e1 no dia 28, na capital, com as delibera\u00e7\u00f5es finais e a elei\u00e7\u00e3o da delega\u00e7\u00e3o fluminense.<br>\u200b<strong>Santa Catarina (24 e 25\/02):<\/strong> Em Florian\u00f3polis, o 4\u00ba F\u00f3rum Estadual re\u00fane gestores e agentes culturais. O destaque \u00e9 a divis\u00e3o territorial de vagas para garantir a representatividade das mesorregi\u00f5es catarinenses e de comunidades quilombolas e origin\u00e1rias.<br>Saiba mais: https:\/\/culturacatarina.com.br <br>\u200b<strong>Piau\u00ed (25 a 27\/02):<\/strong> Teresina sedia a Teia Estadual, focada em articular a Rede Cultura Viva no estado. A programa\u00e7\u00e3o conta com rodas de conversa sobre diversidade, participa\u00e7\u00e3o social e interc\u00e2mbio de experi\u00eancias entre coletivos piauienses.<br>\u200b<strong>Para\u00edba (26 a 28\/02):<\/strong> Campina Grande recebe a 5\u00aa Teia Para\u00edba. O evento \u00e9 um espa\u00e7o de celebra\u00e7\u00e3o e forma\u00e7\u00e3o para mestres da cultura popular, povos ciganos e ind\u00edgenas, debatendo o passado e o futuro da Cultura Viva no estado.<br>\u200b<strong>Rio Grande do Norte (26 e 27\/02):<\/strong> Em Natal, a Teia Potiguar foca na regulamenta\u00e7\u00e3o da Lei Cultura Viva estadual e na sustentabilidade da cria\u00e7\u00e3o art\u00edstica, sob a gest\u00e3o compartilhada com a Comiss\u00e3o Estadual de Pontos de Cultura.<br>\u200b<strong>Rond\u00f4nia (26\/02 a 01\/03):<\/strong> Ji-Paran\u00e1 ter\u00e1 uma programa\u00e7\u00e3o diversificada que inclui cortejo cultural, feira de artesanato e oficinas sobre o enfrentamento de viol\u00eancias e culturas populares e rurais.<br><strong>\u200bS\u00e3o Paulo (26\/02 a 01\/03):<\/strong> O 4\u00ba F\u00f3rum Paulista ocorre na Esta\u00e7\u00e3o Cultura, em Campinas. Com o tema &#8220;Cultura Viva Tecendo o Bem Viver&#8221;, o encontro utiliza o m\u00e9todo de consenso progressivo para pactuar as decis\u00f5es da rede paulista.<br>\u200b<strong>Esp\u00edrito Santo (27\/02 a 01\/03):<\/strong> Anfitri\u00e3o da etapa nacional, o estado realiza sua 4\u00aa Teia Estadual em Aracruz. O evento no Sesc Praia Formosa foca na avalia\u00e7\u00e3o da pol\u00edtica cultural capixaba e oficinas com mestres tradicionais.<br><strong>\u200bBahia (28\/02 e 01\/03):<\/strong> Feira de Santana sedia a III Teia Bahia. O encontro \u00e9 estrat\u00e9gico para a implementa\u00e7\u00e3o da Lei Cultura Viva Bahia, sancionada em 2024, e para a organiza\u00e7\u00e3o das novas Redes de Pontos de Cultura Ind\u00edgena.<br>Saiba mais: https:\/\/www.ba.gov.br\/cultura\/63\/teia e https:\/\/www.instagram.com\/secultba\/<\/p>\n\n\n\n<p><br><strong>\u200bServi\u00e7o:<\/strong><br>Evento: Encontros preparat\u00f3rios para a 6\u00aa Teia Nacional de Pontos de Cultura.<br>Data: 23 de fevereiro a 1\u00ba de mar\u00e7o de 2026.<br>Estados participantes: RJ, SC, PI, PB, RN, RO, SP, ES e BA.<br>Organiza\u00e7\u00e3o: Redes Estaduais de Pontos de Cultura e Minist\u00e9rio da Cultura (MinC).<\/p>\n\n\n\n<p><\/p>\n","protected":false},"excerpt":{"rendered":"<p>\u200bNesta \u00faltima semana de fevereiro, o Brasil vive um momento de intensa mobiliza\u00e7\u00e3o para a cultura de base comunit\u00e1ria. Entre<\/p>\n","protected":false},"author":1,"featured_media":1500,"comment_status":"open","ping_status":"open","sticky":false,"template":"","format":"standard","meta":{"colormag_page_container_layout":"default_layout","colormag_page_sidebar_layout":"default_layout","footnotes":""},"categories":[8],"tags":[],"class_list":["post-1499","post","type-post","status-publish","format-standard","has-post-thumbnail","hentry","category-noticias"],"rttpg_featured_image_url":{"full":["https:\/\/boracultura.com.br\/wp-content\/uploads\/2026\/02\/17720539712007514311030110387785.png",768,510,false],"landscape":["https:\/\/boracultura.com.br\/wp-content\/uploads\/2026\/02\/17720539712007514311030110387785.png",768,510,false],"portraits":["https:\/\/boracultura.com.br\/wp-content\/uploads\/2026\/02\/17720539712007514311030110387785.png",768,510,false],"thumbnail":["https:\/\/boracultura.com.br\/wp-content\/uploads\/2026\/02\/17720539712007514311030110387785-150x150.png",150,150,true],"medium":["https:\/\/boracultura.com.br\/wp-content\/uploads\/2026\/02\/17720539712007514311030110387785-300x199.png",300,199,true],"large":["https:\/\/boracultura.com.br\/wp-content\/uploads\/2026\/02\/17720539712007514311030110387785.png",768,510,false],"1536x1536":["https:\/\/boracultura.com.br\/wp-content\/uploads\/2026\/02\/17720539712007514311030110387785.png",768,510,false],"2048x2048":["https:\/\/boracultura.com.br\/wp-content\/uploads\/2026\/02\/17720539712007514311030110387785.png",768,510,false],"colormag-highlighted-post":["https:\/\/boracultura.com.br\/wp-content\/uploads\/2026\/02\/17720539712007514311030110387785-392x272.png",392,272,true],"colormag-featured-post-medium":["https:\/\/boracultura.com.br\/wp-content\/uploads\/2026\/02\/17720539712007514311030110387785-390x205.png",390,205,true],"colormag-featured-post-small":["https:\/\/boracultura.com.br\/wp-content\/uploads\/2026\/02\/17720539712007514311030110387785-130x90.png",130,90,true],"colormag-featured-image":["https:\/\/boracultura.com.br\/wp-content\/uploads\/2026\/02\/17720539712007514311030110387785-768x445.png",768,445,true],"colormag-default-news":["https:\/\/boracultura.com.br\/wp-content\/uploads\/2026\/02\/17720539712007514311030110387785-150x150.png",150,150,true],"colormag-featured-image-large":["https:\/\/boracultura.com.br\/wp-content\/uploads\/2026\/02\/17720539712007514311030110387785.png",768,510,false],"colormag-elementor-block-extra-large-thumbnail":["https:\/\/boracultura.com.br\/wp-content\/uploads\/2026\/02\/17720539712007514311030110387785-768x480.png",768,480,true],"colormag-elementor-grid-large-thumbnail":["https:\/\/boracultura.com.br\/wp-content\/uploads\/2026\/02\/17720539712007514311030110387785-600x417.png",600,417,true],"colormag-elementor-grid-small-thumbnail":["https:\/\/boracultura.com.br\/wp-content\/uploads\/2026\/02\/17720539712007514311030110387785-285x450.png",285,450,true],"colormag-elementor-grid-medium-large-thumbnail":["https:\/\/boracultura.com.br\/wp-content\/uploads\/2026\/02\/17720539712007514311030110387785-575x198.png",575,198,true],"psacp-medium":["https:\/\/boracultura.com.br\/wp-content\/uploads\/2026\/02\/17720539712007514311030110387785-500x500.png",500,500,true]},"rttpg_author":{"display_name":"boracultura@gmail.com","author_link":"https:\/\/boracultura.com.br\/index.php\/author\/boraculturagmail-com\/"},"rttpg_comment":0,"rttpg_category":"<a href=\"https:\/\/boracultura.com.br\/index.php\/category\/noticias\/\" rel=\"category tag\">Not\u00edcias<\/a>","rttpg_excerpt":"\u200bNesta \u00faltima semana de fevereiro, o Brasil vive um momento de intensa mobiliza\u00e7\u00e3o para a cultura de base comunit\u00e1ria. Entre","_links":{"self":[{"href":"https:\/\/boracultura.com.br\/index.php\/wp-json\/wp\/v2\/posts\/1499","targetHints":{"allow":["GET"]}}],"collection":[{"href":"https:\/\/boracultura.com.br\/index.php\/wp-json\/wp\/v2\/posts"}],"about":[{"href":"https:\/\/boracultura.com.br\/index.php\/wp-json\/wp\/v2\/types\/post"}],"author":[{"embeddable":true,"href":"https:\/\/boracultura.com.br\/index.php\/wp-json\/wp\/v2\/users\/1"}],"replies":[{"embeddable":true,"href":"https:\/\/boracultura.com.br\/index.php\/wp-json\/wp\/v2\/comments?post=1499"}],"version-history":[{"count":1,"href":"https:\/\/boracultura.com.br\/index.php\/wp-json\/wp\/v2\/posts\/1499\/revisions"}],"predecessor-version":[{"id":1501,"href":"https:\/\/boracultura.com.br\/index.php\/wp-json\/wp\/v2\/posts\/1499\/revisions\/1501"}],"wp:featuredmedia":[{"embeddable":true,"href":"https:\/\/boracultura.com.br\/index.php\/wp-json\/wp\/v2\/media\/1500"}],"wp:attachment":[{"href":"https:\/\/boracultura.com.br\/index.php\/wp-json\/wp\/v2\/media?parent=1499"}],"wp:term":[{"taxonomy":"category","embeddable":true,"href":"https:\/\/boracultura.com.br\/index.php\/wp-json\/wp\/v2\/categories?post=1499"},{"taxonomy":"post_tag","embeddable":true,"href":"https:\/\/boracultura.com.br\/index.php\/wp-json\/wp\/v2\/tags?post=1499"}],"curies":[{"name":"wp","href":"https:\/\/api.w.org\/{rel}","templated":true}]}}