{"id":1502,"date":"2026-02-25T18:16:41","date_gmt":"2026-02-25T21:16:41","guid":{"rendered":"https:\/\/boracultura.com.br\/?p=1502"},"modified":"2026-02-25T22:41:41","modified_gmt":"2026-02-26T01:41:41","slug":"papazoni-encerra-agenda-intensa-de-fevereiro-na-chapada-diamantina","status":"publish","type":"post","link":"https:\/\/boracultura.com.br\/index.php\/2026\/02\/25\/papazoni-encerra-agenda-intensa-de-fevereiro-na-chapada-diamantina\/","title":{"rendered":"Papazoni\u00a0encerra agenda intensa de fevereiro na Chapada Diamantina\u00a0"},"content":{"rendered":"\n<p>\u200bA banda Papazoni se apresenta neste s\u00e1bado, dia 28 de fevereiro, em Boa Vista do Tupim, na Chapada Diamantina, marcando o encerramento da agenda de fevereiro, per\u00edodo em que o grupo percorreu diversos munic\u00edpios. No repert\u00f3rio, o grupo segue apostando na m\u00fasica \u201cHomem Aranha\u201d (https:\/\/onerpm.link\/homemaranha), lan\u00e7ada no ver\u00e3o. Al\u00e9m disso, sucessos da trajet\u00f3ria de dez anos de carreira e muitos hits.<br><br>\u200bNestas \u00faltimas semanas, o Papazoni passou pela Bahia, Minas Gerais e Esp\u00edrito Santo, com apresenta\u00e7\u00f5es em cidades como Itapebi, Livramento de Nossa Senhora, Santa Cruz Cabr\u00e1lia, Porto Seguro, Salvador, Tanha\u00e7u, Rio de Contas, Minas Novas, S\u00e3o Mateus, Mucuri, Alcoba\u00e7a, Caravelas, Prado e D\u00e1rio Meira, em uma maratona que incluiu trios el\u00e9tricos, festas populares e eventos de ver\u00e3o.<br><br>\u200bPara o vocalista Felipe Gama, o per\u00edodo foi de muito trabalho, mas tamb\u00e9m de reconhecimento do p\u00fablico.<br>\u200b\u201cFoi uma correria intensa, praticamente um show atr\u00e1s do outro, mas \u00e9 exatamente isso que move a gente. Passar por tantas cidades, sentir o carinho do p\u00fablico e ver a galera cantando com a banda \u00e9 o que faz tudo valer a pena. Fevereiro foi especial demais para n\u00f3s e que venham os pr\u00f3ximos meses\u201d, destacou o cantor.<br><br><strong>\u200bServi\u00e7o:<\/strong><br>Evento: Show da Banda Papazoni<br>Data: S\u00e1bado, 28 de fevereiro de 2026<br>Local: Boa Vista do Tupim, Chapada Diamantina (BA)<br>Destaque: Encerramento da agenda de fevereiro e lan\u00e7amento da m\u00fasica &#8220;Homem Aranha&#8221;<\/p>\n","protected":false},"excerpt":{"rendered":"<p>\u200bA banda Papazoni se apresenta neste s\u00e1bado, dia 28 de fevereiro, em Boa Vista do Tupim, na Chapada Diamantina, marcando<\/p>\n","protected":false},"author":1,"featured_media":1504,"comment_status":"open","ping_status":"open","sticky":false,"template":"","format":"standard","meta":{"colormag_page_container_layout":"default_layout","colormag_page_sidebar_layout":"default_layout","footnotes":""},"categories":[45,8],"tags":[],"class_list":["post-1502","post","type-post","status-publish","format-standard","has-post-thumbnail","hentry","category-musica","category-noticias"],"rttpg_featured_image_url":{"full":["https:\/\/boracultura.com.br\/wp-content\/uploads\/2026\/02\/17720541785717642201526256092304.jpg",637,427,false],"landscape":["https:\/\/boracultura.com.br\/wp-content\/uploads\/2026\/02\/17720541785717642201526256092304.jpg",637,427,false],"portraits":["https:\/\/boracultura.com.br\/wp-content\/uploads\/2026\/02\/17720541785717642201526256092304.jpg",637,427,false],"thumbnail":["https:\/\/boracultura.com.br\/wp-content\/uploads\/2026\/02\/17720541785717642201526256092304-150x150.jpg",150,150,true],"medium":["https:\/\/boracultura.com.br\/wp-content\/uploads\/2026\/02\/17720541785717642201526256092304-300x201.jpg",300,201,true],"large":["https:\/\/boracultura.com.br\/wp-content\/uploads\/2026\/02\/17720541785717642201526256092304.jpg",637,427,false],"1536x1536":["https:\/\/boracultura.com.br\/wp-content\/uploads\/2026\/02\/17720541785717642201526256092304.jpg",637,427,false],"2048x2048":["https:\/\/boracultura.com.br\/wp-content\/uploads\/2026\/02\/17720541785717642201526256092304.jpg",637,427,false],"colormag-highlighted-post":["https:\/\/boracultura.com.br\/wp-content\/uploads\/2026\/02\/17720541785717642201526256092304-392x272.jpg",392,272,true],"colormag-featured-post-medium":["https:\/\/boracultura.com.br\/wp-content\/uploads\/2026\/02\/17720541785717642201526256092304-390x205.jpg",390,205,true],"colormag-featured-post-small":["https:\/\/boracultura.com.br\/wp-content\/uploads\/2026\/02\/17720541785717642201526256092304-130x90.jpg",130,90,true],"colormag-featured-image":["https:\/\/boracultura.com.br\/wp-content\/uploads\/2026\/02\/17720541785717642201526256092304.jpg",637,427,false],"colormag-default-news":["https:\/\/boracultura.com.br\/wp-content\/uploads\/2026\/02\/17720541785717642201526256092304-150x150.jpg",150,150,true],"colormag-featured-image-large":["https:\/\/boracultura.com.br\/wp-content\/uploads\/2026\/02\/17720541785717642201526256092304.jpg",637,427,false],"colormag-elementor-block-extra-large-thumbnail":["https:\/\/boracultura.com.br\/wp-content\/uploads\/2026\/02\/17720541785717642201526256092304.jpg",637,427,false],"colormag-elementor-grid-large-thumbnail":["https:\/\/boracultura.com.br\/wp-content\/uploads\/2026\/02\/17720541785717642201526256092304-600x417.jpg",600,417,true],"colormag-elementor-grid-small-thumbnail":["https:\/\/boracultura.com.br\/wp-content\/uploads\/2026\/02\/17720541785717642201526256092304-285x427.jpg",285,427,true],"colormag-elementor-grid-medium-large-thumbnail":["https:\/\/boracultura.com.br\/wp-content\/uploads\/2026\/02\/17720541785717642201526256092304-575x198.jpg",575,198,true],"psacp-medium":["https:\/\/boracultura.com.br\/wp-content\/uploads\/2026\/02\/17720541785717642201526256092304-500x427.jpg",500,427,true]},"rttpg_author":{"display_name":"boracultura@gmail.com","author_link":"https:\/\/boracultura.com.br\/index.php\/author\/boraculturagmail-com\/"},"rttpg_comment":0,"rttpg_category":"<a href=\"https:\/\/boracultura.com.br\/index.php\/category\/noticias\/musica\/\" rel=\"category tag\">M\u00fasica<\/a> <a href=\"https:\/\/boracultura.com.br\/index.php\/category\/noticias\/\" rel=\"category tag\">Not\u00edcias<\/a>","rttpg_excerpt":"\u200bA banda Papazoni se apresenta neste s\u00e1bado, dia 28 de fevereiro, em Boa Vista do Tupim, na Chapada Diamantina, marcando","_links":{"self":[{"href":"https:\/\/boracultura.com.br\/index.php\/wp-json\/wp\/v2\/posts\/1502","targetHints":{"allow":["GET"]}}],"collection":[{"href":"https:\/\/boracultura.com.br\/index.php\/wp-json\/wp\/v2\/posts"}],"about":[{"href":"https:\/\/boracultura.com.br\/index.php\/wp-json\/wp\/v2\/types\/post"}],"author":[{"embeddable":true,"href":"https:\/\/boracultura.com.br\/index.php\/wp-json\/wp\/v2\/users\/1"}],"replies":[{"embeddable":true,"href":"https:\/\/boracultura.com.br\/index.php\/wp-json\/wp\/v2\/comments?post=1502"}],"version-history":[{"count":1,"href":"https:\/\/boracultura.com.br\/index.php\/wp-json\/wp\/v2\/posts\/1502\/revisions"}],"predecessor-version":[{"id":1505,"href":"https:\/\/boracultura.com.br\/index.php\/wp-json\/wp\/v2\/posts\/1502\/revisions\/1505"}],"wp:featuredmedia":[{"embeddable":true,"href":"https:\/\/boracultura.com.br\/index.php\/wp-json\/wp\/v2\/media\/1504"}],"wp:attachment":[{"href":"https:\/\/boracultura.com.br\/index.php\/wp-json\/wp\/v2\/media?parent=1502"}],"wp:term":[{"taxonomy":"category","embeddable":true,"href":"https:\/\/boracultura.com.br\/index.php\/wp-json\/wp\/v2\/categories?post=1502"},{"taxonomy":"post_tag","embeddable":true,"href":"https:\/\/boracultura.com.br\/index.php\/wp-json\/wp\/v2\/tags?post=1502"}],"curies":[{"name":"wp","href":"https:\/\/api.w.org\/{rel}","templated":true}]}}