{"id":1518,"date":"2026-02-25T22:23:09","date_gmt":"2026-02-26T01:23:09","guid":{"rendered":"https:\/\/boracultura.com.br\/?p=1518"},"modified":"2026-02-25T22:28:11","modified_gmt":"2026-02-26T01:28:11","slug":"caixa-cultural-salvador-apresenta-leegal-espetaculo-de-julia-vargas-e-natascha-falcao-em-tributo-a-gal-costa-e-rita-lee","status":"publish","type":"post","link":"https:\/\/boracultura.com.br\/index.php\/2026\/02\/25\/caixa-cultural-salvador-apresenta-leegal-espetaculo-de-julia-vargas-e-natascha-falcao-em-tributo-a-gal-costa-e-rita-lee\/","title":{"rendered":"Caixa Cultural Salvador apresenta &#8220;Leegal&#8221;, espet\u00e1culo de Julia Vargas e Natascha Falc\u00e3o em tributo a Gal Costa e Rita Lee"},"content":{"rendered":"\n<p>Shows acontecem entre os dias 6 e 8 de mar\u00e7o, como parte da programa\u00e7\u00e3o da CAIXA no Dia Internacional da Mulher<\/p>\n\n\n\n<p>A CAIXA Cultural Salvador apresenta, de 6 a 8 de mar\u00e7o, duas das vozes mais incensadas da m\u00fasica popular brasileira contempor\u00e2nea: Julia Vargas e Natascha Falc\u00e3o no show &#8220;LeeGal&#8221;. O espet\u00e1culo \u00e9 uma homenagem a Gal Costa e Rita Lee. Ser\u00e3o tr\u00eas apresenta\u00e7\u00f5es, na sexta e s\u00e1bado \u00e0s 20h, e no domingo \u00e0s 19h, no P\u00e1tio Externo da CAIXA Cultural. Os ingressos podem ser adquiridos no&nbsp;<a href=\"https:\/\/www.bing.com\/search?q=sympla&amp;cvid=85755babb5a947b18a8f918782cccd3d&amp;gs_lcrp=EgRlZGdlKgYIABBFGDkyBggAEEUYOTIICAEQ6QcY_FXSAQc4OTRqMGozqAIIsAIB&amp;FORM=ANAB01&amp;PC=U531\" target=\"_blank\" rel=\"noreferrer noopener\">Sympla<\/a>, a partir de 12h do dia 03 de mar\u00e7o.<\/p>\n\n\n\n<p>O espet\u00e1culo re\u00fane cl\u00e1ssicos como &#8220;Vapor Barato&#8221;, &#8220;Ovelha Negra&#8221;, &#8220;Vaca Profana&#8221;, &#8220;Baby&#8221; e &#8220;Pagu&#8221;, interpretados pelas vozes potentes de Julia e Natascha. A fus\u00e3o das duas cantoras faz pulsar, no presente, a liberdade e a ousadia que Rita e Gal trouxeram para a m\u00fasica.<\/p>\n\n\n\n<p>Com duas guitarras e duas vozes, as cantoras d\u00e3o continuidade e novos sentidos a um legado fundamental para a m\u00fasica brasileira: a obra de Rita Lee e Gal Costa. &#8220;O show n\u00e3o \u00e9 um cover, \u00e9 uma mistura. A escolha do repert\u00f3rio tamb\u00e9m dialoga com as nossas prefer\u00eancias, com o que faz sentido para cada uma de n\u00f3s cantar. O figurino tamb\u00e9m traz uma simplicidade, um despojamento refinado que tem a ver com Rita e Gal, com a \u00e9poca, e com o que a gente quer transmitir&#8221;, firma Natascha Falc\u00e3o.<\/p>\n\n\n\n<p>Al\u00e9m das apresenta\u00e7\u00f5es, a programa\u00e7\u00e3o inclui um bate-papo aberto ao p\u00fablico, que acontece no s\u00e1bado (7) ap\u00f3s o show e re\u00fane artistas, t\u00e9cnicas e pesquisadoras da m\u00fasica para debater a constru\u00e7\u00e3o de narrativas femininas na arte e na produ\u00e7\u00e3o cultural brasileira. Tamb\u00e9m ser\u00e1 realizada uma oficina art\u00edstica de voz, corpo e cria\u00e7\u00e3o sonora, com foco em jovens mulheres e pessoas n\u00e3o-bin\u00e1rias, conduzida pelas pr\u00f3prias artistas na sexta-feira (6), \u00e0s 14h. As inscri\u00e7\u00f5es s\u00e3o gratuitas e podem ser feitas presencialmente, uma hora antes da atividade.<\/p>\n\n\n\n<p><strong><u>Natascha Falc\u00e3o:<\/u><\/strong><\/p>\n\n\n\n<p>Ao longo de sua trajet\u00f3ria, Natascha Falc\u00e3o consolidou-se como uma das vozes mais potentes e originais da nova gera\u00e7\u00e3o da m\u00fasica brasileira. Multiartista pernambucana que atua, canta, escreve, dirige e apresenta, foi indicada duas vezes ao Grammy Latino.<\/p>\n\n\n\n<p>Em 2025, Natascha encantou o p\u00fablico ao levar o forr\u00f3 raiz ao The Voice Brasil, e, no ano anterior, brilhou como Lola na novela No Rancho Fundo (Globo), tamb\u00e9m assinando o tema de abertura ao lado de Elba Ramalho. Com uma obra que une tradi\u00e7\u00e3o e vanguarda, Natascha Falc\u00e3o reafirma o poder da mulher nordestina e a for\u00e7a das ra\u00edzes brasileiras.<\/p>\n\n\n\n<p><strong><u>Julia Vargas:<\/u><\/strong><\/p>\n\n\n\n<p>Cantora, compositora e percussionista, Julia Vargas \u00e9 considerada uma das grandes vozes da m\u00fasica brasileira. A artista vem emocionando nomes como Milton Nascimento, com quem realizou turn\u00ea e abriu shows. J\u00e1 dividiu o palco com grandes artistas \u2014 Z\u00e9lia Duncan, Criolo, Alceu Valen\u00e7a, Elba Ramalho, Ivan Lins, entre outros. Seu terceiro disco, &#8220;Pop Banana&#8221;, lan\u00e7ado pela Biscoito Fino e com participa\u00e7\u00e3o de Ney Matogrosso, foi amplamente reconhecido pela cr\u00edtica especializada.<\/p>\n\n\n\n<p><strong><u>SERVI\u00c7O:<\/u><\/strong><\/p>\n\n\n\n<p><strong>[M\u00fasica] LeeGal \u2013 homenagem a Gal Costa e Rita Lee<\/strong><br><strong>Local:<\/strong>\u00a0CAIXA Cultural Salvador \u2013 Rua Carlos Gomes, 57 \u2013 Centro<br><strong>Datas:<\/strong>\u00a06 a 8 de mar\u00e7o (sexta-feira a domingo)<br><strong>Hor\u00e1rio:<\/strong>\u00a0sexta e s\u00e1bado, \u00e0s 20h, e no domingo \u00e0s 19h.<br><strong>Ingressos:<\/strong>\u00a0R$ 30 (inteira) e R$ 15 (meia). Vendas a partir de 12h do dia 03\/03, na plataforma\u00a0<a href=\"https:\/\/www.bing.com\/search?q=sympla&amp;cvid=85755babb5a947b18a8f918782cccd3d&amp;gs_lcrp=EgRlZGdlKgYIABBFGDkyBggAEEUYOTIICAEQ6QcY_FXSAQc4OTRqMGozqAIIsAIB&amp;FORM=ANAB01&amp;PC=U531\" target=\"_blank\" rel=\"noreferrer noopener\">Sympla<\/a><br><strong>Estacionamento gratuito:<\/strong>\u00a0ao lado da CAIXA Cultural Salvador.<\/p>\n\n\n\n<p><strong>Classifica\u00e7\u00e3o indicativa:<\/strong>\u00a0Livre<br><strong>Bate-papo com artistas:<\/strong>\u00a0s\u00e1bado (7)<br><strong>Oficina de voz:<\/strong>\u00a0sexta-feira (6), \u00e0s 14h, com inscri\u00e7\u00f5es gratuitas no ato.<br><strong>Patroc\u00ednio:<\/strong>\u00a0CAIXA e Governo Federal.<\/p>\n\n\n\n<p><em><strong>Foto: Maju Magalh\u00e3es<\/strong><\/em><\/p>\n\n\n\n<p><\/p>\n","protected":false},"excerpt":{"rendered":"<p>Shows acontecem entre os dias 6 e 8 de mar\u00e7o, como parte da programa\u00e7\u00e3o da CAIXA no Dia Internacional da<\/p>\n","protected":false},"author":1,"featured_media":1519,"comment_status":"open","ping_status":"open","sticky":false,"template":"","format":"standard","meta":{"colormag_page_container_layout":"default_layout","colormag_page_sidebar_layout":"default_layout","footnotes":""},"categories":[45,8],"tags":[],"class_list":["post-1518","post","type-post","status-publish","format-standard","has-post-thumbnail","hentry","category-musica","category-noticias"],"rttpg_featured_image_url":{"full":["https:\/\/boracultura.com.br\/wp-content\/uploads\/2026\/02\/Foto-Maju-Magalhaes-e1772068932221.jpg",850,457,false],"landscape":["https:\/\/boracultura.com.br\/wp-content\/uploads\/2026\/02\/Foto-Maju-Magalhaes-e1772068932221.jpg",850,457,false],"portraits":["https:\/\/boracultura.com.br\/wp-content\/uploads\/2026\/02\/Foto-Maju-Magalhaes-e1772068932221.jpg",850,457,false],"thumbnail":["https:\/\/boracultura.com.br\/wp-content\/uploads\/2026\/02\/Foto-Maju-Magalhaes-e1772068932221-150x150.jpg",150,150,true],"medium":["https:\/\/boracultura.com.br\/wp-content\/uploads\/2026\/02\/Foto-Maju-Magalhaes-e1772068932221-300x161.jpg",300,161,true],"large":["https:\/\/boracultura.com.br\/wp-content\/uploads\/2026\/02\/Foto-Maju-Magalhaes-e1772068932221.jpg",800,430,false],"1536x1536":["https:\/\/boracultura.com.br\/wp-content\/uploads\/2026\/02\/Foto-Maju-Magalhaes-e1772068932221.jpg",850,457,false],"2048x2048":["https:\/\/boracultura.com.br\/wp-content\/uploads\/2026\/02\/Foto-Maju-Magalhaes-e1772068932221.jpg",850,457,false],"colormag-highlighted-post":["https:\/\/boracultura.com.br\/wp-content\/uploads\/2026\/02\/Foto-Maju-Magalhaes-e1772068932221-392x272.jpg",392,272,true],"colormag-featured-post-medium":["https:\/\/boracultura.com.br\/wp-content\/uploads\/2026\/02\/Foto-Maju-Magalhaes-e1772068932221-390x205.jpg",390,205,true],"colormag-featured-post-small":["https:\/\/boracultura.com.br\/wp-content\/uploads\/2026\/02\/Foto-Maju-Magalhaes-e1772068932221-130x90.jpg",130,90,true],"colormag-featured-image":["https:\/\/boracultura.com.br\/wp-content\/uploads\/2026\/02\/Foto-Maju-Magalhaes-e1772068932221-800x445.jpg",800,445,true],"colormag-default-news":["https:\/\/boracultura.com.br\/wp-content\/uploads\/2026\/02\/Foto-Maju-Magalhaes-e1772068932221-150x150.jpg",150,150,true],"colormag-featured-image-large":["https:\/\/boracultura.com.br\/wp-content\/uploads\/2026\/02\/Foto-Maju-Magalhaes-e1772068932221.jpg",850,457,false],"colormag-elementor-block-extra-large-thumbnail":["https:\/\/boracultura.com.br\/wp-content\/uploads\/2026\/02\/Foto-Maju-Magalhaes-851x480.jpg",851,480,true],"colormag-elementor-grid-large-thumbnail":["https:\/\/boracultura.com.br\/wp-content\/uploads\/2026\/02\/Foto-Maju-Magalhaes-e1772068932221-600x417.jpg",600,417,true],"colormag-elementor-grid-small-thumbnail":["https:\/\/boracultura.com.br\/wp-content\/uploads\/2026\/02\/Foto-Maju-Magalhaes-e1772068932221-285x450.jpg",285,450,true],"colormag-elementor-grid-medium-large-thumbnail":["https:\/\/boracultura.com.br\/wp-content\/uploads\/2026\/02\/Foto-Maju-Magalhaes-e1772068932221-575x198.jpg",575,198,true],"psacp-medium":["https:\/\/boracultura.com.br\/wp-content\/uploads\/2026\/02\/Foto-Maju-Magalhaes-e1772068932221-500x457.jpg",500,457,true]},"rttpg_author":{"display_name":"boracultura@gmail.com","author_link":"https:\/\/boracultura.com.br\/index.php\/author\/boraculturagmail-com\/"},"rttpg_comment":0,"rttpg_category":"<a href=\"https:\/\/boracultura.com.br\/index.php\/category\/noticias\/musica\/\" rel=\"category tag\">M\u00fasica<\/a> <a href=\"https:\/\/boracultura.com.br\/index.php\/category\/noticias\/\" rel=\"category tag\">Not\u00edcias<\/a>","rttpg_excerpt":"Shows acontecem entre os dias 6 e 8 de mar\u00e7o, como parte da programa\u00e7\u00e3o da CAIXA no Dia Internacional da","_links":{"self":[{"href":"https:\/\/boracultura.com.br\/index.php\/wp-json\/wp\/v2\/posts\/1518","targetHints":{"allow":["GET"]}}],"collection":[{"href":"https:\/\/boracultura.com.br\/index.php\/wp-json\/wp\/v2\/posts"}],"about":[{"href":"https:\/\/boracultura.com.br\/index.php\/wp-json\/wp\/v2\/types\/post"}],"author":[{"embeddable":true,"href":"https:\/\/boracultura.com.br\/index.php\/wp-json\/wp\/v2\/users\/1"}],"replies":[{"embeddable":true,"href":"https:\/\/boracultura.com.br\/index.php\/wp-json\/wp\/v2\/comments?post=1518"}],"version-history":[{"count":2,"href":"https:\/\/boracultura.com.br\/index.php\/wp-json\/wp\/v2\/posts\/1518\/revisions"}],"predecessor-version":[{"id":1521,"href":"https:\/\/boracultura.com.br\/index.php\/wp-json\/wp\/v2\/posts\/1518\/revisions\/1521"}],"wp:featuredmedia":[{"embeddable":true,"href":"https:\/\/boracultura.com.br\/index.php\/wp-json\/wp\/v2\/media\/1519"}],"wp:attachment":[{"href":"https:\/\/boracultura.com.br\/index.php\/wp-json\/wp\/v2\/media?parent=1518"}],"wp:term":[{"taxonomy":"category","embeddable":true,"href":"https:\/\/boracultura.com.br\/index.php\/wp-json\/wp\/v2\/categories?post=1518"},{"taxonomy":"post_tag","embeddable":true,"href":"https:\/\/boracultura.com.br\/index.php\/wp-json\/wp\/v2\/tags?post=1518"}],"curies":[{"name":"wp","href":"https:\/\/api.w.org\/{rel}","templated":true}]}}