{"id":1586,"date":"2026-02-26T23:32:17","date_gmt":"2026-02-27T02:32:17","guid":{"rendered":"https:\/\/boracultura.com.br\/?p=1586"},"modified":"2026-02-27T14:25:45","modified_gmt":"2026-02-27T17:25:45","slug":"rouanet-no-interior-parceria-entre-minc-e-neoenergia-investe-r-6-milhoes-em-pequenos-municipios","status":"publish","type":"post","link":"https:\/\/boracultura.com.br\/index.php\/2026\/02\/26\/rouanet-no-interior-parceria-entre-minc-e-neoenergia-investe-r-6-milhoes-em-pequenos-municipios\/","title":{"rendered":"Rouanet no Interior: parceria entre MinC e Neoenergia investe R$ 6 milh\u00f5es em pequenos munic\u00edpios"},"content":{"rendered":"\n<p>Iniciativa in\u00e9dita financiar\u00e1, em at\u00e9 R$ 200 mil, projetos culturais de munic\u00edpios de pequeno porte de quatro estados e Distrito Federal para democratizar e nacionalizar o acesso ao fomento cultural<\/p>\n\n\n\n<p>OMinist\u00e9rio da Cultura (MinC) lan\u00e7ou, nesta quinta-feira (26), em Salvador (BA), o programa Rouanet no Interior. A iniciativa, realizada em parceria com a Neoenergia por meio do Instituto Neoenergia, investe R$ 6 milh\u00f5es com foco na democratiza\u00e7\u00e3o do acesso aos recursos da Lei Rouanet em regi\u00f5es historicamente menos contempladas pelo fomento cultural federal. O edital selecionar\u00e1, no m\u00ednimo, 30 projetos culturais realizados em munic\u00edpios de pequeno porte nos estados da Bahia, Pernambuco, Rio Grande do Norte e S\u00e3o Paulo, al\u00e9m de regi\u00f5es administrativas perif\u00e9ricas do Distrito Federal.\u00a0<\/p>\n\n\n\n<p>Cada projeto selecionado poder\u00e1 receber at\u00e9 R$ 200 mil para execu\u00e7\u00e3o de atividades nas \u00e1reas de artes c\u00eanicas, m\u00fasica, artes visuais, patrim\u00f4nio e humanidades. As inscri\u00e7\u00f5es come\u00e7am nesta quinta-feira (26) e seguem at\u00e9 o dia 30 de abril de 2024, exclusivamente pelo Sistema de Apoio \u00e0s Leis de Incentivo \u00e0 Cultura (Salic). Para mais informa\u00e7\u00f5es,\u00a0<a href=\"https:\/\/www.gov.br\/cultura\/pt-br\/assuntos\/lei-rouanet\/projetos-especiais-rouanet\" target=\"_blank\" rel=\"noreferrer noopener\">acesse aqui<\/a>.\u00a0<\/p>\n\n\n\n<p>A ministra da Cultura, Margareth Menezes, destacou que o programa reconhece a for\u00e7a da produ\u00e7\u00e3o art\u00edstica fora dos grandes centros. &#8220;A cultura brasileira pulsa com for\u00e7a no interior, nas pequenas cidades, nas comunidades tradicionais e nas periferias, e fortalecer esses territ\u00f3rios significa ampliar oportunidades, gerar trabalho e renda e tornar o acesso ao financiamento cultural cada vez mais amplo e democr\u00e1ticico&#8221;, afirmou.\u00a0<\/p>\n\n\n\n<p>Al\u00e9m disso, a titular da Pasta ressaltou que o Rouanet no Interior representa um passo firme na estrat\u00e9gia de nacionaliza\u00e7\u00e3o dos investimentos culturais no pa\u00eds. &#8220;Com a Rouanet no Interior, que segue uma s\u00e9rie de programas especiais da Rouanet j\u00e1 lan\u00e7ados, foi criado com o objetivo de tornar esse mecanismo de fomento em uma verdadeira pol\u00edtica p\u00fablica de fortalecimento do setor cultural&#8221;, afirmou.\u00a0<\/p>\n\n\n\n<p>O CEO da Neoenergia, Eduardo Capelastegui, refor\u00e7ou o compromisso social da companhia el\u00e9trica com o desenvolvimento de iniciativas e projetos de car\u00e1ter sociocultural. &#8220;O apoio \u00e0 cultura em cidades do interior refor\u00e7a o nosso compromisso com a inclus\u00e3o social, o fomento cultural e a valoriza\u00e7\u00e3o das identidades regionais, gerando oportunidades diretas, emprego e renda em mais de 30 cidades e comunidades onde atuamos&#8221;.<br><br>Os discursos foram seguidos pela assinatura do termo de coopera\u00e7\u00e3o entre o Minist\u00e9rio da Cultura e a Neoenergia que firma a parceria p\u00fablico-privada. &#8220;Este programa chega, de forma muito acertada, para reconhecer os saberes culturais de regi\u00f5es afastadas dos grandes centros urbanos. Com uma pol\u00edtica p\u00fablica como a Rouanet no Interior, o governo brasileiro fortalece aqueles que fazem cultura em lugares onde o financiamento cultural tem dificuldades de chegar&#8221;, destacou o secret\u00e1rio de Cultura do Estado da Bahia, Bruno Monteiro.\u00a0<\/p>\n\n\n\n<p>&#8220;O programa Rouanet no Interior coloca o setor cultural de munic\u00edpios de pequeno em protagonismo. O grande objetivo aqui \u00e9 reduzir as dist\u00e2ncias geogr\u00e1ficas do incentivo fiscal e permitir que agentes culturais de pequenos munic\u00edpios tenham sua primeira experi\u00eancia com os recursos da lei federal, fortalecendo a gest\u00e3o e a autonomia cultural nos munic\u00edpios&#8221;, disse o secret\u00e1rio de Fomento e Incentivo \u00e0 Cultura, Henilton Menezes.<br><br>O evento tamb\u00e9m contou com a presen\u00e7a da presidenta da Funda\u00e7\u00e3o Nacional da Artes (Funarte), Maria Marighela; o superintendente do Instituto do Patrim\u00f4nio Hist\u00f3rico e Art\u00edstico Nacional (Iphan) na Bahia, Hermano Guanais; os deputados federais Jorge Sola e Z\u00e9 Neto, al\u00e9m de representantes de cidades do interior contempladas pelo programa Rouanet no Interior.<br>\u00a0<\/p>\n\n\n\n<p><strong>Munic\u00edpios e \u00e1reas abrangidas<\/strong><br>O programa abrange \u00e1reas geogr\u00e1ficas espec\u00edficas para a realiza\u00e7\u00e3o dos projetos culturais incentivados. Confira a lista completa de localidades atendidas:<\/p>\n\n\n\n<ul class=\"wp-block-list\">\n<li><strong>Bahia (Chapada Diamantina e Cidades Hist\u00f3ricas):<\/strong>\u00a0Aba\u00edra, Andara\u00ed, Barra da Estiva, Boninal, Bonito, Ibicoara, Ipir\u00e1, Iraquara, Itaet\u00ea, Jussiape, Len\u00e7\u00f3is, Marcion\u00edlio Souza, Morro do Chap\u00e9u, Mucug\u00ea, Nova Reden\u00e7\u00e3o, Palmeiras, Piat\u00e3, Rio de Contas, Seabra, Souto Soares, Tapiramut\u00e1, Utinga, Wagner e Cachoeira.<\/li>\n\n\n\n<li><strong>Pernambuco (Regi\u00e3o do Paje\u00fa e Rota do Canga\u00e7o):<\/strong>\u00a0Afogados da Ingazeira, Brejinho, Calumbi, Carna\u00edba, Flores, Iguaraci, Ingazeira, Itapetim, Quixaba, Santa Cruz da Baixa Verde, Santa Terezinha, S\u00e3o Jos\u00e9 do Egito, Serra Talhada, Solid\u00e3o, Tabira, Triunfo e Tuparetama.<\/li>\n\n\n\n<li><strong>Rio Grande do Norte (Serid\u00f3 Potiguar):<\/strong>\u00a0Caic\u00f3, Currais Novos, Parelhas, Jucurutu, Cruzeta, Acari, Carna\u00faba dos Dantas, Flor\u00e2nia, Jardim do Serid\u00f3, S\u00e3o Jo\u00e3o do Sabugi, Timba\u00faba dos Batistas, Ipueira, S\u00e3o Fernando, S\u00e3o Vicente, Serra Negra do Norte, Bod\u00f3, Lagoa Nova, Santana do Serid\u00f3, Tenente Laurentino Cruz, Ouro Branco e Equador.<\/li>\n\n\n\n<li><strong>S\u00e3o Paulo (Vale do Ribeira):<\/strong>\u00a0Barra do Turvo, Cajati, Canan\u00e9ia, Eldorado, Iguape, Ilha Comprida, Itariri, Jacupiranga, Juqui\u00e1, Miracatu, Pariquera-A\u00e7u, Pedro de Toledo, Registro e Sete Barras.<\/li>\n\n\n\n<li><strong>Distrito Federal (Regi\u00f5es Administrativas):<\/strong>\u00a0Ceil\u00e2ndia, Planaltina e Brazl\u00e2ndia.<\/li>\n<\/ul>\n\n\n\n<p><strong>A\u00e7\u00f5es afirmativas e crit\u00e9rios de diversidade<\/strong><br>O regulamento do programa estabelece mecanismos rigorosos de indu\u00e7\u00e3o \u00e0 diversidade com foco em grupos historicamente minorizados. O edital prev\u00ea pontua\u00e7\u00e3o adicional para projetos que apresentem composi\u00e7\u00e3o majoritariamente por mulheres, pessoas negras, povos ind\u00edgenas, povos e comunidades tradicionais, pessoas com defici\u00eancia e p\u00fablico LGBTQIA+. Al\u00e9m da bonifica\u00e7\u00e3o na nota, o proponente deve detalhar obrigatoriamente as medidas de acessibilidade f\u00edsica e de conte\u00fado, o que inclui recursos como o uso de Libras, audiodescri\u00e7\u00e3o e legendagem, de acordo com a natureza de cada iniciativa.<br>\u00a0<br>A sele\u00e7\u00e3o tamb\u00e9m valoriza estrat\u00e9gias de democratiza\u00e7\u00e3o do acesso, com a exig\u00eancia de contrapartidas sociais que beneficiem estudantes de escolas p\u00fablicas ou popula\u00e7\u00f5es em situa\u00e7\u00e3o de vulnerabilidade nas localidades contempladas, o que garante o retorno social direto do investimento.<br>\u00a0<\/p>\n\n\n\n<p><strong>Detalhamento t\u00e9cnico<\/strong><br>Podem participar pessoas jur\u00eddicas com ou sem fins lucrativos, sediadas nas localidades listadas. O edital permite que proponentes sem experi\u00eancia pr\u00e9via comprovada participem da sele\u00e7\u00e3o se este for o primeiro acesso ao sistema, medida que facilita a entrada de novos agentes no mercado cultural e desburocratiza o acesso ao Programa Nacional de Apoio \u00e0 Cultura (Pronac).<br><br>Os segmentos culturais permitidos abrangem cinco \u00e1reas principais: Artes C\u00eanicas, que inclui circo, dan\u00e7a, teatro e desfiles festivos; M\u00fasica, com foco em m\u00fasica erudita, instrumental, coral e regional; Artes Visuais, para exposi\u00e7\u00f5es de artes pl\u00e1sticas, fotografia, design e arte urbana; Patrim\u00f4nio Cultural, voltado para a preserva\u00e7\u00e3o e difus\u00e3o do patrim\u00f4nio imaterial e de bens tombados; e Humanidades, que contempla festas liter\u00e1rias, feiras de livros e a\u00e7\u00f5es de incentivo \u00e0 leitura.<br>\u00a0<\/p>\n\n\n\n<p><strong>Oficinas formativas<\/strong><br>Durante o lan\u00e7amento, o o MinC e o Servi\u00e7o Social da Ind\u00fastria (Sesi) anunciaram a realiza\u00e7\u00e3o das oficinas de capacita\u00e7\u00e3o de agentes culturais dos munic\u00edpios abrangidos. O objetivo \u00e9 oferecer habilidades t\u00e9cnicas para a elabora\u00e7\u00e3o, inscri\u00e7\u00e3o, execu\u00e7\u00e3o e presta\u00e7\u00e3o de contas de projetos culturais.<br><br>Ao todo, ser\u00e3o realizadas forma\u00e7\u00f5es presenciais em quatro estados e no Distrito Federal pela equipe t\u00e9cnica do MinC e do Sesi, al\u00e9m da promo\u00e7\u00e3o de transmiss\u00f5es e confer\u00eancias virtuais com os proponentes. Para mais informa\u00e7\u00f5es,\u00a0<a href=\"https:\/\/www.gov.br\/cultura\/pt-br\/assuntos\/lei-rouanet\/projetos-especiais-rouanet\" target=\"_blank\" rel=\"noreferrer noopener\">acesse aqui<\/a>.<\/p>\n","protected":false},"excerpt":{"rendered":"<p>Iniciativa in\u00e9dita financiar\u00e1, em at\u00e9 R$ 200 mil, projetos culturais de munic\u00edpios de pequeno porte de quatro estados e Distrito<\/p>\n","protected":false},"author":1,"featured_media":1587,"comment_status":"open","ping_status":"open","sticky":false,"template":"","format":"standard","meta":{"colormag_page_container_layout":"default_layout","colormag_page_sidebar_layout":"default_layout","footnotes":""},"categories":[6],"tags":[35,36,22,173,275,273,274],"class_list":["post-1586","post","type-post","status-publish","format-standard","has-post-thumbnail","hentry","category-editais","tag-bahia","tag-cultura","tag-cultura-bahia","tag-minc","tag-neoenergia","tag-rouanet","tag-rouanet-no-interior"],"rttpg_featured_image_url":{"full":["https:\/\/boracultura.com.br\/wp-content\/uploads\/2026\/02\/Rouanet-no-Interior-parceria-entre-MinC-e-Neoenergia.jpg",768,510,false],"landscape":["https:\/\/boracultura.com.br\/wp-content\/uploads\/2026\/02\/Rouanet-no-Interior-parceria-entre-MinC-e-Neoenergia.jpg",768,510,false],"portraits":["https:\/\/boracultura.com.br\/wp-content\/uploads\/2026\/02\/Rouanet-no-Interior-parceria-entre-MinC-e-Neoenergia.jpg",768,510,false],"thumbnail":["https:\/\/boracultura.com.br\/wp-content\/uploads\/2026\/02\/Rouanet-no-Interior-parceria-entre-MinC-e-Neoenergia-150x150.jpg",150,150,true],"medium":["https:\/\/boracultura.com.br\/wp-content\/uploads\/2026\/02\/Rouanet-no-Interior-parceria-entre-MinC-e-Neoenergia-300x199.jpg",300,199,true],"large":["https:\/\/boracultura.com.br\/wp-content\/uploads\/2026\/02\/Rouanet-no-Interior-parceria-entre-MinC-e-Neoenergia.jpg",768,510,false],"1536x1536":["https:\/\/boracultura.com.br\/wp-content\/uploads\/2026\/02\/Rouanet-no-Interior-parceria-entre-MinC-e-Neoenergia.jpg",768,510,false],"2048x2048":["https:\/\/boracultura.com.br\/wp-content\/uploads\/2026\/02\/Rouanet-no-Interior-parceria-entre-MinC-e-Neoenergia.jpg",768,510,false],"colormag-highlighted-post":["https:\/\/boracultura.com.br\/wp-content\/uploads\/2026\/02\/Rouanet-no-Interior-parceria-entre-MinC-e-Neoenergia-392x272.jpg",392,272,true],"colormag-featured-post-medium":["https:\/\/boracultura.com.br\/wp-content\/uploads\/2026\/02\/Rouanet-no-Interior-parceria-entre-MinC-e-Neoenergia-390x205.jpg",390,205,true],"colormag-featured-post-small":["https:\/\/boracultura.com.br\/wp-content\/uploads\/2026\/02\/Rouanet-no-Interior-parceria-entre-MinC-e-Neoenergia-130x90.jpg",130,90,true],"colormag-featured-image":["https:\/\/boracultura.com.br\/wp-content\/uploads\/2026\/02\/Rouanet-no-Interior-parceria-entre-MinC-e-Neoenergia-768x445.jpg",768,445,true],"colormag-default-news":["https:\/\/boracultura.com.br\/wp-content\/uploads\/2026\/02\/Rouanet-no-Interior-parceria-entre-MinC-e-Neoenergia-150x150.jpg",150,150,true],"colormag-featured-image-large":["https:\/\/boracultura.com.br\/wp-content\/uploads\/2026\/02\/Rouanet-no-Interior-parceria-entre-MinC-e-Neoenergia.jpg",768,510,false],"colormag-elementor-block-extra-large-thumbnail":["https:\/\/boracultura.com.br\/wp-content\/uploads\/2026\/02\/Rouanet-no-Interior-parceria-entre-MinC-e-Neoenergia-768x480.jpg",768,480,true],"colormag-elementor-grid-large-thumbnail":["https:\/\/boracultura.com.br\/wp-content\/uploads\/2026\/02\/Rouanet-no-Interior-parceria-entre-MinC-e-Neoenergia-600x417.jpg",600,417,true],"colormag-elementor-grid-small-thumbnail":["https:\/\/boracultura.com.br\/wp-content\/uploads\/2026\/02\/Rouanet-no-Interior-parceria-entre-MinC-e-Neoenergia-285x450.jpg",285,450,true],"colormag-elementor-grid-medium-large-thumbnail":["https:\/\/boracultura.com.br\/wp-content\/uploads\/2026\/02\/Rouanet-no-Interior-parceria-entre-MinC-e-Neoenergia-575x198.jpg",575,198,true],"psacp-medium":["https:\/\/boracultura.com.br\/wp-content\/uploads\/2026\/02\/Rouanet-no-Interior-parceria-entre-MinC-e-Neoenergia-500x500.jpg",500,500,true]},"rttpg_author":{"display_name":"boracultura@gmail.com","author_link":"https:\/\/boracultura.com.br\/index.php\/author\/boraculturagmail-com\/"},"rttpg_comment":0,"rttpg_category":"<a href=\"https:\/\/boracultura.com.br\/index.php\/category\/editais\/\" rel=\"category tag\">Editais<\/a>","rttpg_excerpt":"Iniciativa in\u00e9dita financiar\u00e1, em at\u00e9 R$ 200 mil, projetos culturais de munic\u00edpios de pequeno porte de quatro estados e Distrito","_links":{"self":[{"href":"https:\/\/boracultura.com.br\/index.php\/wp-json\/wp\/v2\/posts\/1586","targetHints":{"allow":["GET"]}}],"collection":[{"href":"https:\/\/boracultura.com.br\/index.php\/wp-json\/wp\/v2\/posts"}],"about":[{"href":"https:\/\/boracultura.com.br\/index.php\/wp-json\/wp\/v2\/types\/post"}],"author":[{"embeddable":true,"href":"https:\/\/boracultura.com.br\/index.php\/wp-json\/wp\/v2\/users\/1"}],"replies":[{"embeddable":true,"href":"https:\/\/boracultura.com.br\/index.php\/wp-json\/wp\/v2\/comments?post=1586"}],"version-history":[{"count":1,"href":"https:\/\/boracultura.com.br\/index.php\/wp-json\/wp\/v2\/posts\/1586\/revisions"}],"predecessor-version":[{"id":1588,"href":"https:\/\/boracultura.com.br\/index.php\/wp-json\/wp\/v2\/posts\/1586\/revisions\/1588"}],"wp:featuredmedia":[{"embeddable":true,"href":"https:\/\/boracultura.com.br\/index.php\/wp-json\/wp\/v2\/media\/1587"}],"wp:attachment":[{"href":"https:\/\/boracultura.com.br\/index.php\/wp-json\/wp\/v2\/media?parent=1586"}],"wp:term":[{"taxonomy":"category","embeddable":true,"href":"https:\/\/boracultura.com.br\/index.php\/wp-json\/wp\/v2\/categories?post=1586"},{"taxonomy":"post_tag","embeddable":true,"href":"https:\/\/boracultura.com.br\/index.php\/wp-json\/wp\/v2\/tags?post=1586"}],"curies":[{"name":"wp","href":"https:\/\/api.w.org\/{rel}","templated":true}]}}