{"id":1739,"date":"2026-03-05T10:24:38","date_gmt":"2026-03-05T13:24:38","guid":{"rendered":"https:\/\/boracultura.com.br\/?p=1739"},"modified":"2026-03-05T10:24:41","modified_gmt":"2026-03-05T13:24:41","slug":"salvador-recebe-audiencia-publica-e-lancamento-de-campanha-nacional-sobre-o-marcolegal-das-bibliotecas-publicas","status":"publish","type":"post","link":"https:\/\/boracultura.com.br\/index.php\/2026\/03\/05\/salvador-recebe-audiencia-publica-e-lancamento-de-campanha-nacional-sobre-o-marcolegal-das-bibliotecas-publicas\/","title":{"rendered":"Salvador recebe audi\u00eancia p\u00fablica e lan\u00e7amento de campanha nacional sobre o MarcoLegal das Bibliotecas P\u00fablicas"},"content":{"rendered":"\n<p>Nos dias 12 e 13 de mar\u00e7o, Salvador se torna o centro das discuss\u00f5es sobre o fortalecimento das bibliotecas p\u00fablicas no Brasil. A capital baiana recebe uma audi\u00eancia p\u00fablica e o lan\u00e7amento da campanha nacional &#8220;Biblioteca p\u00fablica: lugar de acolhimento e emancipa\u00e7\u00e3o&#8221;, uma iniciativa do Conselho Federal de Biblioteconomia (CFB) em parceria com o CRB5, a Funda\u00e7\u00e3o Pedro Calmon e a UFBA. O evento busca valorizar esses espa\u00e7os como territ\u00f3rios vivos de aprendizado, cidadania e transforma\u00e7\u00e3o social.<br><br>\u200bA programa\u00e7\u00e3o \u00e9 um marco para a categoria, integrando as celebra\u00e7\u00f5es do M\u00eas do Bibliotec\u00e1rio 2026. Um dos pontos altos \u00e9 a celebra\u00e7\u00e3o dos 215 anos da Biblioteca Central do Estado da Bahia (BCEB), a primeira biblioteca p\u00fablica do Brasil e da Am\u00e9rica Latina, que serve de inspira\u00e7\u00e3o para a constru\u00e7\u00e3o de pol\u00edticas p\u00fablicas estruturantes em todo o pa\u00eds. Os encontros visam sensibilizar gestores sobre a import\u00e2ncia do Marco Legal, refor\u00e7ando o papel das bibliotecas na redu\u00e7\u00e3o de desigualdades e na democratiza\u00e7\u00e3o do acesso ao conhecimento.<br><br>\u200bPara mais informa\u00e7\u00f5es e acompanhamento das a\u00e7\u00f5es, acesse os canais oficiais do Conselho Federal de Biblioteconomia em: http:\/\/www.cfb.org.br <br>\u200b<br><strong>Servi\u00e7o<\/strong><br>\u200bEvento: Audi\u00eancia P\u00fablica sobre o Marco Legal das Bibliotecas P\u00fablicas<br>\u200bData: 12 de mar\u00e7o<br>\u200bLocal: Assembleia Legislativa do Estado da Bahia e Biblioteca Central do Estado da Bahia<br>\u200bEvento: Lan\u00e7amento da Campanha Nacional &#8220;Bibliotecas p\u00fablicas: lugar de acolhimento e emancipa\u00e7\u00e3o&#8221;<br>\u200bData: 13 de mar\u00e7o<br>\u200bLocal: Biblioteca Central do Estado da Bahia, Salvador<br>\u200bRealiza\u00e7\u00e3o: Conselho Federal de Biblioteconomia (CFB)<\/p>\n\n\n\n<p><\/p>\n","protected":false},"excerpt":{"rendered":"<p>Nos dias 12 e 13 de mar\u00e7o, Salvador se torna o centro das discuss\u00f5es sobre o fortalecimento das bibliotecas p\u00fablicas<\/p>\n","protected":false},"author":1,"featured_media":1740,"comment_status":"open","ping_status":"open","sticky":false,"template":"","format":"standard","meta":{"colormag_page_container_layout":"default_layout","colormag_page_sidebar_layout":"default_layout","footnotes":""},"categories":[8],"tags":[456,462,455,460,461,457,458,459],"class_list":["post-1739","post","type-post","status-publish","format-standard","has-post-thumbnail","hentry","category-noticias","tag-bibliotecas-publicas","tag-conselho-federal-de-biblioteconomia","tag-cultura-em-salvador","tag-emancipacao-social","tag-fundacao-pedro-calmon","tag-marco-legal-das-bibliotecas","tag-mes-do-bibliotecario","tag-politicas-publicas-culturais"],"rttpg_featured_image_url":{"full":["https:\/\/boracultura.com.br\/wp-content\/uploads\/2026\/03\/1772716942077.png",1376,768,false],"landscape":["https:\/\/boracultura.com.br\/wp-content\/uploads\/2026\/03\/1772716942077.png",1376,768,false],"portraits":["https:\/\/boracultura.com.br\/wp-content\/uploads\/2026\/03\/1772716942077.png",1376,768,false],"thumbnail":["https:\/\/boracultura.com.br\/wp-content\/uploads\/2026\/03\/1772716942077-150x150.png",150,150,true],"medium":["https:\/\/boracultura.com.br\/wp-content\/uploads\/2026\/03\/1772716942077-300x167.png",300,167,true],"large":["https:\/\/boracultura.com.br\/wp-content\/uploads\/2026\/03\/1772716942077-1024x572.png",800,447,true],"1536x1536":["https:\/\/boracultura.com.br\/wp-content\/uploads\/2026\/03\/1772716942077.png",1376,768,false],"2048x2048":["https:\/\/boracultura.com.br\/wp-content\/uploads\/2026\/03\/1772716942077.png",1376,768,false],"colormag-highlighted-post":["https:\/\/boracultura.com.br\/wp-content\/uploads\/2026\/03\/1772716942077-392x272.png",392,272,true],"colormag-featured-post-medium":["https:\/\/boracultura.com.br\/wp-content\/uploads\/2026\/03\/1772716942077-390x205.png",390,205,true],"colormag-featured-post-small":["https:\/\/boracultura.com.br\/wp-content\/uploads\/2026\/03\/1772716942077-130x90.png",130,90,true],"colormag-featured-image":["https:\/\/boracultura.com.br\/wp-content\/uploads\/2026\/03\/1772716942077-800x445.png",800,445,true],"colormag-default-news":["https:\/\/boracultura.com.br\/wp-content\/uploads\/2026\/03\/1772716942077-150x150.png",150,150,true],"colormag-featured-image-large":["https:\/\/boracultura.com.br\/wp-content\/uploads\/2026\/03\/1772716942077-1376x600.png",1376,600,true],"colormag-elementor-block-extra-large-thumbnail":["https:\/\/boracultura.com.br\/wp-content\/uploads\/2026\/03\/1772716942077-1155x480.png",1155,480,true],"colormag-elementor-grid-large-thumbnail":["https:\/\/boracultura.com.br\/wp-content\/uploads\/2026\/03\/1772716942077-600x417.png",600,417,true],"colormag-elementor-grid-small-thumbnail":["https:\/\/boracultura.com.br\/wp-content\/uploads\/2026\/03\/1772716942077-285x450.png",285,450,true],"colormag-elementor-grid-medium-large-thumbnail":["https:\/\/boracultura.com.br\/wp-content\/uploads\/2026\/03\/1772716942077-575x198.png",575,198,true],"psacp-medium":["https:\/\/boracultura.com.br\/wp-content\/uploads\/2026\/03\/1772716942077-500x500.png",500,500,true]},"rttpg_author":{"display_name":"boracultura@gmail.com","author_link":"https:\/\/boracultura.com.br\/index.php\/author\/boraculturagmail-com\/"},"rttpg_comment":0,"rttpg_category":"<a href=\"https:\/\/boracultura.com.br\/index.php\/category\/noticias\/\" rel=\"category tag\">Not\u00edcias<\/a>","rttpg_excerpt":"Nos dias 12 e 13 de mar\u00e7o, Salvador se torna o centro das discuss\u00f5es sobre o fortalecimento das bibliotecas p\u00fablicas","_links":{"self":[{"href":"https:\/\/boracultura.com.br\/index.php\/wp-json\/wp\/v2\/posts\/1739","targetHints":{"allow":["GET"]}}],"collection":[{"href":"https:\/\/boracultura.com.br\/index.php\/wp-json\/wp\/v2\/posts"}],"about":[{"href":"https:\/\/boracultura.com.br\/index.php\/wp-json\/wp\/v2\/types\/post"}],"author":[{"embeddable":true,"href":"https:\/\/boracultura.com.br\/index.php\/wp-json\/wp\/v2\/users\/1"}],"replies":[{"embeddable":true,"href":"https:\/\/boracultura.com.br\/index.php\/wp-json\/wp\/v2\/comments?post=1739"}],"version-history":[{"count":1,"href":"https:\/\/boracultura.com.br\/index.php\/wp-json\/wp\/v2\/posts\/1739\/revisions"}],"predecessor-version":[{"id":1741,"href":"https:\/\/boracultura.com.br\/index.php\/wp-json\/wp\/v2\/posts\/1739\/revisions\/1741"}],"wp:featuredmedia":[{"embeddable":true,"href":"https:\/\/boracultura.com.br\/index.php\/wp-json\/wp\/v2\/media\/1740"}],"wp:attachment":[{"href":"https:\/\/boracultura.com.br\/index.php\/wp-json\/wp\/v2\/media?parent=1739"}],"wp:term":[{"taxonomy":"category","embeddable":true,"href":"https:\/\/boracultura.com.br\/index.php\/wp-json\/wp\/v2\/categories?post=1739"},{"taxonomy":"post_tag","embeddable":true,"href":"https:\/\/boracultura.com.br\/index.php\/wp-json\/wp\/v2\/tags?post=1739"}],"curies":[{"name":"wp","href":"https:\/\/api.w.org\/{rel}","templated":true}]}}