{"id":1800,"date":"2026-03-05T17:32:01","date_gmt":"2026-03-05T20:32:01","guid":{"rendered":"https:\/\/boracultura.com.br\/?p=1800"},"modified":"2026-03-05T17:32:04","modified_gmt":"2026-03-05T20:32:04","slug":"serie-documental-ruralidades-estreia-na-bahia-com-foco-na-forca-da-agricultura-familiar-brasileira","status":"publish","type":"post","link":"https:\/\/boracultura.com.br\/index.php\/2026\/03\/05\/serie-documental-ruralidades-estreia-na-bahia-com-foco-na-forca-da-agricultura-familiar-brasileira\/","title":{"rendered":"S\u00e9rie Documental &#8220;Ruralidades&#8221; Estreia na Bahia com Foco na For\u00e7a da Agricultura Familiar Brasileira"},"content":{"rendered":"\n<p>\u200bA produtora T\u00eam Dend\u00ea Produ\u00e7\u00f5es lan\u00e7a, na pr\u00f3xima ter\u00e7a-feira (10), a s\u00e9rie documental &#8220;Ruralidades&#8221;, que investiga as diversas faces do campo no Brasil. Com estreia marcada para as 18h na TV COM (BA), o projeto j\u00e1 possui exibi\u00e7\u00e3o nacional garantida pela TV Aparecida para maio de 2026. Sob a dire\u00e7\u00e3o geral de V\u00e2nia Lima e Walkiria Hamu Mattar, a obra \u00e9 composta por 13 epis\u00f3dios que percorrem sete estados brasileiros \u2014 Bahia, Rio Grande do Norte, Amazonas, Mato Grosso, Goi\u00e1s, S\u00e3o Paulo e Minas Gerais \u2014 revelando hist\u00f3rias de pequenos e m\u00e9dios produtores.<br><br>\u200bApresentada por Karoline Meira, a s\u00e9rie d\u00e1 um destaque fundamental \u00e0 agricultura familiar, setor que abrange cerca de 4 milh\u00f5es de estabelecimentos rurais e \u00e9 respons\u00e1vel por aproximadamente 70% dos alimentos consumidos internamente no pa\u00eds. &#8220;Ruralidades&#8221; evidencia como essas fam\u00edlias s\u00e3o pe\u00e7as-chave para a seguran\u00e7a alimentar, a preserva\u00e7\u00e3o de saberes tradicionais e a diversifica\u00e7\u00e3o econ\u00f4mica das regi\u00f5es rurais. Para captar essa pluralidade, a produ\u00e7\u00e3o utilizou equipes locais, o que permitiu o registro de sotaques e viv\u00eancias humanas aut\u00eanticas de cada regi\u00e3o.<br>\u200b<br>O epis\u00f3dio de estreia explora o surgimento do interesse pelo agroneg\u00f3cio e suas cadeias produtivas. Em Cunha (SP), o programa visita um lavand\u00e1rio voltado para a fabrica\u00e7\u00e3o de ess\u00eancias e \u00f3leos; j\u00e1 em Itabuna (BA), o foco recai sobre a agroind\u00fastria de latic\u00ednios, mostrando como a fabrica\u00e7\u00e3o de queijos gera prosperidade para o pequeno produtor. Ao longo da temporada, ser\u00e3o abordados temas como o protagonismo feminino, o cooperativismo, a inova\u00e7\u00e3o tecnol\u00f3gica no campo e a produ\u00e7\u00e3o sustent\u00e1vel.<br>\u200b<br><strong>SERVI\u00c7O<\/strong><br>\u200bO que: Estreia da s\u00e9rie documental &#8220;Ruralidades&#8221;<br>\u200bProdu\u00e7\u00e3o: T\u00eam Dend\u00ea Produ\u00e7\u00f5es<br>\u200bQuando: Ter\u00e7a-feira (10 de mar\u00e7o), \u00e0s 18h<br>\u200bOnde: TV COM (BA)<br>\u200bExibi\u00e7\u00e3o Nacional: TV Aparecida (maio de 2026)<br>\u200bFormato: 13 epis\u00f3dios de 26 minutos cada<\/p>\n","protected":false},"excerpt":{"rendered":"<p>Conhe\u00e7a a s\u00e9rie &#8220;Ruralidades&#8221;, que estreia na TV COM (BA) com exibi\u00e7\u00e3o nacional confirmada. O projeto da T\u00eam Dend\u00ea Produ\u00e7\u00f5es explora a diversidade do campo e a import\u00e2ncia da agricultura familiar em sete estados brasileiros.<\/p>\n","protected":false},"author":1,"featured_media":1801,"comment_status":"open","ping_status":"open","sticky":false,"template":"","format":"standard","meta":{"colormag_page_container_layout":"default_layout","colormag_page_sidebar_layout":"default_layout","footnotes":""},"categories":[8],"tags":[540,543,539,541,542],"class_list":["post-1800","post","type-post","status-publish","format-standard","has-post-thumbnail","hentry","category-noticias","tag-agricultura-familiar","tag-cultura-rural","tag-ruralidades","tag-serie-documental","tag-tem-dende-producoes"],"rttpg_featured_image_url":{"full":["https:\/\/boracultura.com.br\/wp-content\/uploads\/2026\/03\/17727426947141700186232658336347.jpg",1521,847,false],"landscape":["https:\/\/boracultura.com.br\/wp-content\/uploads\/2026\/03\/17727426947141700186232658336347.jpg",1521,847,false],"portraits":["https:\/\/boracultura.com.br\/wp-content\/uploads\/2026\/03\/17727426947141700186232658336347.jpg",1521,847,false],"thumbnail":["https:\/\/boracultura.com.br\/wp-content\/uploads\/2026\/03\/17727426947141700186232658336347-150x150.jpg",150,150,true],"medium":["https:\/\/boracultura.com.br\/wp-content\/uploads\/2026\/03\/17727426947141700186232658336347-300x167.jpg",300,167,true],"large":["https:\/\/boracultura.com.br\/wp-content\/uploads\/2026\/03\/17727426947141700186232658336347-1024x570.jpg",800,445,true],"1536x1536":["https:\/\/boracultura.com.br\/wp-content\/uploads\/2026\/03\/17727426947141700186232658336347.jpg",1521,847,false],"2048x2048":["https:\/\/boracultura.com.br\/wp-content\/uploads\/2026\/03\/17727426947141700186232658336347.jpg",1521,847,false],"colormag-highlighted-post":["https:\/\/boracultura.com.br\/wp-content\/uploads\/2026\/03\/17727426947141700186232658336347-392x272.jpg",392,272,true],"colormag-featured-post-medium":["https:\/\/boracultura.com.br\/wp-content\/uploads\/2026\/03\/17727426947141700186232658336347-390x205.jpg",390,205,true],"colormag-featured-post-small":["https:\/\/boracultura.com.br\/wp-content\/uploads\/2026\/03\/17727426947141700186232658336347-130x90.jpg",130,90,true],"colormag-featured-image":["https:\/\/boracultura.com.br\/wp-content\/uploads\/2026\/03\/17727426947141700186232658336347-800x445.jpg",800,445,true],"colormag-default-news":["https:\/\/boracultura.com.br\/wp-content\/uploads\/2026\/03\/17727426947141700186232658336347-150x150.jpg",150,150,true],"colormag-featured-image-large":["https:\/\/boracultura.com.br\/wp-content\/uploads\/2026\/03\/17727426947141700186232658336347-1400x600.jpg",1400,600,true],"colormag-elementor-block-extra-large-thumbnail":["https:\/\/boracultura.com.br\/wp-content\/uploads\/2026\/03\/17727426947141700186232658336347-1155x480.jpg",1155,480,true],"colormag-elementor-grid-large-thumbnail":["https:\/\/boracultura.com.br\/wp-content\/uploads\/2026\/03\/17727426947141700186232658336347-600x417.jpg",600,417,true],"colormag-elementor-grid-small-thumbnail":["https:\/\/boracultura.com.br\/wp-content\/uploads\/2026\/03\/17727426947141700186232658336347-285x450.jpg",285,450,true],"colormag-elementor-grid-medium-large-thumbnail":["https:\/\/boracultura.com.br\/wp-content\/uploads\/2026\/03\/17727426947141700186232658336347-575x198.jpg",575,198,true],"psacp-medium":["https:\/\/boracultura.com.br\/wp-content\/uploads\/2026\/03\/17727426947141700186232658336347-500x500.jpg",500,500,true]},"rttpg_author":{"display_name":"boracultura@gmail.com","author_link":"https:\/\/boracultura.com.br\/index.php\/author\/boraculturagmail-com\/"},"rttpg_comment":0,"rttpg_category":"<a href=\"https:\/\/boracultura.com.br\/index.php\/category\/noticias\/\" rel=\"category tag\">Not\u00edcias<\/a>","rttpg_excerpt":"Conhe\u00e7a a s\u00e9rie \"Ruralidades\", que estreia na TV COM (BA) com exibi\u00e7\u00e3o nacional confirmada. O projeto da T\u00eam Dend\u00ea Produ\u00e7\u00f5es explora a diversidade do campo e a import\u00e2ncia da agricultura familiar em sete estados brasileiros.","_links":{"self":[{"href":"https:\/\/boracultura.com.br\/index.php\/wp-json\/wp\/v2\/posts\/1800","targetHints":{"allow":["GET"]}}],"collection":[{"href":"https:\/\/boracultura.com.br\/index.php\/wp-json\/wp\/v2\/posts"}],"about":[{"href":"https:\/\/boracultura.com.br\/index.php\/wp-json\/wp\/v2\/types\/post"}],"author":[{"embeddable":true,"href":"https:\/\/boracultura.com.br\/index.php\/wp-json\/wp\/v2\/users\/1"}],"replies":[{"embeddable":true,"href":"https:\/\/boracultura.com.br\/index.php\/wp-json\/wp\/v2\/comments?post=1800"}],"version-history":[{"count":1,"href":"https:\/\/boracultura.com.br\/index.php\/wp-json\/wp\/v2\/posts\/1800\/revisions"}],"predecessor-version":[{"id":1802,"href":"https:\/\/boracultura.com.br\/index.php\/wp-json\/wp\/v2\/posts\/1800\/revisions\/1802"}],"wp:featuredmedia":[{"embeddable":true,"href":"https:\/\/boracultura.com.br\/index.php\/wp-json\/wp\/v2\/media\/1801"}],"wp:attachment":[{"href":"https:\/\/boracultura.com.br\/index.php\/wp-json\/wp\/v2\/media?parent=1800"}],"wp:term":[{"taxonomy":"category","embeddable":true,"href":"https:\/\/boracultura.com.br\/index.php\/wp-json\/wp\/v2\/categories?post=1800"},{"taxonomy":"post_tag","embeddable":true,"href":"https:\/\/boracultura.com.br\/index.php\/wp-json\/wp\/v2\/tags?post=1800"}],"curies":[{"name":"wp","href":"https:\/\/api.w.org\/{rel}","templated":true}]}}