{"id":1856,"date":"2026-03-08T22:36:35","date_gmt":"2026-03-09T01:36:35","guid":{"rendered":"https:\/\/boracultura.com.br\/?p=1856"},"modified":"2026-03-08T22:36:38","modified_gmt":"2026-03-09T01:36:38","slug":"gala-trancoso-2026-brazilfoundation-e-instituto-capim-santo-unem-filantropia-e-cultura-na-bahia","status":"publish","type":"post","link":"https:\/\/boracultura.com.br\/index.php\/2026\/03\/08\/gala-trancoso-2026-brazilfoundation-e-instituto-capim-santo-unem-filantropia-e-cultura-na-bahia\/","title":{"rendered":"Gala Trancoso 2026: BrazilFoundation e Instituto Capim Santo unem Filantropia e Cultura na Bahia"},"content":{"rendered":"\n<p>No dia 20 de abril de 2026, o emblem\u00e1tico Teatro L&#8217;Occitane, em Trancoso, recebe a primeira edi\u00e7\u00e3o do Gala Trancoso. O evento \u00e9 fruto de uma parceria estrat\u00e9gica entre a BrazilFoundation, que celebra 25 anos de atua\u00e7\u00e3o no Brasil, e o Instituto Capim Santo, liderado pela chef Morena Leite. Com a empres\u00e1ria e influenciadora baiana Ju Ferraz como <em>Chair<\/em>, a noite promete ser um marco ao unir alta gastronomia, sustentabilidade e impacto social no Sul da Bahia.<br><br>\u200bO objetivo central do evento \u00e9 a arrecada\u00e7\u00e3o de fundos para fortalecer organiza\u00e7\u00f5es da sociedade civil em todo o territ\u00f3rio nacional, al\u00e9m de impulsionar projetos locais do Instituto Capim Santo na regi\u00e3o de Trancoso. A iniciativa conta ainda com o apoio institucional da INDEX Conectada, refor\u00e7ando a visibilidade de uma causa que busca um Brasil mais justo e inclusivo.<br><br><strong>\u200bEntidades Protagonistas:<\/strong><br><strong>\u200bBrazilFoundation: <\/strong>Refer\u00eancia em filantropia internacional, j\u00e1 investiu cerca de US$ 58 milh\u00f5es em mais de mil projetos focados em equidade e justi\u00e7a socioambiental desde sua funda\u00e7\u00e3o em 2000.<br>\u200b<strong>Instituto Capim Santo:<\/strong> Com 15 anos de hist\u00f3ria, utiliza a gastronomia como ferramenta de transforma\u00e7\u00e3o social, tendo capacitado mais de 15 mil pessoas e distribu\u00eddo milh\u00f5es de refei\u00e7\u00f5es em todo o pa\u00eds.<\/p>\n\n\n\n<p><strong>Servi\u00e7o:<\/strong><br>\u200bEvento: Gala Trancoso 2026<br>\u200bData: 20 de abril de 2026, \u00e0s 19h<br>\u200bLocal: Teatro L&#8217;Occitane \u2013 Trancoso, Bahia<br>\u200bRealiza\u00e7\u00e3o: BrazilFoundation e Instituto Capim Santo <\/p>\n","protected":false},"excerpt":{"rendered":"<p>BrazilFoundation e Instituto Capim Santo realizam o primeiro Gala Trancoso no Teatro L&#8217;Occitane. Com Ju Ferraz como Chair, o evento une alta gastronomia e filantropia para gerar impacto social na Bahia em 2026.<\/p>\n","protected":false},"author":1,"featured_media":1861,"comment_status":"open","ping_status":"open","sticky":false,"template":"","format":"standard","meta":{"colormag_page_container_layout":"default_layout","colormag_page_sidebar_layout":"default_layout","footnotes":""},"categories":[8],"tags":[593,596,591,590,595,223,594,592,352,597],"class_list":["post-1856","post","type-post","status-publish","format-standard","has-post-thumbnail","hentry","category-noticias","tag-brazilfoundation","tag-eventos-culturais-trancoso","tag-filantropia-na-bahia","tag-gala-trancoso-2026","tag-gastronomia-solidaria","tag-impacto-social","tag-instituto-capim-santo","tag-ju-ferraz","tag-noticias-culturais-bahia","tag-teatro-loccitane"],"rttpg_featured_image_url":{"full":["https:\/\/boracultura.com.br\/wp-content\/uploads\/2026\/03\/17730200360586129974916484447705.jpg",1443,672,false],"landscape":["https:\/\/boracultura.com.br\/wp-content\/uploads\/2026\/03\/17730200360586129974916484447705.jpg",1443,672,false],"portraits":["https:\/\/boracultura.com.br\/wp-content\/uploads\/2026\/03\/17730200360586129974916484447705.jpg",1443,672,false],"thumbnail":["https:\/\/boracultura.com.br\/wp-content\/uploads\/2026\/03\/17730200360586129974916484447705-150x150.jpg",150,150,true],"medium":["https:\/\/boracultura.com.br\/wp-content\/uploads\/2026\/03\/17730200360586129974916484447705-300x140.jpg",300,140,true],"large":["https:\/\/boracultura.com.br\/wp-content\/uploads\/2026\/03\/17730200360586129974916484447705-1024x477.jpg",800,373,true],"1536x1536":["https:\/\/boracultura.com.br\/wp-content\/uploads\/2026\/03\/17730200360586129974916484447705.jpg",1443,672,false],"2048x2048":["https:\/\/boracultura.com.br\/wp-content\/uploads\/2026\/03\/17730200360586129974916484447705.jpg",1443,672,false],"colormag-highlighted-post":["https:\/\/boracultura.com.br\/wp-content\/uploads\/2026\/03\/17730200360586129974916484447705-392x272.jpg",392,272,true],"colormag-featured-post-medium":["https:\/\/boracultura.com.br\/wp-content\/uploads\/2026\/03\/17730200360586129974916484447705-390x205.jpg",390,205,true],"colormag-featured-post-small":["https:\/\/boracultura.com.br\/wp-content\/uploads\/2026\/03\/17730200360586129974916484447705-130x90.jpg",130,90,true],"colormag-featured-image":["https:\/\/boracultura.com.br\/wp-content\/uploads\/2026\/03\/17730200360586129974916484447705-800x445.jpg",800,445,true],"colormag-default-news":["https:\/\/boracultura.com.br\/wp-content\/uploads\/2026\/03\/17730200360586129974916484447705-150x150.jpg",150,150,true],"colormag-featured-image-large":["https:\/\/boracultura.com.br\/wp-content\/uploads\/2026\/03\/17730200360586129974916484447705-1400x600.jpg",1400,600,true],"colormag-elementor-block-extra-large-thumbnail":["https:\/\/boracultura.com.br\/wp-content\/uploads\/2026\/03\/17730200360586129974916484447705-1155x480.jpg",1155,480,true],"colormag-elementor-grid-large-thumbnail":["https:\/\/boracultura.com.br\/wp-content\/uploads\/2026\/03\/17730200360586129974916484447705-600x417.jpg",600,417,true],"colormag-elementor-grid-small-thumbnail":["https:\/\/boracultura.com.br\/wp-content\/uploads\/2026\/03\/17730200360586129974916484447705-285x450.jpg",285,450,true],"colormag-elementor-grid-medium-large-thumbnail":["https:\/\/boracultura.com.br\/wp-content\/uploads\/2026\/03\/17730200360586129974916484447705-575x198.jpg",575,198,true],"psacp-medium":["https:\/\/boracultura.com.br\/wp-content\/uploads\/2026\/03\/17730200360586129974916484447705-500x500.jpg",500,500,true]},"rttpg_author":{"display_name":"boracultura@gmail.com","author_link":"https:\/\/boracultura.com.br\/index.php\/author\/boraculturagmail-com\/"},"rttpg_comment":0,"rttpg_category":"<a href=\"https:\/\/boracultura.com.br\/index.php\/category\/noticias\/\" rel=\"category tag\">Not\u00edcias<\/a>","rttpg_excerpt":"BrazilFoundation e Instituto Capim Santo realizam o primeiro Gala Trancoso no Teatro L'Occitane. Com Ju Ferraz como Chair, o evento une alta gastronomia e filantropia para gerar impacto social na Bahia em 2026.","_links":{"self":[{"href":"https:\/\/boracultura.com.br\/index.php\/wp-json\/wp\/v2\/posts\/1856","targetHints":{"allow":["GET"]}}],"collection":[{"href":"https:\/\/boracultura.com.br\/index.php\/wp-json\/wp\/v2\/posts"}],"about":[{"href":"https:\/\/boracultura.com.br\/index.php\/wp-json\/wp\/v2\/types\/post"}],"author":[{"embeddable":true,"href":"https:\/\/boracultura.com.br\/index.php\/wp-json\/wp\/v2\/users\/1"}],"replies":[{"embeddable":true,"href":"https:\/\/boracultura.com.br\/index.php\/wp-json\/wp\/v2\/comments?post=1856"}],"version-history":[{"count":1,"href":"https:\/\/boracultura.com.br\/index.php\/wp-json\/wp\/v2\/posts\/1856\/revisions"}],"predecessor-version":[{"id":1862,"href":"https:\/\/boracultura.com.br\/index.php\/wp-json\/wp\/v2\/posts\/1856\/revisions\/1862"}],"wp:featuredmedia":[{"embeddable":true,"href":"https:\/\/boracultura.com.br\/index.php\/wp-json\/wp\/v2\/media\/1861"}],"wp:attachment":[{"href":"https:\/\/boracultura.com.br\/index.php\/wp-json\/wp\/v2\/media?parent=1856"}],"wp:term":[{"taxonomy":"category","embeddable":true,"href":"https:\/\/boracultura.com.br\/index.php\/wp-json\/wp\/v2\/categories?post=1856"},{"taxonomy":"post_tag","embeddable":true,"href":"https:\/\/boracultura.com.br\/index.php\/wp-json\/wp\/v2\/tags?post=1856"}],"curies":[{"name":"wp","href":"https:\/\/api.w.org\/{rel}","templated":true}]}}