{"id":1863,"date":"2026-03-08T22:44:49","date_gmt":"2026-03-09T01:44:49","guid":{"rendered":"https:\/\/boracultura.com.br\/?p=1863"},"modified":"2026-03-08T22:44:52","modified_gmt":"2026-03-09T01:44:52","slug":"vencedores-do-premio-sesc-de-literatura-2025-iniciam-circuito-nacional-por-mais-de-20-cidades","status":"publish","type":"post","link":"https:\/\/boracultura.com.br\/index.php\/2026\/03\/08\/vencedores-do-premio-sesc-de-literatura-2025-iniciam-circuito-nacional-por-mais-de-20-cidades\/","title":{"rendered":"Vencedores do Pr\u00eamio Sesc de Literatura 2025 iniciam circuito nacional por mais de 20 cidades"},"content":{"rendered":"\n<p>\u200bO cen\u00e1rio liter\u00e1rio brasileiro ganha um novo f\u00f4lego com o in\u00edcio do circuito nacional de encontros do Pr\u00eamio Sesc de Literatura 2025. A partir deste m\u00eas, os autores premiados percorrer\u00e3o mais de 20 cidades brasileiras, promovendo um di\u00e1logo direto com o p\u00fablico e fortalecendo a forma\u00e7\u00e3o de novos leitores em diversas regi\u00f5es. O pontap\u00e9 inicial acontece no dia 10 de mar\u00e7o, no Polo Sociocultural Sesc Paraty, no Rio de Janeiro, contando com a presen\u00e7a de Leonardo Piana, vencedor na categoria Poesia com a obra &#8220;Escalar Cansa&#8221;.<br><br>\u200bA iniciativa \u00e9 um desdobramento fundamental do pr\u00eamio, que desde 2003 atua na revela\u00e7\u00e3o de novos talentos e na democratiza\u00e7\u00e3o do acesso \u00e0 leitura. Al\u00e9m de Piana, o circuito contar\u00e1 com a participa\u00e7\u00e3o de Marcus Groza (vencedor na categoria Romance com &#8220;Goi\u00e1s&#8221;) e do baiano Ab\u00e1z (vencedor na categoria Conto com &#8220;Massaranduba&#8221;). Para os autores, essa \u00e9 uma oportunidade \u00fanica de retirar a obra da estante e dar vida ao texto atrav\u00e9s das trocas presenciais, ouvindo diferentes percep\u00e7\u00f5es e realidades que enriquecem o processo criativo.<br><br>\u200bAo longo do ano, at\u00e9 o m\u00eas de novembro, as unidades do Sesc e diversos eventos culturais servir\u00e3o de palco para bate-papos e mesas-redondas gratuitos. Segundo a ger\u00eancia de Cultura do Sesc, esse interc\u00e2mbio \u00e9 uma experi\u00eancia enriquecedora que conecta a produ\u00e7\u00e3o contempor\u00e2nea a p\u00fablicos plurais, reafirmando o compromisso da institui\u00e7\u00e3o com o desenvolvimento cultural do pa\u00eds. Com cerca de 24 mil originais recebidos em sua hist\u00f3ria, o Pr\u00eamio Sesc segue como uma das principais portas de entrada para o mercado editorial brasileiro.<br><br>\u200b<strong>Servi\u00e7o<\/strong><br>\u200bEvento: Circuito Nacional Pr\u00eamio Sesc de Literatura 2025<br>\u200bData: De mar\u00e7o a novembro de 2026 (In\u00edcio em 10 de mar\u00e7o em Paraty)<br>\u200bLocal: Unidades do Sesc e eventos culturais em mais de 20 cidades pelo Brasil<br>\u200bRealiza\u00e7\u00e3o: Sesc (Servi\u00e7o Social do Com\u00e9rcio)<br>\u200bInforma\u00e7\u00f5es: Programa\u00e7\u00e3o completa nos canais oficiais do Sesc e nas unidades participantes<\/p>\n","protected":false},"excerpt":{"rendered":"<p>Vencedores do Pr\u00eamio Sesc de Literatura 2025 percorrem mais de 20 cidades brasileiras em circuito nacional de encontros. Programa\u00e7\u00e3o gratuita inclui bate-papos com Leonardo Piana, Marcus Groza e Ab\u00e1z, come\u00e7ando em Paraty no dia 10 de mar\u00e7o.<\/p>\n","protected":false},"author":1,"featured_media":1867,"comment_status":"open","ping_status":"open","sticky":false,"template":"","format":"standard","meta":{"colormag_page_container_layout":"default_layout","colormag_page_sidebar_layout":"default_layout","footnotes":""},"categories":[105],"tags":[609,606,615,614,612,607,610,608,613,605,611],"class_list":["post-1863","post","type-post","status-publish","format-standard","has-post-thumbnail","hentry","category-literatura","tag-abaz","tag-circuito-literario-nacional","tag-cultura-brasileira","tag-eventos-literarios-gratuitos","tag-formacao-de-leitores","tag-leonardo-piana","tag-literatura-brasileira-contemporanea","tag-marcus-groza","tag-noticias-culturais-brasil","tag-premio-sesc-de-literatura-2025","tag-sesc-paraty"],"rttpg_featured_image_url":{"full":["https:\/\/boracultura.com.br\/wp-content\/uploads\/2026\/03\/17730205625937511337581376501314-e1773020660970.jpg",800,451,false],"landscape":["https:\/\/boracultura.com.br\/wp-content\/uploads\/2026\/03\/17730205625937511337581376501314-e1773020660970.jpg",800,451,false],"portraits":["https:\/\/boracultura.com.br\/wp-content\/uploads\/2026\/03\/17730205625937511337581376501314-e1773020660970.jpg",800,451,false],"thumbnail":["https:\/\/boracultura.com.br\/wp-content\/uploads\/2026\/03\/17730205625937511337581376501314-e1773020660970-150x150.jpg",150,150,true],"medium":["https:\/\/boracultura.com.br\/wp-content\/uploads\/2026\/03\/17730205625937511337581376501314-e1773020660970-300x169.jpg",300,169,true],"large":["https:\/\/boracultura.com.br\/wp-content\/uploads\/2026\/03\/17730205625937511337581376501314-e1773020660970.jpg",800,451,false],"1536x1536":["https:\/\/boracultura.com.br\/wp-content\/uploads\/2026\/03\/17730205625937511337581376501314-e1773020660970.jpg",800,451,false],"2048x2048":["https:\/\/boracultura.com.br\/wp-content\/uploads\/2026\/03\/17730205625937511337581376501314-e1773020660970.jpg",800,451,false],"colormag-highlighted-post":["https:\/\/boracultura.com.br\/wp-content\/uploads\/2026\/03\/17730205625937511337581376501314-e1773020660970-392x272.jpg",392,272,true],"colormag-featured-post-medium":["https:\/\/boracultura.com.br\/wp-content\/uploads\/2026\/03\/17730205625937511337581376501314-e1773020660970-390x205.jpg",390,205,true],"colormag-featured-post-small":["https:\/\/boracultura.com.br\/wp-content\/uploads\/2026\/03\/17730205625937511337581376501314-e1773020660970-130x90.jpg",130,90,true],"colormag-featured-image":["https:\/\/boracultura.com.br\/wp-content\/uploads\/2026\/03\/17730205625937511337581376501314-e1773020660970-800x445.jpg",800,445,true],"colormag-default-news":["https:\/\/boracultura.com.br\/wp-content\/uploads\/2026\/03\/17730205625937511337581376501314-e1773020660970-150x150.jpg",150,150,true],"colormag-featured-image-large":["https:\/\/boracultura.com.br\/wp-content\/uploads\/2026\/03\/17730205625937511337581376501314-e1773020660970.jpg",800,451,false],"colormag-elementor-block-extra-large-thumbnail":["https:\/\/boracultura.com.br\/wp-content\/uploads\/2026\/03\/17730205625937511337581376501314-800x480.jpg",800,480,true],"colormag-elementor-grid-large-thumbnail":["https:\/\/boracultura.com.br\/wp-content\/uploads\/2026\/03\/17730205625937511337581376501314-e1773020660970-600x417.jpg",600,417,true],"colormag-elementor-grid-small-thumbnail":["https:\/\/boracultura.com.br\/wp-content\/uploads\/2026\/03\/17730205625937511337581376501314-e1773020660970-285x450.jpg",285,450,true],"colormag-elementor-grid-medium-large-thumbnail":["https:\/\/boracultura.com.br\/wp-content\/uploads\/2026\/03\/17730205625937511337581376501314-e1773020660970-575x198.jpg",575,198,true],"psacp-medium":["https:\/\/boracultura.com.br\/wp-content\/uploads\/2026\/03\/17730205625937511337581376501314-e1773020660970-500x451.jpg",500,451,true]},"rttpg_author":{"display_name":"boracultura@gmail.com","author_link":"https:\/\/boracultura.com.br\/index.php\/author\/boraculturagmail-com\/"},"rttpg_comment":0,"rttpg_category":"<a href=\"https:\/\/boracultura.com.br\/index.php\/category\/noticias\/literatura\/\" rel=\"category tag\">Literatura<\/a>","rttpg_excerpt":"Vencedores do Pr\u00eamio Sesc de Literatura 2025 percorrem mais de 20 cidades brasileiras em circuito nacional de encontros. Programa\u00e7\u00e3o gratuita inclui bate-papos com Leonardo Piana, Marcus Groza e Ab\u00e1z, come\u00e7ando em Paraty no dia 10 de mar\u00e7o.","_links":{"self":[{"href":"https:\/\/boracultura.com.br\/index.php\/wp-json\/wp\/v2\/posts\/1863","targetHints":{"allow":["GET"]}}],"collection":[{"href":"https:\/\/boracultura.com.br\/index.php\/wp-json\/wp\/v2\/posts"}],"about":[{"href":"https:\/\/boracultura.com.br\/index.php\/wp-json\/wp\/v2\/types\/post"}],"author":[{"embeddable":true,"href":"https:\/\/boracultura.com.br\/index.php\/wp-json\/wp\/v2\/users\/1"}],"replies":[{"embeddable":true,"href":"https:\/\/boracultura.com.br\/index.php\/wp-json\/wp\/v2\/comments?post=1863"}],"version-history":[{"count":1,"href":"https:\/\/boracultura.com.br\/index.php\/wp-json\/wp\/v2\/posts\/1863\/revisions"}],"predecessor-version":[{"id":1868,"href":"https:\/\/boracultura.com.br\/index.php\/wp-json\/wp\/v2\/posts\/1863\/revisions\/1868"}],"wp:featuredmedia":[{"embeddable":true,"href":"https:\/\/boracultura.com.br\/index.php\/wp-json\/wp\/v2\/media\/1867"}],"wp:attachment":[{"href":"https:\/\/boracultura.com.br\/index.php\/wp-json\/wp\/v2\/media?parent=1863"}],"wp:term":[{"taxonomy":"category","embeddable":true,"href":"https:\/\/boracultura.com.br\/index.php\/wp-json\/wp\/v2\/categories?post=1863"},{"taxonomy":"post_tag","embeddable":true,"href":"https:\/\/boracultura.com.br\/index.php\/wp-json\/wp\/v2\/tags?post=1863"}],"curies":[{"name":"wp","href":"https:\/\/api.w.org\/{rel}","templated":true}]}}