{"id":1869,"date":"2026-03-10T23:30:22","date_gmt":"2026-03-11T02:30:22","guid":{"rendered":"https:\/\/boracultura.com.br\/?p=1869"},"modified":"2026-03-10T23:32:32","modified_gmt":"2026-03-11T02:32:32","slug":"minc-conclui-repasses-do-ciclo-2-da-politica-nacional-aldir-blanc","status":"publish","type":"post","link":"https:\/\/boracultura.com.br\/index.php\/2026\/03\/10\/minc-conclui-repasses-do-ciclo-2-da-politica-nacional-aldir-blanc\/","title":{"rendered":"MinC conclui repasses do Ciclo 2 da Pol\u00edtica Nacional Aldir Blanc"},"content":{"rendered":"\n<p>Pagamentos a estados e munic\u00edpios somam mais de R$ 2,5 milh\u00f5es<\/p>\n\n\n\n<p>O Minist\u00e9rio da Cultura (MinC) anunciou nesta segunda-feira (9) a conclus\u00e3o dos pagamentos do segundo ciclo da Pol\u00edtica Nacional Aldir Blanc de Fomento \u00e0 Cultura. Os repasses somam mais de R$ 2,5 milh\u00f5es para estados e munic\u00edpios fomentarem a cultura.<\/p>\n\n\n\n<p>Com a conclus\u00e3o dos pagamentos, a opera\u00e7\u00e3o garantiu que os recursos chegassem a artistas, produtores, coletivos e espa\u00e7os culturais, impulsionando a economia criativa e a gera\u00e7\u00e3o de emprego e renda.<\/p>\n\n\n\n<p>Alguns entes federativos ainda necessitam realizar ajustes em seus dados cadastrais e adequa\u00e7\u00f5es no Planos de Aplica\u00e7\u00e3o dos Recursos (PAR), uma etapa t\u00e9cnica que assegura o alinhamento das propostas com os objetivos da pol\u00edtica. Essa etapa ir\u00e1 assegurar a totalidade dos pagamentos. O MinC acompanha de perto cada caso para que os repasses sejam conclu\u00eddos o mais brevemente poss\u00edvel.<\/p>\n\n\n\n<p>A Pol\u00edtica Nacional Aldir Blanc de Fomento \u00e0 Cultura representa um marco importante nas pol\u00edticas p\u00fablicas de incentivo ao setor cultural brasileiro. Estruturada em ciclos de implementa\u00e7\u00e3o, a pol\u00edtica busca democratizar o acesso a recursos de fomento e fortalecer a cadeia criativa em todo o pa\u00eds, promovendo o desenvolvimento cultural equilibrado entre as diferentes regi\u00f5es.&nbsp;<\/p>\n","protected":false},"excerpt":{"rendered":"<p>Minist\u00e9rio da Cultura conclui repasses do segundo ciclo da Pol\u00edtica Nacional Aldir Blanc, com mais de R$ 2,5 milh\u00f5es destinados a estados e munic\u00edpios para fomento \u00e0 cultura.<\/p>\n","protected":false},"author":1,"featured_media":1870,"comment_status":"open","ping_status":"open","sticky":false,"template":"","format":"standard","meta":{"colormag_page_container_layout":"default_layout","colormag_page_sidebar_layout":"default_layout","footnotes":""},"categories":[10],"tags":[174,622,619,617,620,621,616,173,208,453,618,623],"class_list":["post-1869","post","type-post","status-publish","format-standard","has-post-thumbnail","hentry","category-especiais","tag-economia-criativa","tag-financiamento-cultural","tag-financiamento-da-cultura","tag-fomento-a-cultura","tag-governo-federal-cultura","tag-investimento-em-cultura","tag-lei-aldir-blanc","tag-minc","tag-ministerio-da-cultura","tag-politica-nacional-aldir-blanc","tag-politicas-culturais-no-brasil","tag-recursos-para-cultura"],"rttpg_featured_image_url":{"full":["https:\/\/boracultura.com.br\/wp-content\/uploads\/2026\/03\/MinC-conclui-repasses-do-Ciclo-2-da-Politica-Nacional-Aldir-Blanc.jpeg",768,510,false],"landscape":["https:\/\/boracultura.com.br\/wp-content\/uploads\/2026\/03\/MinC-conclui-repasses-do-Ciclo-2-da-Politica-Nacional-Aldir-Blanc.jpeg",768,510,false],"portraits":["https:\/\/boracultura.com.br\/wp-content\/uploads\/2026\/03\/MinC-conclui-repasses-do-Ciclo-2-da-Politica-Nacional-Aldir-Blanc.jpeg",768,510,false],"thumbnail":["https:\/\/boracultura.com.br\/wp-content\/uploads\/2026\/03\/MinC-conclui-repasses-do-Ciclo-2-da-Politica-Nacional-Aldir-Blanc-150x150.jpeg",150,150,true],"medium":["https:\/\/boracultura.com.br\/wp-content\/uploads\/2026\/03\/MinC-conclui-repasses-do-Ciclo-2-da-Politica-Nacional-Aldir-Blanc-300x199.jpeg",300,199,true],"large":["https:\/\/boracultura.com.br\/wp-content\/uploads\/2026\/03\/MinC-conclui-repasses-do-Ciclo-2-da-Politica-Nacional-Aldir-Blanc.jpeg",768,510,false],"1536x1536":["https:\/\/boracultura.com.br\/wp-content\/uploads\/2026\/03\/MinC-conclui-repasses-do-Ciclo-2-da-Politica-Nacional-Aldir-Blanc.jpeg",768,510,false],"2048x2048":["https:\/\/boracultura.com.br\/wp-content\/uploads\/2026\/03\/MinC-conclui-repasses-do-Ciclo-2-da-Politica-Nacional-Aldir-Blanc.jpeg",768,510,false],"colormag-highlighted-post":["https:\/\/boracultura.com.br\/wp-content\/uploads\/2026\/03\/MinC-conclui-repasses-do-Ciclo-2-da-Politica-Nacional-Aldir-Blanc-392x272.jpeg",392,272,true],"colormag-featured-post-medium":["https:\/\/boracultura.com.br\/wp-content\/uploads\/2026\/03\/MinC-conclui-repasses-do-Ciclo-2-da-Politica-Nacional-Aldir-Blanc-390x205.jpeg",390,205,true],"colormag-featured-post-small":["https:\/\/boracultura.com.br\/wp-content\/uploads\/2026\/03\/MinC-conclui-repasses-do-Ciclo-2-da-Politica-Nacional-Aldir-Blanc-130x90.jpeg",130,90,true],"colormag-featured-image":["https:\/\/boracultura.com.br\/wp-content\/uploads\/2026\/03\/MinC-conclui-repasses-do-Ciclo-2-da-Politica-Nacional-Aldir-Blanc-768x445.jpeg",768,445,true],"colormag-default-news":["https:\/\/boracultura.com.br\/wp-content\/uploads\/2026\/03\/MinC-conclui-repasses-do-Ciclo-2-da-Politica-Nacional-Aldir-Blanc-150x150.jpeg",150,150,true],"colormag-featured-image-large":["https:\/\/boracultura.com.br\/wp-content\/uploads\/2026\/03\/MinC-conclui-repasses-do-Ciclo-2-da-Politica-Nacional-Aldir-Blanc.jpeg",768,510,false],"colormag-elementor-block-extra-large-thumbnail":["https:\/\/boracultura.com.br\/wp-content\/uploads\/2026\/03\/MinC-conclui-repasses-do-Ciclo-2-da-Politica-Nacional-Aldir-Blanc-768x480.jpeg",768,480,true],"colormag-elementor-grid-large-thumbnail":["https:\/\/boracultura.com.br\/wp-content\/uploads\/2026\/03\/MinC-conclui-repasses-do-Ciclo-2-da-Politica-Nacional-Aldir-Blanc-600x417.jpeg",600,417,true],"colormag-elementor-grid-small-thumbnail":["https:\/\/boracultura.com.br\/wp-content\/uploads\/2026\/03\/MinC-conclui-repasses-do-Ciclo-2-da-Politica-Nacional-Aldir-Blanc-285x450.jpeg",285,450,true],"colormag-elementor-grid-medium-large-thumbnail":["https:\/\/boracultura.com.br\/wp-content\/uploads\/2026\/03\/MinC-conclui-repasses-do-Ciclo-2-da-Politica-Nacional-Aldir-Blanc-575x198.jpeg",575,198,true],"psacp-medium":["https:\/\/boracultura.com.br\/wp-content\/uploads\/2026\/03\/MinC-conclui-repasses-do-Ciclo-2-da-Politica-Nacional-Aldir-Blanc-500x500.jpeg",500,500,true]},"rttpg_author":{"display_name":"boracultura@gmail.com","author_link":"https:\/\/boracultura.com.br\/index.php\/author\/boraculturagmail-com\/"},"rttpg_comment":0,"rttpg_category":"<a href=\"https:\/\/boracultura.com.br\/index.php\/category\/especiais\/\" rel=\"category tag\">Especiais<\/a>","rttpg_excerpt":"Minist\u00e9rio da Cultura conclui repasses do segundo ciclo da Pol\u00edtica Nacional Aldir Blanc, com mais de R$ 2,5 milh\u00f5es destinados a estados e munic\u00edpios para fomento \u00e0 cultura.","_links":{"self":[{"href":"https:\/\/boracultura.com.br\/index.php\/wp-json\/wp\/v2\/posts\/1869","targetHints":{"allow":["GET"]}}],"collection":[{"href":"https:\/\/boracultura.com.br\/index.php\/wp-json\/wp\/v2\/posts"}],"about":[{"href":"https:\/\/boracultura.com.br\/index.php\/wp-json\/wp\/v2\/types\/post"}],"author":[{"embeddable":true,"href":"https:\/\/boracultura.com.br\/index.php\/wp-json\/wp\/v2\/users\/1"}],"replies":[{"embeddable":true,"href":"https:\/\/boracultura.com.br\/index.php\/wp-json\/wp\/v2\/comments?post=1869"}],"version-history":[{"count":1,"href":"https:\/\/boracultura.com.br\/index.php\/wp-json\/wp\/v2\/posts\/1869\/revisions"}],"predecessor-version":[{"id":1871,"href":"https:\/\/boracultura.com.br\/index.php\/wp-json\/wp\/v2\/posts\/1869\/revisions\/1871"}],"wp:featuredmedia":[{"embeddable":true,"href":"https:\/\/boracultura.com.br\/index.php\/wp-json\/wp\/v2\/media\/1870"}],"wp:attachment":[{"href":"https:\/\/boracultura.com.br\/index.php\/wp-json\/wp\/v2\/media?parent=1869"}],"wp:term":[{"taxonomy":"category","embeddable":true,"href":"https:\/\/boracultura.com.br\/index.php\/wp-json\/wp\/v2\/categories?post=1869"},{"taxonomy":"post_tag","embeddable":true,"href":"https:\/\/boracultura.com.br\/index.php\/wp-json\/wp\/v2\/tags?post=1869"}],"curies":[{"name":"wp","href":"https:\/\/api.w.org\/{rel}","templated":true}]}}