{"id":1873,"date":"2026-03-10T23:42:53","date_gmt":"2026-03-11T02:42:53","guid":{"rendered":"https:\/\/boracultura.com.br\/?p=1873"},"modified":"2026-03-11T20:25:52","modified_gmt":"2026-03-11T23:25:52","slug":"salvador-recebe-festival-internacional-de-artistas-de-rua-com-programacao-gratuita-neste-fim-de-semana","status":"publish","type":"post","link":"https:\/\/boracultura.com.br\/index.php\/2026\/03\/10\/salvador-recebe-festival-internacional-de-artistas-de-rua-com-programacao-gratuita-neste-fim-de-semana\/","title":{"rendered":"Salvador recebe Festival Internacional de Artistas de Rua com programa\u00e7\u00e3o gratuita neste fim de semana"},"content":{"rendered":"\n<p>Apresenta\u00e7\u00f5es gratuitas ocupam a F\u00e1brica Cultural, na Ribeira, entre sexta (13) e domingo (15)<\/p>\n\n\n\n<p>Depois de passar por S\u00e3o Felipe e Jequi\u00e9, cidades do interior baiano, o&nbsp;<strong>19\u00ba Festival Internacional de Artistas de Rua da Bahia<\/strong>&nbsp;chega a Salvador para encerrar a programa\u00e7\u00e3o com tr\u00eas dias de apresenta\u00e7\u00f5es gratuitas, de&nbsp;<strong>13 a 15 de mar\u00e7o<\/strong>, na&nbsp;<strong>F\u00e1brica Cultural, no bairro da Ribeira<\/strong>. Reconhecido como um dos principais eventos de arte p\u00fablica do pa\u00eds, o festival re\u00fane artistas do Brasil e do exterior em espet\u00e1culos que dialogam diretamente com o espa\u00e7o urbano e com o p\u00fablico.<\/p>\n\n\n\n<p>Durante o fim de semana, a programa\u00e7\u00e3o re\u00fane m\u00fasica, circo, performance e viv\u00eancias art\u00edsticas, criando um ambiente de troca cultural e experimenta\u00e7\u00e3o est\u00e9tica. Ser\u00e3o mais de 20 artistas de rua de Argentina, Chile, Col\u00f4mbia, Guin\u00e9-Bissau, Estados Unidos e Brasil, representado por PE, SC, RS, MG, SP e BA. As apresenta\u00e7\u00f5es acontecem&nbsp;<strong>na sexta-feira e no s\u00e1bado, das 19h \u00e0s 22h, e no domingo, das 17h \u00e0s 21h<\/strong>, com entrada gratuita.<\/p>\n\n\n\n<p>Um dos destaques da programa\u00e7\u00e3o \u00e9 o percussionista&nbsp;<strong>Marco Lobo<\/strong>, que sobe ao palco no domingo acompanhado de seu quinteto em um espet\u00e1culo que atravessa linguagens como jazz, maracatu, bai\u00e3o e samba, sintetizando a proposta do festival de conectar tradi\u00e7\u00e3o e contemporaneidade por meio da m\u00fasica e da improvisa\u00e7\u00e3o. O festival ser\u00e1 palco tamb\u00e9m para a&nbsp;<strong>cantora Eneida Marta<\/strong>, refer\u00eancia da m\u00fasica da \u00c1frica Ocidental. Pela primeira vez na Bahia, a artista da Guin\u00e9 Bissau participa da programa\u00e7\u00e3o acompanhada do arranjador, diretor musical, cantor e compositor Luciano Salvador Bahia e do percussionista Menino Henrique.<\/p>\n\n\n\n<p>Al\u00e9m das apresenta\u00e7\u00f5es, o p\u00fablico tamb\u00e9m poder\u00e1 participar de atividades do eixo formativo do festival. Entre elas est\u00e3o a viv\u00eancia de&nbsp;<strong>Grafismo Ind\u00edgena com Gleice Ferreira<\/strong>, que compartilha saberes ancestrais utilizando elementos naturais como urucum e jenipapo; a&nbsp;<strong>Oficina de Reciclagem Criativa da CAMAPET<\/strong>, que transforma res\u00edduos pl\u00e1sticos em brinquedos e objetos utilit\u00e1rios; e o circuito&nbsp;<strong>&#8220;Circo para Todos&#8221;<\/strong>, coordenado por Alexis Ayala, que convida crian\u00e7as, jovens e adultos a experimentarem t\u00e9cnicas circenses como malabares, tecido acrob\u00e1tico e trap\u00e9zio.<\/p>\n\n\n\n<p>Realizado h\u00e1 19 anos, o Festival Internacional de Artistas de Rua promove encontros entre artistas e p\u00fablico em espa\u00e7os abertos, valorizando a arte que nasce no contato direto com a cidade e ampliando o acesso \u00e0 cultura e promovendo encontros culturais entre artistas de diferentes pa\u00edses e regi\u00f5es do Brasil.<\/p>\n\n\n\n<p>O&nbsp;<strong>19\u00ba Festival Internacional de Artistas de Rua<\/strong>&nbsp;\u00e9 uma realiza\u00e7\u00e3o da Selma Santos Produ\u00e7\u00f5es, com dire\u00e7\u00e3o art\u00edstica de Bernard M. Snyder e curadoria assinada por ele, Selma Santos e Tenille Bezerra. O projeto conta com apoio financeiro do Governo do Estado da Bahia, por meio do Fundo de Cultura, Secretaria da Fazenda e Secretaria de Cultura da Bahia.<\/p>\n\n\n\n<p><a href=\"https:\/\/www.festivalderua.com\/artistas.html\" target=\"_blank\" rel=\"noreferrer noopener\"><u>CONFIRA A LISTA COMPLETA DE ARTISTAS!<\/u><\/a><\/p>\n\n\n\n<p><strong>Servi\u00e7o:<\/strong><\/p>\n\n\n\n<p><strong>19\u00ba Festival Internacional de Artistas de Rua \u2013 Salvador<\/strong><br>Datas: 13, 14 e 15 de mar\u00e7o (sexta-feira a domingo)<br>Hor\u00e1rios: sexta-feira e s\u00e1bado: 19h \u00e0s 22h; domingo: 17h \u00e0s 21h<br>Local: F\u00e1brica Cultural \u2013 Ribeira<\/p>\n\n\n\n<p><strong>Entrada gratuita<\/strong><br>Informa\u00e7\u00f5es:\u00a0<a href=\"https:\/\/www.festivalderua.com\/\" target=\"_blank\" rel=\"noreferrer noopener\"><u>www.festivalderua.com<\/u><\/a><br>Instagram: @festivalderua<br><br>Foto: Circo Giramundo &#8211; Foto Lucas Dourado<\/p>\n","protected":false},"excerpt":{"rendered":"<p>Festival Internacional de Artistas de Rua chega a Salvador com tr\u00eas dias de apresenta\u00e7\u00f5es gratuitas de circo, m\u00fasica e arte urbana na F\u00e1brica Cultural, na Ribeira.<\/p>\n","protected":false},"author":1,"featured_media":1874,"comment_status":"open","ping_status":"open","sticky":false,"template":"","format":"standard","meta":{"colormag_page_container_layout":"default_layout","colormag_page_sidebar_layout":"default_layout","footnotes":""},"categories":[10],"tags":[626,555,628,627,625,624,629,89],"class_list":["post-1873","post","type-post","status-publish","format-standard","has-post-thumbnail","hentry","category-especiais","tag-arte-de-rua","tag-eventos-em-salvador","tag-fabrica-cultural","tag-festival-cultural","tag-festival-de-artistas-de-rua","tag-festival-internacional-de-artistas-de-rua-da-bahia","tag-ribeira-salvador","tag-salvador"],"rttpg_featured_image_url":{"full":["https:\/\/boracultura.com.br\/wp-content\/uploads\/2026\/03\/Festival-Internacional-de-Artistas-de-Rua-Em-Salvador.jpg",800,533,false],"landscape":["https:\/\/boracultura.com.br\/wp-content\/uploads\/2026\/03\/Festival-Internacional-de-Artistas-de-Rua-Em-Salvador.jpg",800,533,false],"portraits":["https:\/\/boracultura.com.br\/wp-content\/uploads\/2026\/03\/Festival-Internacional-de-Artistas-de-Rua-Em-Salvador.jpg",800,533,false],"thumbnail":["https:\/\/boracultura.com.br\/wp-content\/uploads\/2026\/03\/Festival-Internacional-de-Artistas-de-Rua-Em-Salvador-150x150.jpg",150,150,true],"medium":["https:\/\/boracultura.com.br\/wp-content\/uploads\/2026\/03\/Festival-Internacional-de-Artistas-de-Rua-Em-Salvador-300x200.jpg",300,200,true],"large":["https:\/\/boracultura.com.br\/wp-content\/uploads\/2026\/03\/Festival-Internacional-de-Artistas-de-Rua-Em-Salvador.jpg",800,533,false],"1536x1536":["https:\/\/boracultura.com.br\/wp-content\/uploads\/2026\/03\/Festival-Internacional-de-Artistas-de-Rua-Em-Salvador.jpg",800,533,false],"2048x2048":["https:\/\/boracultura.com.br\/wp-content\/uploads\/2026\/03\/Festival-Internacional-de-Artistas-de-Rua-Em-Salvador.jpg",800,533,false],"colormag-highlighted-post":["https:\/\/boracultura.com.br\/wp-content\/uploads\/2026\/03\/Festival-Internacional-de-Artistas-de-Rua-Em-Salvador-392x272.jpg",392,272,true],"colormag-featured-post-medium":["https:\/\/boracultura.com.br\/wp-content\/uploads\/2026\/03\/Festival-Internacional-de-Artistas-de-Rua-Em-Salvador-390x205.jpg",390,205,true],"colormag-featured-post-small":["https:\/\/boracultura.com.br\/wp-content\/uploads\/2026\/03\/Festival-Internacional-de-Artistas-de-Rua-Em-Salvador-130x90.jpg",130,90,true],"colormag-featured-image":["https:\/\/boracultura.com.br\/wp-content\/uploads\/2026\/03\/Festival-Internacional-de-Artistas-de-Rua-Em-Salvador-800x445.jpg",800,445,true],"colormag-default-news":["https:\/\/boracultura.com.br\/wp-content\/uploads\/2026\/03\/Festival-Internacional-de-Artistas-de-Rua-Em-Salvador-150x150.jpg",150,150,true],"colormag-featured-image-large":["https:\/\/boracultura.com.br\/wp-content\/uploads\/2026\/03\/Festival-Internacional-de-Artistas-de-Rua-Em-Salvador.jpg",800,533,false],"colormag-elementor-block-extra-large-thumbnail":["https:\/\/boracultura.com.br\/wp-content\/uploads\/2026\/03\/Festival-Internacional-de-Artistas-de-Rua-Em-Salvador-800x480.jpg",800,480,true],"colormag-elementor-grid-large-thumbnail":["https:\/\/boracultura.com.br\/wp-content\/uploads\/2026\/03\/Festival-Internacional-de-Artistas-de-Rua-Em-Salvador-600x417.jpg",600,417,true],"colormag-elementor-grid-small-thumbnail":["https:\/\/boracultura.com.br\/wp-content\/uploads\/2026\/03\/Festival-Internacional-de-Artistas-de-Rua-Em-Salvador-285x450.jpg",285,450,true],"colormag-elementor-grid-medium-large-thumbnail":["https:\/\/boracultura.com.br\/wp-content\/uploads\/2026\/03\/Festival-Internacional-de-Artistas-de-Rua-Em-Salvador-575x198.jpg",575,198,true],"psacp-medium":["https:\/\/boracultura.com.br\/wp-content\/uploads\/2026\/03\/Festival-Internacional-de-Artistas-de-Rua-Em-Salvador-500x500.jpg",500,500,true]},"rttpg_author":{"display_name":"boracultura@gmail.com","author_link":"https:\/\/boracultura.com.br\/index.php\/author\/boraculturagmail-com\/"},"rttpg_comment":0,"rttpg_category":"<a href=\"https:\/\/boracultura.com.br\/index.php\/category\/especiais\/\" rel=\"category tag\">Especiais<\/a>","rttpg_excerpt":"Festival Internacional de Artistas de Rua chega a Salvador com tr\u00eas dias de apresenta\u00e7\u00f5es gratuitas de circo, m\u00fasica e arte urbana na F\u00e1brica Cultural, na Ribeira.","_links":{"self":[{"href":"https:\/\/boracultura.com.br\/index.php\/wp-json\/wp\/v2\/posts\/1873","targetHints":{"allow":["GET"]}}],"collection":[{"href":"https:\/\/boracultura.com.br\/index.php\/wp-json\/wp\/v2\/posts"}],"about":[{"href":"https:\/\/boracultura.com.br\/index.php\/wp-json\/wp\/v2\/types\/post"}],"author":[{"embeddable":true,"href":"https:\/\/boracultura.com.br\/index.php\/wp-json\/wp\/v2\/users\/1"}],"replies":[{"embeddable":true,"href":"https:\/\/boracultura.com.br\/index.php\/wp-json\/wp\/v2\/comments?post=1873"}],"version-history":[{"count":1,"href":"https:\/\/boracultura.com.br\/index.php\/wp-json\/wp\/v2\/posts\/1873\/revisions"}],"predecessor-version":[{"id":1875,"href":"https:\/\/boracultura.com.br\/index.php\/wp-json\/wp\/v2\/posts\/1873\/revisions\/1875"}],"wp:featuredmedia":[{"embeddable":true,"href":"https:\/\/boracultura.com.br\/index.php\/wp-json\/wp\/v2\/media\/1874"}],"wp:attachment":[{"href":"https:\/\/boracultura.com.br\/index.php\/wp-json\/wp\/v2\/media?parent=1873"}],"wp:term":[{"taxonomy":"category","embeddable":true,"href":"https:\/\/boracultura.com.br\/index.php\/wp-json\/wp\/v2\/categories?post=1873"},{"taxonomy":"post_tag","embeddable":true,"href":"https:\/\/boracultura.com.br\/index.php\/wp-json\/wp\/v2\/tags?post=1873"}],"curies":[{"name":"wp","href":"https:\/\/api.w.org\/{rel}","templated":true}]}}