{"id":249,"date":"2025-12-27T15:49:00","date_gmt":"2025-12-27T18:49:00","guid":{"rendered":"http:\/\/boracultura.com.br\/?p=249"},"modified":"2026-01-14T22:05:58","modified_gmt":"2026-01-15T01:05:58","slug":"nilton-azevedo-choro-4teto-faz-show-no-ultimo-segundas-do-chorinho-de-2025","status":"publish","type":"post","link":"https:\/\/boracultura.com.br\/index.php\/2025\/12\/27\/nilton-azevedo-choro-4teto-faz-show-no-ultimo-segundas-do-chorinho-de-2025\/","title":{"rendered":"Nilton Azevedo Choro 4t\u00eato faz show no \u00faltimo \u201cSegundas do Chorinho\u201d de 2025"},"content":{"rendered":"\n<p>No dia 29 de dezembro, segunda-feira, \u00e0s 20h, a programa\u00e7\u00e3o do Projeto Segundas do Chorinho &#8211; Ano 14 se encerra com chave de ouro, trazendo para o palco da Varanda do Teatro SESI Rio Vermelho o talentoso e renomado multi-instrumentista Nilton Azevedo. Ele se apresenta acompanhado de seu quarteto Nilton Azevedo Choro 4t\u00eato, protagonizando o \u00faltimo &#8220;Segundas do Chorinho&#8221; de 2025.<br><br>Natural de Salvador e criado na hist\u00f3rica cidade de Cachoeira, no Rec\u00f4ncavo Baiano, Nilton Azevedo iniciou seu contato com a m\u00fasica aos 12 anos, integrando a tradicional Filarm\u00f4nica Lyra Ceciliana. Formado em flauta transversal pela Universidade Federal da Bahia, Nilton \u00e9 tamb\u00e9m arranjador, compositor e um dos mais importantes nomes da cena instrumental baiana, com mais de uma d\u00e9cada de carreira.<br><br>No projeto Choro 4t\u00eato, Nilton traz uma proposta inovadora, explorando novas sonoridades para o g\u00eanero tradicional brasileiro. Com destaque para o saxofone como instrumento protagonista, homenageando grandes mestres do choro. O repert\u00f3rio \u00e9 uma verdadeira celebra\u00e7\u00e3o ao choro tradicional e \u00e0 cultura musical da Bahia e do Brasil, celebrando o repert\u00f3rio do saxofone e do clarinete de compositores como Saraiva e Pitanga, bem como os dos demais instrumentos al\u00e9m de composi\u00e7\u00f5es autorais do pr\u00f3prio Nilton.<br><br>Acompanhando Nilton, o Choro 4t\u00eato conta com m\u00fasicos excepcionais: Estevan Dantas (piano), Marcus Sampaio (contrabaixo) e Rafael Bolota (bateria). Juntos, formam uma proposta que une virtuosismo, lirismo e um respeito profundo pela tradi\u00e7\u00e3o do choro, mantendo a ess\u00eancia do g\u00eanero, mas com uma sonoridade contempor\u00e2nea e renovada.<br><br><strong>Servi\u00e7o<\/strong><br>O qu\u00ea: Projeto Segundas do Chorinho \u2013 Ano 14<br>Quando: Segunda-feira, 29 de dezembro de 2025<br>Hor\u00e1rio: 20h<br>Atra\u00e7\u00e3o: Nilton Azevedo Choro 4t\u00eato<br>Couvert Art\u00edstico: R$ 30,00 (vendas pelo WhatsApp (71) 9.9160-9140 e Sympla)<br>Onde: Varanda do Teatro SESI Rio Vermelho<br>Endere\u00e7o: Rua Borges dos Reis, 09 \u2013 Rio Vermelho, Salvador \u2013 BA<br>Informa\u00e7\u00f5es e Reservas: WhatsApp (71) 9.9160-9140<br>Realiza\u00e7\u00e3o: Hessel, Casa 98 &amp; Siri Produ\u00e7\u00f5es<br>Apoio: Teatro SESI Rio Vermelho \/ FIEB<\/p>\n","protected":false},"excerpt":{"rendered":"<p>No dia 29 de dezembro, segunda-feira, \u00e0s 20h, a programa\u00e7\u00e3o do Projeto Segundas do Chorinho &#8211; Ano 14 se encerra<\/p>\n","protected":false},"author":1,"featured_media":250,"comment_status":"open","ping_status":"open","sticky":false,"template":"","format":"standard","meta":{"colormag_page_container_layout":"default_layout","colormag_page_sidebar_layout":"default_layout","footnotes":""},"categories":[45,8],"tags":[],"class_list":["post-249","post","type-post","status-publish","format-standard","has-post-thumbnail","hentry","category-musica","category-noticias"],"rttpg_featured_image_url":{"full":["https:\/\/boracultura.com.br\/wp-content\/uploads\/2025\/12\/Nilton-Azevedo-Choro-4teto.jpg",310,233,false],"landscape":["https:\/\/boracultura.com.br\/wp-content\/uploads\/2025\/12\/Nilton-Azevedo-Choro-4teto.jpg",310,233,false],"portraits":["https:\/\/boracultura.com.br\/wp-content\/uploads\/2025\/12\/Nilton-Azevedo-Choro-4teto.jpg",310,233,false],"thumbnail":["https:\/\/boracultura.com.br\/wp-content\/uploads\/2025\/12\/Nilton-Azevedo-Choro-4teto-150x150.jpg",150,150,true],"medium":["https:\/\/boracultura.com.br\/wp-content\/uploads\/2025\/12\/Nilton-Azevedo-Choro-4teto-300x225.jpg",300,225,true],"large":["https:\/\/boracultura.com.br\/wp-content\/uploads\/2025\/12\/Nilton-Azevedo-Choro-4teto.jpg",310,233,false],"1536x1536":["https:\/\/boracultura.com.br\/wp-content\/uploads\/2025\/12\/Nilton-Azevedo-Choro-4teto.jpg",310,233,false],"2048x2048":["https:\/\/boracultura.com.br\/wp-content\/uploads\/2025\/12\/Nilton-Azevedo-Choro-4teto.jpg",310,233,false],"colormag-highlighted-post":["https:\/\/boracultura.com.br\/wp-content\/uploads\/2025\/12\/Nilton-Azevedo-Choro-4teto.jpg",310,233,false],"colormag-featured-post-medium":["https:\/\/boracultura.com.br\/wp-content\/uploads\/2025\/12\/Nilton-Azevedo-Choro-4teto-310x205.jpg",310,205,true],"colormag-featured-post-small":["https:\/\/boracultura.com.br\/wp-content\/uploads\/2025\/12\/Nilton-Azevedo-Choro-4teto-130x90.jpg",130,90,true],"colormag-featured-image":["https:\/\/boracultura.com.br\/wp-content\/uploads\/2025\/12\/Nilton-Azevedo-Choro-4teto.jpg",310,233,false],"colormag-default-news":["https:\/\/boracultura.com.br\/wp-content\/uploads\/2025\/12\/Nilton-Azevedo-Choro-4teto-150x150.jpg",150,150,true],"colormag-featured-image-large":["https:\/\/boracultura.com.br\/wp-content\/uploads\/2025\/12\/Nilton-Azevedo-Choro-4teto.jpg",310,233,false],"colormag-elementor-block-extra-large-thumbnail":["https:\/\/boracultura.com.br\/wp-content\/uploads\/2025\/12\/Nilton-Azevedo-Choro-4teto.jpg",310,233,false],"colormag-elementor-grid-large-thumbnail":["https:\/\/boracultura.com.br\/wp-content\/uploads\/2025\/12\/Nilton-Azevedo-Choro-4teto.jpg",310,233,false],"colormag-elementor-grid-small-thumbnail":["https:\/\/boracultura.com.br\/wp-content\/uploads\/2025\/12\/Nilton-Azevedo-Choro-4teto-285x233.jpg",285,233,true],"colormag-elementor-grid-medium-large-thumbnail":["https:\/\/boracultura.com.br\/wp-content\/uploads\/2025\/12\/Nilton-Azevedo-Choro-4teto-310x198.jpg",310,198,true],"psacp-medium":["https:\/\/boracultura.com.br\/wp-content\/uploads\/2025\/12\/Nilton-Azevedo-Choro-4teto.jpg",310,233,false]},"rttpg_author":{"display_name":"boracultura@gmail.com","author_link":"https:\/\/boracultura.com.br\/index.php\/author\/boraculturagmail-com\/"},"rttpg_comment":0,"rttpg_category":"<a href=\"https:\/\/boracultura.com.br\/index.php\/category\/noticias\/musica\/\" rel=\"category tag\">M\u00fasica<\/a> <a href=\"https:\/\/boracultura.com.br\/index.php\/category\/noticias\/\" rel=\"category tag\">Not\u00edcias<\/a>","rttpg_excerpt":"No dia 29 de dezembro, segunda-feira, \u00e0s 20h, a programa\u00e7\u00e3o do Projeto Segundas do Chorinho &#8211; Ano 14 se encerra","_links":{"self":[{"href":"https:\/\/boracultura.com.br\/index.php\/wp-json\/wp\/v2\/posts\/249","targetHints":{"allow":["GET"]}}],"collection":[{"href":"https:\/\/boracultura.com.br\/index.php\/wp-json\/wp\/v2\/posts"}],"about":[{"href":"https:\/\/boracultura.com.br\/index.php\/wp-json\/wp\/v2\/types\/post"}],"author":[{"embeddable":true,"href":"https:\/\/boracultura.com.br\/index.php\/wp-json\/wp\/v2\/users\/1"}],"replies":[{"embeddable":true,"href":"https:\/\/boracultura.com.br\/index.php\/wp-json\/wp\/v2\/comments?post=249"}],"version-history":[{"count":1,"href":"https:\/\/boracultura.com.br\/index.php\/wp-json\/wp\/v2\/posts\/249\/revisions"}],"predecessor-version":[{"id":251,"href":"https:\/\/boracultura.com.br\/index.php\/wp-json\/wp\/v2\/posts\/249\/revisions\/251"}],"wp:featuredmedia":[{"embeddable":true,"href":"https:\/\/boracultura.com.br\/index.php\/wp-json\/wp\/v2\/media\/250"}],"wp:attachment":[{"href":"https:\/\/boracultura.com.br\/index.php\/wp-json\/wp\/v2\/media?parent=249"}],"wp:term":[{"taxonomy":"category","embeddable":true,"href":"https:\/\/boracultura.com.br\/index.php\/wp-json\/wp\/v2\/categories?post=249"},{"taxonomy":"post_tag","embeddable":true,"href":"https:\/\/boracultura.com.br\/index.php\/wp-json\/wp\/v2\/tags?post=249"}],"curies":[{"name":"wp","href":"https:\/\/api.w.org\/{rel}","templated":true}]}}