{"id":284,"date":"2026-01-07T20:35:00","date_gmt":"2026-01-07T23:35:00","guid":{"rendered":"http:\/\/boracultura.com.br\/?p=284"},"modified":"2026-01-08T22:12:15","modified_gmt":"2026-01-09T01:12:15","slug":"o-espetaculo-a-casa-magica-da-gabby-tem-apresentacoes-em-feira-de-santana","status":"publish","type":"post","link":"https:\/\/boracultura.com.br\/index.php\/2026\/01\/07\/o-espetaculo-a-casa-magica-da-gabby-tem-apresentacoes-em-feira-de-santana\/","title":{"rendered":"O espet\u00e1culo\u00a0&#8220;A Casa M\u00e1gica da Gabby&#8221;\u00a0tem apresenta\u00e7\u00f5es em Feira de Santana"},"content":{"rendered":"\n<p>O espet\u00e1culo\u00a0&#8220;A Casa M\u00e1gica da Gabby\u00a0&#8211;\u00a0no Teatro&#8221;\u00a0volta para Feira de Santana, em uma adapta\u00e7\u00e3o da anima\u00e7\u00e3o para os palcos teatrais, narrando a hist\u00f3ria de Gabby.<\/p>\n\n\n\n<p>Gabby est\u00e1 chegando com um musical infantil, totalmente interativo e super animado para toda a fam\u00edlia. Ela vai dar vida aos seus brinquedos e os personagens v\u00e3o interagindo com a plateia que vai se encantando com as hist\u00f3rias e participando do espet\u00e1culo, tudo com muita m\u00fasica e uma alegria \u00fanica e contagiante dessa linda turminha.<\/p>\n\n\n\n<p>\u00c9 um espet\u00e1culo emocionante para toda a fam\u00edlia! Uma linda hist\u00f3ria de amizade, trabalho em equipe, m\u00fasicas, dan\u00e7as, brincadeiras e muita divers\u00e3o. Espet\u00e1culo totalmente interativo, de classifica\u00e7\u00e3o livre.<\/p>\n\n\n\n<p>As apresenta\u00e7\u00f5es acontecem no dia 28 de fevereiro (s\u00e1bado), \u00e0s\u00a015h e 17h, no\u00a0Teatro da CDL. Ingressos de 40 a 80 reais com vendas no Sympla.<\/p>\n\n\n\n<p><\/p>\n","protected":false},"excerpt":{"rendered":"<p>As apresenta\u00e7\u00f5es acontecem no dia 28 de fevereiro (s\u00e1bado), \u00e0s\u00a015h e 17h, no\u00a0Teatro da CDL. Ingressos de 40 a 80 reais com vendas no Sympla.<\/p>\n","protected":false},"author":1,"featured_media":288,"comment_status":"open","ping_status":"open","sticky":false,"template":"","format":"standard","meta":{"colormag_page_container_layout":"default_layout","colormag_page_sidebar_layout":"default_layout","footnotes":""},"categories":[4,46],"tags":[25,24,17,23,18],"class_list":["post-284","post","type-post","status-publish","format-standard","has-post-thumbnail","hentry","category-infantil","category-teatro","tag-a-casa-magica-da-gabby","tag-feira-de-santana","tag-infantil","tag-teatro","tag-teatro-infantil"],"rttpg_featured_image_url":{"full":["https:\/\/boracultura.com.br\/wp-content\/uploads\/2026\/01\/A-Casa-Magica-da-Gabby-1-1-e1767916274818.jpeg",768,344,false],"landscape":["https:\/\/boracultura.com.br\/wp-content\/uploads\/2026\/01\/A-Casa-Magica-da-Gabby-1-1-e1767916274818.jpeg",768,344,false],"portraits":["https:\/\/boracultura.com.br\/wp-content\/uploads\/2026\/01\/A-Casa-Magica-da-Gabby-1-1-e1767916274818.jpeg",768,344,false],"thumbnail":["https:\/\/boracultura.com.br\/wp-content\/uploads\/2026\/01\/A-Casa-Magica-da-Gabby-1-1-e1767916274818-150x150.jpeg",150,150,true],"medium":["https:\/\/boracultura.com.br\/wp-content\/uploads\/2026\/01\/A-Casa-Magica-da-Gabby-1-1-e1767916274818-300x134.jpeg",300,134,true],"large":["https:\/\/boracultura.com.br\/wp-content\/uploads\/2026\/01\/A-Casa-Magica-da-Gabby-1-1-1024x578.jpeg",800,452,true],"1536x1536":["https:\/\/boracultura.com.br\/wp-content\/uploads\/2026\/01\/A-Casa-Magica-da-Gabby-1-1-e1767916274818.jpeg",768,344,false],"2048x2048":["https:\/\/boracultura.com.br\/wp-content\/uploads\/2026\/01\/A-Casa-Magica-da-Gabby-1-1-e1767916274818.jpeg",768,344,false],"colormag-highlighted-post":["https:\/\/boracultura.com.br\/wp-content\/uploads\/2026\/01\/A-Casa-Magica-da-Gabby-1-1-e1767916274818-392x272.jpeg",392,272,true],"colormag-featured-post-medium":["https:\/\/boracultura.com.br\/wp-content\/uploads\/2026\/01\/A-Casa-Magica-da-Gabby-1-1-e1767916274818-390x205.jpeg",390,205,true],"colormag-featured-post-small":["https:\/\/boracultura.com.br\/wp-content\/uploads\/2026\/01\/A-Casa-Magica-da-Gabby-1-1-e1767916274818-130x90.jpeg",130,90,true],"colormag-featured-image":["https:\/\/boracultura.com.br\/wp-content\/uploads\/2026\/01\/A-Casa-Magica-da-Gabby-1-1-800x445.jpeg",800,445,true],"colormag-default-news":["https:\/\/boracultura.com.br\/wp-content\/uploads\/2026\/01\/A-Casa-Magica-da-Gabby-1-1-e1767916274818-150x150.jpeg",150,150,true],"colormag-featured-image-large":["https:\/\/boracultura.com.br\/wp-content\/uploads\/2026\/01\/A-Casa-Magica-da-Gabby-1-1-1280x600.jpeg",1280,600,true],"colormag-elementor-block-extra-large-thumbnail":["https:\/\/boracultura.com.br\/wp-content\/uploads\/2026\/01\/A-Casa-Magica-da-Gabby-1-1-1155x480.jpeg",1155,480,true],"colormag-elementor-grid-large-thumbnail":["https:\/\/boracultura.com.br\/wp-content\/uploads\/2026\/01\/A-Casa-Magica-da-Gabby-1-1-e1767916274818-600x344.jpeg",600,344,true],"colormag-elementor-grid-small-thumbnail":["https:\/\/boracultura.com.br\/wp-content\/uploads\/2026\/01\/A-Casa-Magica-da-Gabby-1-1-e1767916274818-285x344.jpeg",285,344,true],"colormag-elementor-grid-medium-large-thumbnail":["https:\/\/boracultura.com.br\/wp-content\/uploads\/2026\/01\/A-Casa-Magica-da-Gabby-1-1-e1767916274818-575x198.jpeg",575,198,true],"psacp-medium":["https:\/\/boracultura.com.br\/wp-content\/uploads\/2026\/01\/A-Casa-Magica-da-Gabby-1-1-e1767916274818.jpeg",500,224,false]},"rttpg_author":{"display_name":"boracultura@gmail.com","author_link":"https:\/\/boracultura.com.br\/index.php\/author\/boraculturagmail-com\/"},"rttpg_comment":0,"rttpg_category":"<a href=\"https:\/\/boracultura.com.br\/index.php\/category\/infantil\/\" rel=\"category tag\">Infantil<\/a> <a href=\"https:\/\/boracultura.com.br\/index.php\/category\/noticias\/teatro\/\" rel=\"category tag\">Teatro<\/a>","rttpg_excerpt":"As apresenta\u00e7\u00f5es acontecem no dia 28 de fevereiro (s\u00e1bado), \u00e0s\u00a015h e 17h, no\u00a0Teatro da CDL. Ingressos de 40 a 80 reais com vendas no Sympla.","_links":{"self":[{"href":"https:\/\/boracultura.com.br\/index.php\/wp-json\/wp\/v2\/posts\/284","targetHints":{"allow":["GET"]}}],"collection":[{"href":"https:\/\/boracultura.com.br\/index.php\/wp-json\/wp\/v2\/posts"}],"about":[{"href":"https:\/\/boracultura.com.br\/index.php\/wp-json\/wp\/v2\/types\/post"}],"author":[{"embeddable":true,"href":"https:\/\/boracultura.com.br\/index.php\/wp-json\/wp\/v2\/users\/1"}],"replies":[{"embeddable":true,"href":"https:\/\/boracultura.com.br\/index.php\/wp-json\/wp\/v2\/comments?post=284"}],"version-history":[{"count":1,"href":"https:\/\/boracultura.com.br\/index.php\/wp-json\/wp\/v2\/posts\/284\/revisions"}],"predecessor-version":[{"id":286,"href":"https:\/\/boracultura.com.br\/index.php\/wp-json\/wp\/v2\/posts\/284\/revisions\/286"}],"wp:featuredmedia":[{"embeddable":true,"href":"https:\/\/boracultura.com.br\/index.php\/wp-json\/wp\/v2\/media\/288"}],"wp:attachment":[{"href":"https:\/\/boracultura.com.br\/index.php\/wp-json\/wp\/v2\/media?parent=284"}],"wp:term":[{"taxonomy":"category","embeddable":true,"href":"https:\/\/boracultura.com.br\/index.php\/wp-json\/wp\/v2\/categories?post=284"},{"taxonomy":"post_tag","embeddable":true,"href":"https:\/\/boracultura.com.br\/index.php\/wp-json\/wp\/v2\/tags?post=284"}],"curies":[{"name":"wp","href":"https:\/\/api.w.org\/{rel}","templated":true}]}}