{"id":292,"date":"2026-01-08T21:17:56","date_gmt":"2026-01-09T00:17:56","guid":{"rendered":"http:\/\/boracultura.com.br\/?p=292"},"modified":"2026-01-08T21:17:58","modified_gmt":"2026-01-09T00:17:58","slug":"edital-mobilidade-cultural-2025-2026-vai-apoiar-circulacao-de-artistas-e-acoes-formativas-na-bahia","status":"publish","type":"post","link":"https:\/\/boracultura.com.br\/index.php\/2026\/01\/08\/edital-mobilidade-cultural-2025-2026-vai-apoiar-circulacao-de-artistas-e-acoes-formativas-na-bahia\/","title":{"rendered":"Edital Mobilidade Cultural 2025\/2026 vai apoiar circula\u00e7\u00e3o de artistas e a\u00e7\u00f5es formativas na Bahia"},"content":{"rendered":"\n<p id=\"E305\"><strong>Edital Mobilidade Cultural 2025\/2026 vai apoiar circula\u00e7\u00e3o de artistas e a\u00e7\u00f5es formativas na Bahia<\/strong><\/p>\n\n\n\n<p id=\"E307\">Circular \u00e9 existir. Levar a arte para outros territ\u00f3rios, trocar experi\u00eancias, ampliar p\u00fablicos e fortalecer trajet\u00f3rias faz parte do fazer cultural. <strong>Bora circular a cultura baiana?<\/strong><\/p>\n\n\n\n<p id=\"E310\">A <strong>Secretaria de Cultura do Estado da Bahia (<\/strong><strong>Secult<\/strong><strong>-BA)<\/strong> lan\u00e7ou o <strong>Edital Mobilidade Cultural 2025\/2026<\/strong>, que vai destinar <strong>R$ 5 milh\u00f5es<\/strong> para apoiar a circula\u00e7\u00e3o de artistas, grupos e agentes culturais, al\u00e9m de a\u00e7\u00f5es de <strong>forma\u00e7\u00e3o e interc\u00e2mbio cultural<\/strong> dentro e fora do estado.<\/p>\n\n\n\n<p id=\"E324\">A iniciativa integra a pol\u00edtica p\u00fablica de fortalecimento da cultura baiana e busca garantir que artistas e fazedores de cultura tenham condi\u00e7\u00f5es de acessar outros territ\u00f3rios, festivais, eventos, resid\u00eancias e processos formativos.<\/p>\n\n\n\n<p id=\"E326\"><strong>O que o edital prop\u00f5e<\/strong><br>O Edital Mobilidade Cultural tem como foco o apoio financeiro a projetos que envolvam:<br>&#8211; Circula\u00e7\u00e3o de artistas, grupos e coletivos culturais<br>&#8211; Participa\u00e7\u00e3o em eventos, mostras, festivais e interc\u00e2mbios<br>&#8211; A\u00e7\u00f5es formativas e de qualifica\u00e7\u00e3o cultural<br>&#8211; Trocas culturais entre diferentes territ\u00f3rios<\/p>\n\n\n\n<p id=\"E338\">A proposta \u00e9 ampliar o alcance da produ\u00e7\u00e3o cultural baiana, fortalecendo redes, trajet\u00f3rias e oportunidades no campo da cultura.<\/p>\n\n\n\n<p id=\"E340\"><strong>Quem pode se inscrever<\/strong><br>O edital \u00e9 voltado para <strong>artistas, produtores, grupos, coletivos e agentes culturais<\/strong>, de diferentes linguagens art\u00edsticas, que desenvolvam atividades no estado da Bahia.<\/p>\n\n\n\n<p id=\"E347\">Os crit\u00e9rios de participa\u00e7\u00e3o, categorias, valores de apoio, prazos e documenta\u00e7\u00e3o exigida est\u00e3o detalhados no <strong>edital completo<\/strong>, dispon\u00edvel no site oficial da Secult-BA (<a href=\"https:\/\/www.cultura.ba.gov.br\/\">https:\/\/www.cultura.ba.gov.br<\/a>).<\/p>\n\n\n\n<p id=\"E355\"><strong>Por que esse edital \u00e9 importante<\/strong><br>A mobilidade cultural \u00e9 uma das grandes dificuldades enfrentadas por quem faz cultura. Circular custa. E sem apoio p\u00fablico, muitas oportunidades ficam pelo caminho.<\/p>\n\n\n\n<p id=\"E359\">Editais como esse:<br>&#8211; Fortalecem trajet\u00f3rias art\u00edsticas<br>&#8211; Ampliam o acesso da popula\u00e7\u00e3o \u00e0 diversidade cultural<br>&#8211; Garantem presen\u00e7a da cultura baiana em outros territ\u00f3rios<br>&#8211; Estimulam forma\u00e7\u00e3o e interc\u00e2mbio de saberes<\/p>\n\n\n\n<p id=\"E369\">Aqui no <strong>Bora Cultura<\/strong>, a gente acredita que informa\u00e7\u00e3o tamb\u00e9m \u00e9 ferramenta de acesso. Se o edital existe, <strong>bora divulgar, bora acessar e bora se inscrever<\/strong>.<\/p>\n\n\n\n<p id=\"E375\">Bora circular. Bora ocupar outros territ\u00f3rios.<br>Bora movimentar a cultura baiana.<br><br><em>Foto: Divulga\u00e7\u00e3o\/ Secult-BA<\/em><\/p>\n","protected":false},"excerpt":{"rendered":"<p>Edital Mobilidade Cultural 2025\/2026 vai apoiar circula\u00e7\u00e3o de artistas e a\u00e7\u00f5es formativas na Bahia Circular \u00e9 existir. Levar a arte<\/p>\n","protected":false},"author":1,"featured_media":295,"comment_status":"open","ping_status":"open","sticky":false,"template":"","format":"standard","meta":{"colormag_page_container_layout":"default_layout","colormag_page_sidebar_layout":"default_layout","footnotes":""},"categories":[6],"tags":[35,36,38,34,37],"class_list":["post-292","post","type-post","status-publish","format-standard","has-post-thumbnail","hentry","category-editais","tag-bahia","tag-cultura","tag-editais-culturais","tag-edital","tag-mobilidade"],"rttpg_featured_image_url":{"full":["https:\/\/boracultura.com.br\/wp-content\/uploads\/2026\/01\/05-Studio-de-Danca-Eliana-Fonseca_Divulgacao-Mobilidade.jpeg",1600,905,false],"landscape":["https:\/\/boracultura.com.br\/wp-content\/uploads\/2026\/01\/05-Studio-de-Danca-Eliana-Fonseca_Divulgacao-Mobilidade.jpeg",1600,905,false],"portraits":["https:\/\/boracultura.com.br\/wp-content\/uploads\/2026\/01\/05-Studio-de-Danca-Eliana-Fonseca_Divulgacao-Mobilidade.jpeg",1600,905,false],"thumbnail":["https:\/\/boracultura.com.br\/wp-content\/uploads\/2026\/01\/05-Studio-de-Danca-Eliana-Fonseca_Divulgacao-Mobilidade-150x150.jpeg",150,150,true],"medium":["https:\/\/boracultura.com.br\/wp-content\/uploads\/2026\/01\/05-Studio-de-Danca-Eliana-Fonseca_Divulgacao-Mobilidade-300x170.jpeg",300,170,true],"large":["https:\/\/boracultura.com.br\/wp-content\/uploads\/2026\/01\/05-Studio-de-Danca-Eliana-Fonseca_Divulgacao-Mobilidade-1024x579.jpeg",800,452,true],"1536x1536":["https:\/\/boracultura.com.br\/wp-content\/uploads\/2026\/01\/05-Studio-de-Danca-Eliana-Fonseca_Divulgacao-Mobilidade-1536x869.jpeg",1536,869,true],"2048x2048":["https:\/\/boracultura.com.br\/wp-content\/uploads\/2026\/01\/05-Studio-de-Danca-Eliana-Fonseca_Divulgacao-Mobilidade.jpeg",1600,905,false],"colormag-highlighted-post":["https:\/\/boracultura.com.br\/wp-content\/uploads\/2026\/01\/05-Studio-de-Danca-Eliana-Fonseca_Divulgacao-Mobilidade-392x272.jpeg",392,272,true],"colormag-featured-post-medium":["https:\/\/boracultura.com.br\/wp-content\/uploads\/2026\/01\/05-Studio-de-Danca-Eliana-Fonseca_Divulgacao-Mobilidade-390x205.jpeg",390,205,true],"colormag-featured-post-small":["https:\/\/boracultura.com.br\/wp-content\/uploads\/2026\/01\/05-Studio-de-Danca-Eliana-Fonseca_Divulgacao-Mobilidade-130x90.jpeg",130,90,true],"colormag-featured-image":["https:\/\/boracultura.com.br\/wp-content\/uploads\/2026\/01\/05-Studio-de-Danca-Eliana-Fonseca_Divulgacao-Mobilidade-800x445.jpeg",800,445,true],"colormag-default-news":["https:\/\/boracultura.com.br\/wp-content\/uploads\/2026\/01\/05-Studio-de-Danca-Eliana-Fonseca_Divulgacao-Mobilidade-150x150.jpeg",150,150,true],"colormag-featured-image-large":["https:\/\/boracultura.com.br\/wp-content\/uploads\/2026\/01\/05-Studio-de-Danca-Eliana-Fonseca_Divulgacao-Mobilidade-1400x600.jpeg",1400,600,true],"colormag-elementor-block-extra-large-thumbnail":["https:\/\/boracultura.com.br\/wp-content\/uploads\/2026\/01\/05-Studio-de-Danca-Eliana-Fonseca_Divulgacao-Mobilidade-1155x480.jpeg",1155,480,true],"colormag-elementor-grid-large-thumbnail":["https:\/\/boracultura.com.br\/wp-content\/uploads\/2026\/01\/05-Studio-de-Danca-Eliana-Fonseca_Divulgacao-Mobilidade-600x417.jpeg",600,417,true],"colormag-elementor-grid-small-thumbnail":["https:\/\/boracultura.com.br\/wp-content\/uploads\/2026\/01\/05-Studio-de-Danca-Eliana-Fonseca_Divulgacao-Mobilidade-285x450.jpeg",285,450,true],"colormag-elementor-grid-medium-large-thumbnail":["https:\/\/boracultura.com.br\/wp-content\/uploads\/2026\/01\/05-Studio-de-Danca-Eliana-Fonseca_Divulgacao-Mobilidade-575x198.jpeg",575,198,true],"psacp-medium":["https:\/\/boracultura.com.br\/wp-content\/uploads\/2026\/01\/05-Studio-de-Danca-Eliana-Fonseca_Divulgacao-Mobilidade.jpeg",500,283,false]},"rttpg_author":{"display_name":"boracultura@gmail.com","author_link":"https:\/\/boracultura.com.br\/index.php\/author\/boraculturagmail-com\/"},"rttpg_comment":0,"rttpg_category":"<a href=\"https:\/\/boracultura.com.br\/index.php\/category\/editais\/\" rel=\"category tag\">Editais<\/a>","rttpg_excerpt":"Edital Mobilidade Cultural 2025\/2026 vai apoiar circula\u00e7\u00e3o de artistas e a\u00e7\u00f5es formativas na Bahia Circular \u00e9 existir. Levar a arte","_links":{"self":[{"href":"https:\/\/boracultura.com.br\/index.php\/wp-json\/wp\/v2\/posts\/292","targetHints":{"allow":["GET"]}}],"collection":[{"href":"https:\/\/boracultura.com.br\/index.php\/wp-json\/wp\/v2\/posts"}],"about":[{"href":"https:\/\/boracultura.com.br\/index.php\/wp-json\/wp\/v2\/types\/post"}],"author":[{"embeddable":true,"href":"https:\/\/boracultura.com.br\/index.php\/wp-json\/wp\/v2\/users\/1"}],"replies":[{"embeddable":true,"href":"https:\/\/boracultura.com.br\/index.php\/wp-json\/wp\/v2\/comments?post=292"}],"version-history":[{"count":1,"href":"https:\/\/boracultura.com.br\/index.php\/wp-json\/wp\/v2\/posts\/292\/revisions"}],"predecessor-version":[{"id":296,"href":"https:\/\/boracultura.com.br\/index.php\/wp-json\/wp\/v2\/posts\/292\/revisions\/296"}],"wp:featuredmedia":[{"embeddable":true,"href":"https:\/\/boracultura.com.br\/index.php\/wp-json\/wp\/v2\/media\/295"}],"wp:attachment":[{"href":"https:\/\/boracultura.com.br\/index.php\/wp-json\/wp\/v2\/media?parent=292"}],"wp:term":[{"taxonomy":"category","embeddable":true,"href":"https:\/\/boracultura.com.br\/index.php\/wp-json\/wp\/v2\/categories?post=292"},{"taxonomy":"post_tag","embeddable":true,"href":"https:\/\/boracultura.com.br\/index.php\/wp-json\/wp\/v2\/tags?post=292"}],"curies":[{"name":"wp","href":"https:\/\/api.w.org\/{rel}","templated":true}]}}