{"id":3035,"date":"2026-04-24T09:16:40","date_gmt":"2026-04-24T12:16:40","guid":{"rendered":"https:\/\/boracultura.com.br\/?p=3035"},"modified":"2026-04-24T09:16:46","modified_gmt":"2026-04-24T12:16:46","slug":"escritora-luso-brasileira-van-amorim-lanca-novo-livro-em-salvador-no-dia-09-de-maio","status":"publish","type":"post","link":"https:\/\/boracultura.com.br\/index.php\/2026\/04\/24\/escritora-luso-brasileira-van-amorim-lanca-novo-livro-em-salvador-no-dia-09-de-maio\/","title":{"rendered":"Escritora luso-brasileira Van Amorim lan\u00e7a novo livro em Salvador no dia 09 de maio"},"content":{"rendered":"\n<p>A escritora baiana Van Amorim retorna \u00e0 sua terra natal para o lan\u00e7amento de seu novo livro, <strong>O C\u00f3digo da Sabedoria<\/strong>, no dia 09 de maio (s\u00e1bado). O evento acontece na Livraria LDM do Shopping Bela Vista, \u00e0s 18h, e faz parte de uma turn\u00ea internacional que percorrer\u00e1 18 pa\u00edses. A obra narra o misterioso sequestro de Dark Costello, um jovem perif\u00e9rico que precisa desvendar um c\u00f3digo ap\u00f3s encontrar um amuleto enigm\u00e1tico.<br><br>A narrativa mistura fic\u00e7\u00e3o com elementos reais, inspirados em um sequestro vivido pela pr\u00f3pria autora na inf\u00e2ncia. Van Amorim, que \u00e9 uma mulher trans, negra, autista e perif\u00e9rica, destaca a import\u00e2ncia da representatividade na obra, ambientada em bairros como \u00c1guas Claras e Cajazeiras. O lan\u00e7amento, que ocorre na v\u00e9spera do Dia das M\u00e3es, \u00e9 tamb\u00e9m uma homenagem \u00e0 sua m\u00e3e, protagonista da hist\u00f3ria na vida real e na fic\u00e7\u00e3o. O evento em Salvador contar\u00e1 com um bate-papo mediado por Bruno Santana e a entrada \u00e9 gratuita.<br><br>\u200b<strong>SERVI\u00c7O<br><\/strong>\u200bO qu\u00ea: Lan\u00e7amento do livro &#8220;O C\u00f3digo da Sabedoria&#8221;, de Van Amorim<br>Quando: 09 de maio (s\u00e1bado), \u00e0s 18h<br>Onde: Livraria LDM \u2013 Shopping Bela Vista, Salvador-BA<br>Quanto: Entrada gratuita (com bate-papo mediado por Bruno Santana)<\/p>\n\n\n\n<figure class=\"wp-block-image aligncenter size-large is-resized\"><img fetchpriority=\"high\" decoding=\"async\" width=\"1024\" height=\"572\" src=\"https:\/\/boracultura.com.br\/wp-content\/uploads\/2026\/04\/1777032618827-1024x572.png\" alt=\"\" class=\"wp-image-3036\" style=\"aspect-ratio:1.7902756818432772;width:491px;height:auto\" srcset=\"https:\/\/boracultura.com.br\/wp-content\/uploads\/2026\/04\/1777032618827-1024x572.png 1024w, https:\/\/boracultura.com.br\/wp-content\/uploads\/2026\/04\/1777032618827-300x167.png 300w, https:\/\/boracultura.com.br\/wp-content\/uploads\/2026\/04\/1777032618827-768x429.png 768w, https:\/\/boracultura.com.br\/wp-content\/uploads\/2026\/04\/1777032618827.png 1376w\" sizes=\"(max-width: 1024px) 100vw, 1024px\" \/><figcaption class=\"wp-element-caption\">Foto da capa adaptada por IA.<\/figcaption><\/figure>\n\n\n\n<p><\/p>\n","protected":false},"excerpt":{"rendered":"<p>A escritora Van Amorim lan\u00e7a o livro O C\u00f3digo da Sabedoria em Salvador no dia 09 de maio, na Livraria LDM. A obra traz suspense e representatividade inspirados em fatos reais.<\/p>\n","protected":false},"author":1,"featured_media":3037,"comment_status":"open","ping_status":"open","sticky":false,"template":"","format":"standard","meta":{"colormag_page_container_layout":"default_layout","colormag_page_sidebar_layout":"default_layout","footnotes":""},"categories":[105],"tags":[1226,314,1771,1770],"class_list":["post-3035","post","type-post","status-publish","format-standard","has-post-thumbnail","hentry","category-literatura","tag-lancamento-de-livro","tag-literatura-baiana","tag-o-codigo-da-sabedoria","tag-van-amorim"],"rttpg_featured_image_url":{"full":["https:\/\/boracultura.com.br\/wp-content\/uploads\/2026\/04\/17770328362586068378780537929391.jpg",1066,620,false],"landscape":["https:\/\/boracultura.com.br\/wp-content\/uploads\/2026\/04\/17770328362586068378780537929391.jpg",1066,620,false],"portraits":["https:\/\/boracultura.com.br\/wp-content\/uploads\/2026\/04\/17770328362586068378780537929391.jpg",1066,620,false],"thumbnail":["https:\/\/boracultura.com.br\/wp-content\/uploads\/2026\/04\/17770328362586068378780537929391-150x150.jpg",150,150,true],"medium":["https:\/\/boracultura.com.br\/wp-content\/uploads\/2026\/04\/17770328362586068378780537929391-300x174.jpg",300,174,true],"large":["https:\/\/boracultura.com.br\/wp-content\/uploads\/2026\/04\/17770328362586068378780537929391-1024x596.jpg",800,466,true],"1536x1536":["https:\/\/boracultura.com.br\/wp-content\/uploads\/2026\/04\/17770328362586068378780537929391.jpg",1066,620,false],"2048x2048":["https:\/\/boracultura.com.br\/wp-content\/uploads\/2026\/04\/17770328362586068378780537929391.jpg",1066,620,false],"colormag-highlighted-post":["https:\/\/boracultura.com.br\/wp-content\/uploads\/2026\/04\/17770328362586068378780537929391-392x272.jpg",392,272,true],"colormag-featured-post-medium":["https:\/\/boracultura.com.br\/wp-content\/uploads\/2026\/04\/17770328362586068378780537929391-390x205.jpg",390,205,true],"colormag-featured-post-small":["https:\/\/boracultura.com.br\/wp-content\/uploads\/2026\/04\/17770328362586068378780537929391-130x90.jpg",130,90,true],"colormag-featured-image":["https:\/\/boracultura.com.br\/wp-content\/uploads\/2026\/04\/17770328362586068378780537929391-800x445.jpg",800,445,true],"colormag-default-news":["https:\/\/boracultura.com.br\/wp-content\/uploads\/2026\/04\/17770328362586068378780537929391-150x150.jpg",150,150,true],"colormag-featured-image-large":["https:\/\/boracultura.com.br\/wp-content\/uploads\/2026\/04\/17770328362586068378780537929391-1066x600.jpg",1066,600,true],"colormag-elementor-block-extra-large-thumbnail":["https:\/\/boracultura.com.br\/wp-content\/uploads\/2026\/04\/17770328362586068378780537929391-1066x480.jpg",1066,480,true],"colormag-elementor-grid-large-thumbnail":["https:\/\/boracultura.com.br\/wp-content\/uploads\/2026\/04\/17770328362586068378780537929391-600x417.jpg",600,417,true],"colormag-elementor-grid-small-thumbnail":["https:\/\/boracultura.com.br\/wp-content\/uploads\/2026\/04\/17770328362586068378780537929391-285x450.jpg",285,450,true],"colormag-elementor-grid-medium-large-thumbnail":["https:\/\/boracultura.com.br\/wp-content\/uploads\/2026\/04\/17770328362586068378780537929391-575x198.jpg",575,198,true],"psacp-medium":["https:\/\/boracultura.com.br\/wp-content\/uploads\/2026\/04\/17770328362586068378780537929391-500x500.jpg",500,500,true]},"rttpg_author":{"display_name":"boracultura@gmail.com","author_link":"https:\/\/boracultura.com.br\/index.php\/author\/boraculturagmail-com\/"},"rttpg_comment":0,"rttpg_category":"<a href=\"https:\/\/boracultura.com.br\/index.php\/category\/noticias\/literatura\/\" rel=\"category tag\">Literatura<\/a>","rttpg_excerpt":"A escritora Van Amorim lan\u00e7a o livro O C\u00f3digo da Sabedoria em Salvador no dia 09 de maio, na Livraria LDM. A obra traz suspense e representatividade inspirados em fatos reais.","_links":{"self":[{"href":"https:\/\/boracultura.com.br\/index.php\/wp-json\/wp\/v2\/posts\/3035","targetHints":{"allow":["GET"]}}],"collection":[{"href":"https:\/\/boracultura.com.br\/index.php\/wp-json\/wp\/v2\/posts"}],"about":[{"href":"https:\/\/boracultura.com.br\/index.php\/wp-json\/wp\/v2\/types\/post"}],"author":[{"embeddable":true,"href":"https:\/\/boracultura.com.br\/index.php\/wp-json\/wp\/v2\/users\/1"}],"replies":[{"embeddable":true,"href":"https:\/\/boracultura.com.br\/index.php\/wp-json\/wp\/v2\/comments?post=3035"}],"version-history":[{"count":2,"href":"https:\/\/boracultura.com.br\/index.php\/wp-json\/wp\/v2\/posts\/3035\/revisions"}],"predecessor-version":[{"id":3039,"href":"https:\/\/boracultura.com.br\/index.php\/wp-json\/wp\/v2\/posts\/3035\/revisions\/3039"}],"wp:featuredmedia":[{"embeddable":true,"href":"https:\/\/boracultura.com.br\/index.php\/wp-json\/wp\/v2\/media\/3037"}],"wp:attachment":[{"href":"https:\/\/boracultura.com.br\/index.php\/wp-json\/wp\/v2\/media?parent=3035"}],"wp:term":[{"taxonomy":"category","embeddable":true,"href":"https:\/\/boracultura.com.br\/index.php\/wp-json\/wp\/v2\/categories?post=3035"},{"taxonomy":"post_tag","embeddable":true,"href":"https:\/\/boracultura.com.br\/index.php\/wp-json\/wp\/v2\/tags?post=3035"}],"curies":[{"name":"wp","href":"https:\/\/api.w.org\/{rel}","templated":true}]}}