{"id":3051,"date":"2026-04-25T13:06:29","date_gmt":"2026-04-25T16:06:29","guid":{"rendered":"https:\/\/boracultura.com.br\/?p=3051"},"modified":"2026-04-25T13:06:33","modified_gmt":"2026-04-25T16:06:33","slug":"arena-brasil-copa-do-mundo-com-shows-e-estrutura-de-festival-no-centro-de-convencoes-de-salvador","status":"publish","type":"post","link":"https:\/\/boracultura.com.br\/index.php\/2026\/04\/25\/arena-brasil-copa-do-mundo-com-shows-e-estrutura-de-festival-no-centro-de-convencoes-de-salvador\/","title":{"rendered":"Arena Brasil: Copa do Mundo com Shows e Estrutura de Festival no Centro de Conven\u00e7\u00f5es de Salvador"},"content":{"rendered":"\n<p>Salvador vai ganhar um espa\u00e7o dedicado a transformar cada jogo da Sele\u00e7\u00e3o Brasileira na Copa do Mundo em uma grande festa. A Arena Brasil chega ao Centro de Conven\u00e7\u00f5es, no Boca do Rio, combinando transmiss\u00e3o dos jogos com shows ao vivo, estrutura de festival e o clima caracter\u00edstico do futebol baiano.<\/p>\n\n\n\n<p>O espa\u00e7o ser\u00e1 montado com tel\u00f5es, sistema de som e ilumina\u00e7\u00e3o de LED, al\u00e9m de pra\u00e7a de alimenta\u00e7\u00e3o com fast food variado e bares distribu\u00eddos pelo complexo. A proposta \u00e9 oferecer conforto e infraestrutura de alto padr\u00e3o para a torcida acompanhar os tr\u00eas jogos do Brasil na fase de grupos.<\/p>\n\n\n\n<p>O line-up musical vem carregado de nomes da cena baiana e nacional: Timbalada, Filhos de Jorge, Tomate, Larissa Fagundes, Saulo, Thiaguinho, Uel, Diggo, Danniel Vieira, Pedro Gabriel, Representa Samba, Peixe, Mika, entre outros. A programa\u00e7\u00e3o confirma que a experi\u00eancia vai muito al\u00e9m das quatro linhas.<\/p>\n\n\n\n<p>A pr\u00e9-venda j\u00e1 esgotou, sinalizando alta demanda para a abertura da venda geral, prevista para as 15h, pelo Sympla. O evento \u00e9 uma realiza\u00e7\u00e3o conjunta das produtoras Oquei Entretenimento, NA Entretenimento, AMB, 2GB e Salvador Produ\u00e7\u00f5es.<\/p>\n\n\n\n<hr class=\"wp-block-separator has-alpha-channel-opacity\"\/>\n\n\n\n<p><strong>Servi\u00e7o<\/strong><\/p>\n\n\n\n<p><strong>Arena Brasil<\/strong><br>\ud83d\udccd Centro de Conven\u00e7\u00f5es de Salvador \u2013 Boca do Rio<\/p>\n\n\n\n<p><strong>Datas e jogos:<\/strong><\/p>\n\n\n\n<ul class=\"wp-block-list\">\n<li>13 de junho \u2013 Brasil x Marrocos, \u00e0s 19h<\/li>\n\n\n\n<li>19 de junho \u2013 Brasil x Haiti, \u00e0s 21h30<\/li>\n\n\n\n<li>24 de junho \u2013 Brasil x Esc\u00f3cia, \u00e0s 19h<\/li>\n<\/ul>\n\n\n\n<p><strong>Atra\u00e7\u00f5es:<\/strong> Timbalada, Filhos de Jorge, Tomate, Larissa Fagundes, Saulo, Thiaguinho, Uel, Diggo, Danniel Vieira, Pedro Gabriel, Representa Samba, Peixe, Mika e mais<\/p>\n\n\n\n<p><strong>Ingressos:<\/strong> sympla.com.br (vendas a partir das 15h)<br><strong>Informa\u00e7\u00f5es:<\/strong> @arenabrasilssa<\/p>\n\n\n\n<p><em>Os port\u00f5es abrem duas horas antes de cada jogo.<\/em><\/p>\n\n\n\n<p><\/p>\n","protected":false},"excerpt":{"rendered":"<p>Arena Brasil transforma o Centro de Conven\u00e7\u00f5es de Salvador em palco de Copa do Mundo com shows de Timbalada, Saulo, Thiaguinho e mais. Ingressos no Sympla.<\/p>\n","protected":false},"author":1,"featured_media":3052,"comment_status":"open","ping_status":"open","sticky":false,"template":"","format":"standard","meta":{"colormag_page_container_layout":"default_layout","colormag_page_sidebar_layout":"default_layout","footnotes":""},"categories":[45],"tags":[1782,1468,1783,1785,1784],"class_list":["post-3051","post","type-post","status-publish","format-standard","has-post-thumbnail","hentry","category-musica","tag-arena-brasil","tag-centro-de-convencoes-salvador","tag-copa-do-mundo-salvador","tag-selecao-brasileira","tag-shows-salvador-2026"],"rttpg_featured_image_url":{"full":["https:\/\/boracultura.com.br\/wp-content\/uploads\/2026\/04\/InShot_20260425_130514989-scaled.jpg",2560,1441,false],"landscape":["https:\/\/boracultura.com.br\/wp-content\/uploads\/2026\/04\/InShot_20260425_130514989-scaled.jpg",2560,1441,false],"portraits":["https:\/\/boracultura.com.br\/wp-content\/uploads\/2026\/04\/InShot_20260425_130514989-scaled.jpg",2560,1441,false],"thumbnail":["https:\/\/boracultura.com.br\/wp-content\/uploads\/2026\/04\/InShot_20260425_130514989-150x150.jpg",150,150,true],"medium":["https:\/\/boracultura.com.br\/wp-content\/uploads\/2026\/04\/InShot_20260425_130514989-300x169.jpg",300,169,true],"large":["https:\/\/boracultura.com.br\/wp-content\/uploads\/2026\/04\/InShot_20260425_130514989-1024x576.jpg",800,450,true],"1536x1536":["https:\/\/boracultura.com.br\/wp-content\/uploads\/2026\/04\/InShot_20260425_130514989-1536x864.jpg",1536,864,true],"2048x2048":["https:\/\/boracultura.com.br\/wp-content\/uploads\/2026\/04\/InShot_20260425_130514989-2048x1152.jpg",2048,1152,true],"colormag-highlighted-post":["https:\/\/boracultura.com.br\/wp-content\/uploads\/2026\/04\/InShot_20260425_130514989-392x272.jpg",392,272,true],"colormag-featured-post-medium":["https:\/\/boracultura.com.br\/wp-content\/uploads\/2026\/04\/InShot_20260425_130514989-390x205.jpg",390,205,true],"colormag-featured-post-small":["https:\/\/boracultura.com.br\/wp-content\/uploads\/2026\/04\/InShot_20260425_130514989-130x90.jpg",130,90,true],"colormag-featured-image":["https:\/\/boracultura.com.br\/wp-content\/uploads\/2026\/04\/InShot_20260425_130514989-800x445.jpg",800,445,true],"colormag-default-news":["https:\/\/boracultura.com.br\/wp-content\/uploads\/2026\/04\/InShot_20260425_130514989-150x150.jpg",150,150,true],"colormag-featured-image-large":["https:\/\/boracultura.com.br\/wp-content\/uploads\/2026\/04\/InShot_20260425_130514989-1400x600.jpg",1400,600,true],"colormag-elementor-block-extra-large-thumbnail":["https:\/\/boracultura.com.br\/wp-content\/uploads\/2026\/04\/InShot_20260425_130514989-1155x480.jpg",1155,480,true],"colormag-elementor-grid-large-thumbnail":["https:\/\/boracultura.com.br\/wp-content\/uploads\/2026\/04\/InShot_20260425_130514989-600x417.jpg",600,417,true],"colormag-elementor-grid-small-thumbnail":["https:\/\/boracultura.com.br\/wp-content\/uploads\/2026\/04\/InShot_20260425_130514989-285x450.jpg",285,450,true],"colormag-elementor-grid-medium-large-thumbnail":["https:\/\/boracultura.com.br\/wp-content\/uploads\/2026\/04\/InShot_20260425_130514989-575x198.jpg",575,198,true],"psacp-medium":["https:\/\/boracultura.com.br\/wp-content\/uploads\/2026\/04\/InShot_20260425_130514989-500x500.jpg",500,500,true]},"rttpg_author":{"display_name":"boracultura@gmail.com","author_link":"https:\/\/boracultura.com.br\/index.php\/author\/boraculturagmail-com\/"},"rttpg_comment":0,"rttpg_category":"<a href=\"https:\/\/boracultura.com.br\/index.php\/category\/noticias\/musica\/\" rel=\"category tag\">M\u00fasica<\/a>","rttpg_excerpt":"Arena Brasil transforma o Centro de Conven\u00e7\u00f5es de Salvador em palco de Copa do Mundo com shows de Timbalada, Saulo, Thiaguinho e mais. Ingressos no Sympla.","_links":{"self":[{"href":"https:\/\/boracultura.com.br\/index.php\/wp-json\/wp\/v2\/posts\/3051","targetHints":{"allow":["GET"]}}],"collection":[{"href":"https:\/\/boracultura.com.br\/index.php\/wp-json\/wp\/v2\/posts"}],"about":[{"href":"https:\/\/boracultura.com.br\/index.php\/wp-json\/wp\/v2\/types\/post"}],"author":[{"embeddable":true,"href":"https:\/\/boracultura.com.br\/index.php\/wp-json\/wp\/v2\/users\/1"}],"replies":[{"embeddable":true,"href":"https:\/\/boracultura.com.br\/index.php\/wp-json\/wp\/v2\/comments?post=3051"}],"version-history":[{"count":1,"href":"https:\/\/boracultura.com.br\/index.php\/wp-json\/wp\/v2\/posts\/3051\/revisions"}],"predecessor-version":[{"id":3053,"href":"https:\/\/boracultura.com.br\/index.php\/wp-json\/wp\/v2\/posts\/3051\/revisions\/3053"}],"wp:featuredmedia":[{"embeddable":true,"href":"https:\/\/boracultura.com.br\/index.php\/wp-json\/wp\/v2\/media\/3052"}],"wp:attachment":[{"href":"https:\/\/boracultura.com.br\/index.php\/wp-json\/wp\/v2\/media?parent=3051"}],"wp:term":[{"taxonomy":"category","embeddable":true,"href":"https:\/\/boracultura.com.br\/index.php\/wp-json\/wp\/v2\/categories?post=3051"},{"taxonomy":"post_tag","embeddable":true,"href":"https:\/\/boracultura.com.br\/index.php\/wp-json\/wp\/v2\/tags?post=3051"}],"curies":[{"name":"wp","href":"https:\/\/api.w.org\/{rel}","templated":true}]}}