{"id":3063,"date":"2026-04-25T13:24:06","date_gmt":"2026-04-25T16:24:06","guid":{"rendered":"https:\/\/boracultura.com.br\/?p=3063"},"modified":"2026-04-25T13:26:16","modified_gmt":"2026-04-25T16:26:16","slug":"shopping-barra-e-lightland-promovem-sessao-inclusiva-da-exposicao-a-era-dos-dinossauros-para-criancas-com-autismo","status":"publish","type":"post","link":"https:\/\/boracultura.com.br\/index.php\/2026\/04\/25\/shopping-barra-e-lightland-promovem-sessao-inclusiva-da-exposicao-a-era-dos-dinossauros-para-criancas-com-autismo\/","title":{"rendered":"Shopping Barra e Lightland Promovem Sess\u00e3o Inclusiva da Exposi\u00e7\u00e3o &#8220;A Era dos Dinossauros&#8221; para Crian\u00e7as com Autismo"},"content":{"rendered":"\n<p>O Shopping Barra e a Lightland promoveram, no \u00faltimo dia 22 de abril, uma sess\u00e3o inclusiva da exposi\u00e7\u00e3o imersiva &#8220;A Era dos Dinossauros&#8221; para crian\u00e7as e adolescentes atendidos pelo Centro Estadual de Preven\u00e7\u00e3o e Reabilita\u00e7\u00e3o da Pessoa com Defici\u00eancia (Cepred). A iniciativa integra as a\u00e7\u00f5es do m\u00eas de conscientiza\u00e7\u00e3o do autismo e contou com a presen\u00e7a das fam\u00edlias e acompanhamento de monitores da institui\u00e7\u00e3o, e <strong>os ingressos seguem \u00e0 venda para todo publico.<\/strong><\/p>\n\n\n\n<p>Durante a visita, os participantes percorreram os tr\u00eas per\u00edodos da era dos dinossauros \u2014 Tri\u00e1ssico, Jur\u00e1ssico e Cret\u00e1ceo \u2014 em um circuito que incluiu a Floresta dos Dinossauros, com r\u00e9plicas em escala real dos animais em cen\u00e1rios reconstitu\u00eddos, e a Esta\u00e7\u00e3o F\u00f3ssil, onde o grupo vivenciou uma simula\u00e7\u00e3o de escava\u00e7\u00e3o paleontol\u00f3gica. O ponto alto da experi\u00eancia foi o Atelier de Superproje\u00e7\u00f5es, espet\u00e1culo de sons e imagens que encerra o percurso.<\/p>\n\n\n\n<p>&#8220;Proporcionar esse momento vai al\u00e9m do entretenimento. Trata-se de garantir que espa\u00e7os de cultura e lazer sejam verdadeiramente acess\u00edveis a todos&#8221;, afirmou Karina Brito, gerente de Marketing do Shopping Barra. A a\u00e7\u00e3o refor\u00e7a o compromisso do empreendimento com pr\u00e1ticas de inclus\u00e3o para pessoas com Transtorno do Espectro Autista (TEA).<\/p>\n\n\n\n<p>A exposi\u00e7\u00e3o, realizada pela Lightland em parceria com a Irises Produ\u00e7\u00f5es, ocupa o complexo digital no estacionamento G2 Oeste do Shopping Barra e <strong>segue com ingressos \u00e0 venda.<\/strong><br><br>\ud83d\udd17 www.aeradosdinossauros.com<br><\/p>\n\n\n\n<figure class=\"wp-block-image size-large\"><img fetchpriority=\"high\" decoding=\"async\" width=\"1024\" height=\"576\" src=\"https:\/\/boracultura.com.br\/wp-content\/uploads\/2026\/04\/17771340572098123165373079625078-1024x576.jpg\" alt=\"\" class=\"wp-image-3065\" srcset=\"https:\/\/boracultura.com.br\/wp-content\/uploads\/2026\/04\/17771340572098123165373079625078-1024x576.jpg 1024w, https:\/\/boracultura.com.br\/wp-content\/uploads\/2026\/04\/17771340572098123165373079625078-300x169.jpg 300w, https:\/\/boracultura.com.br\/wp-content\/uploads\/2026\/04\/17771340572098123165373079625078-768x432.jpg 768w, https:\/\/boracultura.com.br\/wp-content\/uploads\/2026\/04\/17771340572098123165373079625078-1536x864.jpg 1536w, https:\/\/boracultura.com.br\/wp-content\/uploads\/2026\/04\/17771340572098123165373079625078.jpg 1600w\" sizes=\"(max-width: 1024px) 100vw, 1024px\" \/><figcaption class=\"wp-element-caption\"><strong>Visita exclusiva para crian\u00e7as e adolescentes do Cepred. Imagens: Paula Barretto.<\/strong><\/figcaption><\/figure>\n\n\n\n<p><\/p>\n","protected":false},"excerpt":{"rendered":"<p>Shopping Barra e Lightland promovem sess\u00e3o inclusiva da exposi\u00e7\u00e3o imersiva &#8220;A Era dos Dinossauros&#8221; para crian\u00e7as e adolescentes com autismo atendidos pelo Cepred, em a\u00e7\u00e3o de inclus\u00e3o social.<\/p>\n","protected":false},"author":1,"featured_media":3064,"comment_status":"open","ping_status":"open","sticky":false,"template":"","format":"standard","meta":{"colormag_page_container_layout":"default_layout","colormag_page_sidebar_layout":"default_layout","footnotes":""},"categories":[10],"tags":[1789,1790,1791,1340,302],"class_list":["post-3063","post","type-post","status-publish","format-standard","has-post-thumbnail","hentry","category-especiais","tag-a-era-dos-dinossauros","tag-autismo-salvador","tag-exposicao-imersiva-salvador","tag-inclusao-social","tag-shopping-barra"],"rttpg_featured_image_url":{"full":["https:\/\/boracultura.com.br\/wp-content\/uploads\/2026\/04\/1777133995793956934363402769239.jpg",1600,900,false],"landscape":["https:\/\/boracultura.com.br\/wp-content\/uploads\/2026\/04\/1777133995793956934363402769239.jpg",1600,900,false],"portraits":["https:\/\/boracultura.com.br\/wp-content\/uploads\/2026\/04\/1777133995793956934363402769239.jpg",1600,900,false],"thumbnail":["https:\/\/boracultura.com.br\/wp-content\/uploads\/2026\/04\/1777133995793956934363402769239-150x150.jpg",150,150,true],"medium":["https:\/\/boracultura.com.br\/wp-content\/uploads\/2026\/04\/1777133995793956934363402769239-300x169.jpg",300,169,true],"large":["https:\/\/boracultura.com.br\/wp-content\/uploads\/2026\/04\/1777133995793956934363402769239-1024x576.jpg",800,450,true],"1536x1536":["https:\/\/boracultura.com.br\/wp-content\/uploads\/2026\/04\/1777133995793956934363402769239-1536x864.jpg",1536,864,true],"2048x2048":["https:\/\/boracultura.com.br\/wp-content\/uploads\/2026\/04\/1777133995793956934363402769239.jpg",1600,900,false],"colormag-highlighted-post":["https:\/\/boracultura.com.br\/wp-content\/uploads\/2026\/04\/1777133995793956934363402769239-392x272.jpg",392,272,true],"colormag-featured-post-medium":["https:\/\/boracultura.com.br\/wp-content\/uploads\/2026\/04\/1777133995793956934363402769239-390x205.jpg",390,205,true],"colormag-featured-post-small":["https:\/\/boracultura.com.br\/wp-content\/uploads\/2026\/04\/1777133995793956934363402769239-130x90.jpg",130,90,true],"colormag-featured-image":["https:\/\/boracultura.com.br\/wp-content\/uploads\/2026\/04\/1777133995793956934363402769239-800x445.jpg",800,445,true],"colormag-default-news":["https:\/\/boracultura.com.br\/wp-content\/uploads\/2026\/04\/1777133995793956934363402769239-150x150.jpg",150,150,true],"colormag-featured-image-large":["https:\/\/boracultura.com.br\/wp-content\/uploads\/2026\/04\/1777133995793956934363402769239-1400x600.jpg",1400,600,true],"colormag-elementor-block-extra-large-thumbnail":["https:\/\/boracultura.com.br\/wp-content\/uploads\/2026\/04\/1777133995793956934363402769239-1155x480.jpg",1155,480,true],"colormag-elementor-grid-large-thumbnail":["https:\/\/boracultura.com.br\/wp-content\/uploads\/2026\/04\/1777133995793956934363402769239-600x417.jpg",600,417,true],"colormag-elementor-grid-small-thumbnail":["https:\/\/boracultura.com.br\/wp-content\/uploads\/2026\/04\/1777133995793956934363402769239-285x450.jpg",285,450,true],"colormag-elementor-grid-medium-large-thumbnail":["https:\/\/boracultura.com.br\/wp-content\/uploads\/2026\/04\/1777133995793956934363402769239-575x198.jpg",575,198,true],"psacp-medium":["https:\/\/boracultura.com.br\/wp-content\/uploads\/2026\/04\/1777133995793956934363402769239-500x500.jpg",500,500,true]},"rttpg_author":{"display_name":"boracultura@gmail.com","author_link":"https:\/\/boracultura.com.br\/index.php\/author\/boraculturagmail-com\/"},"rttpg_comment":0,"rttpg_category":"<a href=\"https:\/\/boracultura.com.br\/index.php\/category\/especiais\/\" rel=\"category tag\">Especiais<\/a>","rttpg_excerpt":"Shopping Barra e Lightland promovem sess\u00e3o inclusiva da exposi\u00e7\u00e3o imersiva \"A Era dos Dinossauros\" para crian\u00e7as e adolescentes com autismo atendidos pelo Cepred, em a\u00e7\u00e3o de inclus\u00e3o social.","_links":{"self":[{"href":"https:\/\/boracultura.com.br\/index.php\/wp-json\/wp\/v2\/posts\/3063","targetHints":{"allow":["GET"]}}],"collection":[{"href":"https:\/\/boracultura.com.br\/index.php\/wp-json\/wp\/v2\/posts"}],"about":[{"href":"https:\/\/boracultura.com.br\/index.php\/wp-json\/wp\/v2\/types\/post"}],"author":[{"embeddable":true,"href":"https:\/\/boracultura.com.br\/index.php\/wp-json\/wp\/v2\/users\/1"}],"replies":[{"embeddable":true,"href":"https:\/\/boracultura.com.br\/index.php\/wp-json\/wp\/v2\/comments?post=3063"}],"version-history":[{"count":2,"href":"https:\/\/boracultura.com.br\/index.php\/wp-json\/wp\/v2\/posts\/3063\/revisions"}],"predecessor-version":[{"id":3068,"href":"https:\/\/boracultura.com.br\/index.php\/wp-json\/wp\/v2\/posts\/3063\/revisions\/3068"}],"wp:featuredmedia":[{"embeddable":true,"href":"https:\/\/boracultura.com.br\/index.php\/wp-json\/wp\/v2\/media\/3064"}],"wp:attachment":[{"href":"https:\/\/boracultura.com.br\/index.php\/wp-json\/wp\/v2\/media?parent=3063"}],"wp:term":[{"taxonomy":"category","embeddable":true,"href":"https:\/\/boracultura.com.br\/index.php\/wp-json\/wp\/v2\/categories?post=3063"},{"taxonomy":"post_tag","embeddable":true,"href":"https:\/\/boracultura.com.br\/index.php\/wp-json\/wp\/v2\/tags?post=3063"}],"curies":[{"name":"wp","href":"https:\/\/api.w.org\/{rel}","templated":true}]}}