{"id":3069,"date":"2026-04-25T13:34:20","date_gmt":"2026-04-25T16:34:20","guid":{"rendered":"https:\/\/boracultura.com.br\/?p=3069"},"modified":"2026-04-25T13:34:24","modified_gmt":"2026-04-25T16:34:24","slug":"mundo-zira-ziraldo-interativo-chega-a-salvador-com-entrada-gratuita-no-mab-a-partir-de-23-de-maio","status":"publish","type":"post","link":"https:\/\/boracultura.com.br\/index.php\/2026\/04\/25\/mundo-zira-ziraldo-interativo-chega-a-salvador-com-entrada-gratuita-no-mab-a-partir-de-23-de-maio\/","title":{"rendered":"&#8220;Mundo Zira \u2013 Ziraldo Interativo&#8221; Chega a Salvador com Entrada Gratuita no MAB a partir de 23 de Maio"},"content":{"rendered":"\n<p>Salvador recebe a partir do dia 23 de maio a exposi\u00e7\u00e3o imersiva &#8220;Mundo Zira \u2013 Ziraldo Interativo&#8221;, realizada pelo Centro Cultural Banco do Brasil (CCBB) no Museu de Arte da Bahia (MAB), no Corredor da Vit\u00f3ria. Com entrada gratuita, a mostra fica em cartaz at\u00e9 13 de setembro e celebra a vida e obra de Ziraldo, um dos mais importantes multiartistas brasileiros, falecido em abril de 2024 aos 91 anos.<\/p>\n\n\n\n<p>A exposi\u00e7\u00e3o chega a Salvador ap\u00f3s passar por Bras\u00edlia, Rio de Janeiro, Belo Horizonte, S\u00e3o Paulo e Natal, e prop\u00f5e uma experi\u00eancia que vai al\u00e9m da contempla\u00e7\u00e3o tradicional. O percurso inclui \u00e1reas tem\u00e1ticas dedicadas a cl\u00e1ssicos como <em>Flicts<\/em>, <em>O Menino Quadradinho<\/em>, <em>A Turma do Perer\u00ea<\/em>, <em>Planeta Lil\u00e1s<\/em> e <em>O Bichinho da Ma\u00e7\u00e3<\/em>, com espa\u00e7os interativos onde o visitante pode cocriar composi\u00e7\u00f5es digitais, explorar um mini est\u00fadio para se inserir nos desenhos do cartunista e participar de um ca\u00e7a-palavras crom\u00e1tico com frases emblem\u00e1ticas do escritor. O destaque tecnol\u00f3gico fica por conta do Atelier de Superproje\u00e7\u00f5es, que d\u00e1 vida aos personagens em escala imersiva.<\/p>\n\n\n\n<p>A curadoria \u00e9 assinada por Adriana Lins, diretora do Instituto Ziraldo, e Daniela Thomas, cineasta e filha do artista. &#8220;Queremos ir al\u00e9m das p\u00e1ginas, sair do papel, recriando uma conversa com o seu acervo&#8221;, afirma Daniela. A mostra \u00e9 idealizada pela Lumen Produ\u00e7\u00f5es, com patroc\u00ednio do Banco do Brasil e BB Asset, e realiza\u00e7\u00e3o do Minist\u00e9rio da Cultura via Lei Rouanet.<\/p>\n\n\n\n<p>Os ingressos s\u00e3o retirados gratuitamente pelo site ou presencialmente no MAB. A cada quarta-feira, novas entradas s\u00e3o liberadas para a semana seguinte. Crian\u00e7as menores de 5 anos n\u00e3o precisam de ingresso.<\/p>\n\n\n\n<hr class=\"wp-block-separator has-alpha-channel-opacity\"\/>\n\n\n\n<p><strong>Servi\u00e7o<\/strong><\/p>\n\n\n\n<p><strong>Mundo Zira \u2013 Ziraldo Interativo<\/strong><br>\ud83d\udccd Museu de Arte da Bahia (MAB) \u2013 Av. Sete de Setembro, 2340, Corredor da Vit\u00f3ria, Salvador<br>\ud83d\uddd3 23 de maio a 13 de setembro de 2026<br>\ud83d\udd50 Ter\u00e7a a domingo, das 10h \u00e0s 18h<br>\ud83c\udf9f Entrada gratuita \u2013 retirada de ingressos em bb.com.br\/cultura ou presencialmente<br><em>(Novos ingressos disponibilizados toda quarta-feira para a semana seguinte)<\/em><\/p>\n\n\n\n<p><strong>Tags:<\/strong> <\/p>\n\n\n\n<p><strong>Categorias sugeridas:<\/strong> Artes Visuais \u00b7 Cultura<\/p>\n","protected":false},"excerpt":{"rendered":"<p>A exposi\u00e7\u00e3o imersiva &#8220;Mundo Zira \u2013 Ziraldo Interativo&#8221; chega ao MAB em Salvador com entrada gratuita a partir de 23 de maio. A mostra celebra a obra de Ziraldo com tecnologia, interatividade e personagens ic\u00f4nicos como O Menino Maluquinho e A Turma do Perer\u00ea.<\/p>\n","protected":false},"author":1,"featured_media":3071,"comment_status":"open","ping_status":"open","sticky":false,"template":"","format":"standard","meta":{"colormag_page_container_layout":"default_layout","colormag_page_sidebar_layout":"default_layout","footnotes":""},"categories":[49],"tags":[140,1791,1326,1792,1793],"class_list":["post-3069","post","type-post","status-publish","format-standard","has-post-thumbnail","hentry","category-exposicoes","tag-ccbb-salvador","tag-exposicao-imersiva-salvador","tag-mab-salvador","tag-mundo-zira","tag-ziraldo-salvador"],"rttpg_featured_image_url":{"full":["https:\/\/boracultura.com.br\/wp-content\/uploads\/2026\/04\/17771346944757801731879316550826-scaled.jpg",2560,1280,false],"landscape":["https:\/\/boracultura.com.br\/wp-content\/uploads\/2026\/04\/17771346944757801731879316550826-scaled.jpg",2560,1280,false],"portraits":["https:\/\/boracultura.com.br\/wp-content\/uploads\/2026\/04\/17771346944757801731879316550826-scaled.jpg",2560,1280,false],"thumbnail":["https:\/\/boracultura.com.br\/wp-content\/uploads\/2026\/04\/17771346944757801731879316550826-150x150.jpg",150,150,true],"medium":["https:\/\/boracultura.com.br\/wp-content\/uploads\/2026\/04\/17771346944757801731879316550826-300x150.jpg",300,150,true],"large":["https:\/\/boracultura.com.br\/wp-content\/uploads\/2026\/04\/17771346944757801731879316550826-1024x512.jpg",800,400,true],"1536x1536":["https:\/\/boracultura.com.br\/wp-content\/uploads\/2026\/04\/17771346944757801731879316550826-1536x768.jpg",1536,768,true],"2048x2048":["https:\/\/boracultura.com.br\/wp-content\/uploads\/2026\/04\/17771346944757801731879316550826-2048x1024.jpg",2048,1024,true],"colormag-highlighted-post":["https:\/\/boracultura.com.br\/wp-content\/uploads\/2026\/04\/17771346944757801731879316550826-392x272.jpg",392,272,true],"colormag-featured-post-medium":["https:\/\/boracultura.com.br\/wp-content\/uploads\/2026\/04\/17771346944757801731879316550826-390x205.jpg",390,205,true],"colormag-featured-post-small":["https:\/\/boracultura.com.br\/wp-content\/uploads\/2026\/04\/17771346944757801731879316550826-130x90.jpg",130,90,true],"colormag-featured-image":["https:\/\/boracultura.com.br\/wp-content\/uploads\/2026\/04\/17771346944757801731879316550826-800x445.jpg",800,445,true],"colormag-default-news":["https:\/\/boracultura.com.br\/wp-content\/uploads\/2026\/04\/17771346944757801731879316550826-150x150.jpg",150,150,true],"colormag-featured-image-large":["https:\/\/boracultura.com.br\/wp-content\/uploads\/2026\/04\/17771346944757801731879316550826-1400x600.jpg",1400,600,true],"colormag-elementor-block-extra-large-thumbnail":["https:\/\/boracultura.com.br\/wp-content\/uploads\/2026\/04\/17771346944757801731879316550826-1155x480.jpg",1155,480,true],"colormag-elementor-grid-large-thumbnail":["https:\/\/boracultura.com.br\/wp-content\/uploads\/2026\/04\/17771346944757801731879316550826-600x417.jpg",600,417,true],"colormag-elementor-grid-small-thumbnail":["https:\/\/boracultura.com.br\/wp-content\/uploads\/2026\/04\/17771346944757801731879316550826-285x450.jpg",285,450,true],"colormag-elementor-grid-medium-large-thumbnail":["https:\/\/boracultura.com.br\/wp-content\/uploads\/2026\/04\/17771346944757801731879316550826-575x198.jpg",575,198,true],"psacp-medium":["https:\/\/boracultura.com.br\/wp-content\/uploads\/2026\/04\/17771346944757801731879316550826-500x500.jpg",500,500,true]},"rttpg_author":{"display_name":"boracultura@gmail.com","author_link":"https:\/\/boracultura.com.br\/index.php\/author\/boraculturagmail-com\/"},"rttpg_comment":0,"rttpg_category":"<a href=\"https:\/\/boracultura.com.br\/index.php\/category\/noticias\/exposicoes\/\" rel=\"category tag\">Exposi\u00e7\u00f5es<\/a>","rttpg_excerpt":"A exposi\u00e7\u00e3o imersiva \"Mundo Zira \u2013 Ziraldo Interativo\" chega ao MAB em Salvador com entrada gratuita a partir de 23 de maio. A mostra celebra a obra de Ziraldo com tecnologia, interatividade e personagens ic\u00f4nicos como O Menino Maluquinho e A Turma do Perer\u00ea.","_links":{"self":[{"href":"https:\/\/boracultura.com.br\/index.php\/wp-json\/wp\/v2\/posts\/3069","targetHints":{"allow":["GET"]}}],"collection":[{"href":"https:\/\/boracultura.com.br\/index.php\/wp-json\/wp\/v2\/posts"}],"about":[{"href":"https:\/\/boracultura.com.br\/index.php\/wp-json\/wp\/v2\/types\/post"}],"author":[{"embeddable":true,"href":"https:\/\/boracultura.com.br\/index.php\/wp-json\/wp\/v2\/users\/1"}],"replies":[{"embeddable":true,"href":"https:\/\/boracultura.com.br\/index.php\/wp-json\/wp\/v2\/comments?post=3069"}],"version-history":[{"count":1,"href":"https:\/\/boracultura.com.br\/index.php\/wp-json\/wp\/v2\/posts\/3069\/revisions"}],"predecessor-version":[{"id":3072,"href":"https:\/\/boracultura.com.br\/index.php\/wp-json\/wp\/v2\/posts\/3069\/revisions\/3072"}],"wp:featuredmedia":[{"embeddable":true,"href":"https:\/\/boracultura.com.br\/index.php\/wp-json\/wp\/v2\/media\/3071"}],"wp:attachment":[{"href":"https:\/\/boracultura.com.br\/index.php\/wp-json\/wp\/v2\/media?parent=3069"}],"wp:term":[{"taxonomy":"category","embeddable":true,"href":"https:\/\/boracultura.com.br\/index.php\/wp-json\/wp\/v2\/categories?post=3069"},{"taxonomy":"post_tag","embeddable":true,"href":"https:\/\/boracultura.com.br\/index.php\/wp-json\/wp\/v2\/tags?post=3069"}],"curies":[{"name":"wp","href":"https:\/\/api.w.org\/{rel}","templated":true}]}}