{"id":3104,"date":"2026-04-28T11:31:08","date_gmt":"2026-04-28T14:31:08","guid":{"rendered":"https:\/\/boracultura.com.br\/?p=3104"},"modified":"2026-04-28T11:31:37","modified_gmt":"2026-04-28T14:31:37","slug":"festival-de-inverno-bahia-anuncia-venda-de-ingressos-no-escuro-para-a-20a-edicao-do-fib","status":"publish","type":"post","link":"https:\/\/boracultura.com.br\/index.php\/2026\/04\/28\/festival-de-inverno-bahia-anuncia-venda-de-ingressos-no-escuro-para-a-20a-edicao-do-fib\/","title":{"rendered":"Festival de Inverno Bahia anuncia venda de ingressos no escuro para a 20\u00aa edi\u00e7\u00e3o do FIB"},"content":{"rendered":"\n<hr class=\"wp-block-separator has-alpha-channel-opacity\"\/>\n\n\n\n<p>O Festival de Inverno Bahia (FIB) deu a largada para a sua 20\u00aa edi\u00e7\u00e3o com a abertura das vendas no escuro em lote especial. O evento est\u00e1 marcado para os dias <strong>21, 22 e 23 de agosto<\/strong>, no Parque de Exposi\u00e7\u00f5es Teopompo de Almeida, em <strong>Vit\u00f3ria da Conquista<\/strong>, no sudoeste da Bahia.<\/p>\n\n\n\n<p>Conhecido por aquecer a chamada &#8220;Su\u00ed\u00e7a Baiana&#8221; durante o inverno, o FIB acumula, ao longo das suas duas d\u00e9cadas de hist\u00f3ria, uma lista de atra\u00e7\u00f5es que re\u00fane alguns dos maiores nomes da m\u00fasica brasileira. Ney Matogrosso, Ivete Sangalo, Nando Reis, Ana Castela, Vanessa da Mata, Xand Avi\u00e3o, AnaVit\u00f3ria, Alexandre Pires, Menos \u00c9 Mais, L\u00e9o Santana e Lulu Santos s\u00e3o alguns dos artistas que j\u00e1 passaram pelo palco do festival.<\/p>\n\n\n\n<p>Para esta edi\u00e7\u00e3o, o FIB mant\u00e9m, pelo segundo ano consecutivo, a parceria entre a Salvador Produ\u00e7\u00f5es e a Bahia Eventos \u2014 a mesma dupla respons\u00e1vel pelo Festival de Ver\u00e3o Salvador. Al\u00e9m dos shows, o p\u00fablico pode esperar ativa\u00e7\u00f5es de patrocinadores e parceiros espalhadas por todo o Parque Teopompo de Almeida, al\u00e9m de uma programa\u00e7\u00e3o gastron\u00f4mica com o melhor da culin\u00e1ria local e regional para conquistenses e visitantes.<\/p>\n\n\n\n<p>O line-up completo e demais detalhes da estrutura ainda ser\u00e3o revelados em breve. As compras podem ser feitas pela plataforma Sympla, na loja do Bora Tickets (Shopping da Bahia, 2\u00ba piso, Salvador) e, em Vit\u00f3ria da Conquista, nos seguintes pontos: Central de Ingressos (Shopping Conquista Sul e Galeria Panvicon), Banca Central (Pra\u00e7a Bar\u00e3o do Rio Branco), Loja Taco (Av. Ol\u00edvia Flores, 686), Loja DMK (Shopping Boulevard) e Charlie Colt (Bairro Brasil).<\/p>\n\n\n\n<hr class=\"wp-block-separator has-alpha-channel-opacity\"\/>\n\n\n\n<p><strong>Servi\u00e7o<\/strong><br><strong>Festival de Inverno Bahia (FIB) \u2014 20\u00aa edi\u00e7\u00e3o<\/strong><br>\ud83d\udcc5 21, 22 e 23 de agosto de 2025<br>\ud83d\udccd Parque de Exposi\u00e7\u00f5es Teopompo de Almeida \u2014 Vit\u00f3ria da Conquista, BA<br>\ud83c\udf9f\ufe0f Ingressos: <a href=\"https:\/\/www.sympla.com.br\">https:\/\/www.sympla.com.br<\/a><br>\ud83d\udcf2 Mais informa\u00e7\u00f5es: @fiboficial e @ssaproducoes<br><br>Foto: Divulga\u00e7\u00e3o<\/p>\n","protected":false},"excerpt":{"rendered":"<p>O Festival de Inverno Bahia anuncia a abertura das vendas no escuro para a 20\u00aa edi\u00e7\u00e3o do FIB, que acontece nos dias 21, 22 e 23 de agosto em Vit\u00f3ria da Conquista.<\/p>\n","protected":false},"author":1,"featured_media":3105,"comment_status":"open","ping_status":"open","sticky":false,"template":"","format":"standard","meta":{"colormag_page_container_layout":"default_layout","colormag_page_sidebar_layout":"default_layout","footnotes":""},"categories":[45],"tags":[1801,1805,1802,1804,1803],"class_list":["post-3104","post","type-post","status-publish","format-standard","has-post-thumbnail","hentry","category-musica","tag-festival-de-inverno-bahia","tag-festival-de-musica-bahia","tag-fib-2025","tag-shows-bahia","tag-vitoria-da-conquista"],"rttpg_featured_image_url":{"full":["https:\/\/boracultura.com.br\/wp-content\/uploads\/2026\/04\/IMG-20260428-WA0146.jpg",1600,1068,false],"landscape":["https:\/\/boracultura.com.br\/wp-content\/uploads\/2026\/04\/IMG-20260428-WA0146.jpg",1600,1068,false],"portraits":["https:\/\/boracultura.com.br\/wp-content\/uploads\/2026\/04\/IMG-20260428-WA0146.jpg",1600,1068,false],"thumbnail":["https:\/\/boracultura.com.br\/wp-content\/uploads\/2026\/04\/IMG-20260428-WA0146-150x150.jpg",150,150,true],"medium":["https:\/\/boracultura.com.br\/wp-content\/uploads\/2026\/04\/IMG-20260428-WA0146-300x200.jpg",300,200,true],"large":["https:\/\/boracultura.com.br\/wp-content\/uploads\/2026\/04\/IMG-20260428-WA0146-1024x684.jpg",800,534,true],"1536x1536":["https:\/\/boracultura.com.br\/wp-content\/uploads\/2026\/04\/IMG-20260428-WA0146-1536x1025.jpg",1536,1025,true],"2048x2048":["https:\/\/boracultura.com.br\/wp-content\/uploads\/2026\/04\/IMG-20260428-WA0146.jpg",1600,1068,false],"colormag-highlighted-post":["https:\/\/boracultura.com.br\/wp-content\/uploads\/2026\/04\/IMG-20260428-WA0146-392x272.jpg",392,272,true],"colormag-featured-post-medium":["https:\/\/boracultura.com.br\/wp-content\/uploads\/2026\/04\/IMG-20260428-WA0146-390x205.jpg",390,205,true],"colormag-featured-post-small":["https:\/\/boracultura.com.br\/wp-content\/uploads\/2026\/04\/IMG-20260428-WA0146-130x90.jpg",130,90,true],"colormag-featured-image":["https:\/\/boracultura.com.br\/wp-content\/uploads\/2026\/04\/IMG-20260428-WA0146-800x445.jpg",800,445,true],"colormag-default-news":["https:\/\/boracultura.com.br\/wp-content\/uploads\/2026\/04\/IMG-20260428-WA0146-150x150.jpg",150,150,true],"colormag-featured-image-large":["https:\/\/boracultura.com.br\/wp-content\/uploads\/2026\/04\/IMG-20260428-WA0146-1400x600.jpg",1400,600,true],"colormag-elementor-block-extra-large-thumbnail":["https:\/\/boracultura.com.br\/wp-content\/uploads\/2026\/04\/IMG-20260428-WA0146-1155x480.jpg",1155,480,true],"colormag-elementor-grid-large-thumbnail":["https:\/\/boracultura.com.br\/wp-content\/uploads\/2026\/04\/IMG-20260428-WA0146-600x417.jpg",600,417,true],"colormag-elementor-grid-small-thumbnail":["https:\/\/boracultura.com.br\/wp-content\/uploads\/2026\/04\/IMG-20260428-WA0146-285x450.jpg",285,450,true],"colormag-elementor-grid-medium-large-thumbnail":["https:\/\/boracultura.com.br\/wp-content\/uploads\/2026\/04\/IMG-20260428-WA0146-575x198.jpg",575,198,true],"psacp-medium":["https:\/\/boracultura.com.br\/wp-content\/uploads\/2026\/04\/IMG-20260428-WA0146-500x500.jpg",500,500,true]},"rttpg_author":{"display_name":"boracultura@gmail.com","author_link":"https:\/\/boracultura.com.br\/index.php\/author\/boraculturagmail-com\/"},"rttpg_comment":0,"rttpg_category":"<a href=\"https:\/\/boracultura.com.br\/index.php\/category\/noticias\/musica\/\" rel=\"category tag\">M\u00fasica<\/a>","rttpg_excerpt":"O Festival de Inverno Bahia anuncia a abertura das vendas no escuro para a 20\u00aa edi\u00e7\u00e3o do FIB, que acontece nos dias 21, 22 e 23 de agosto em Vit\u00f3ria da Conquista.","_links":{"self":[{"href":"https:\/\/boracultura.com.br\/index.php\/wp-json\/wp\/v2\/posts\/3104","targetHints":{"allow":["GET"]}}],"collection":[{"href":"https:\/\/boracultura.com.br\/index.php\/wp-json\/wp\/v2\/posts"}],"about":[{"href":"https:\/\/boracultura.com.br\/index.php\/wp-json\/wp\/v2\/types\/post"}],"author":[{"embeddable":true,"href":"https:\/\/boracultura.com.br\/index.php\/wp-json\/wp\/v2\/users\/1"}],"replies":[{"embeddable":true,"href":"https:\/\/boracultura.com.br\/index.php\/wp-json\/wp\/v2\/comments?post=3104"}],"version-history":[{"count":2,"href":"https:\/\/boracultura.com.br\/index.php\/wp-json\/wp\/v2\/posts\/3104\/revisions"}],"predecessor-version":[{"id":3107,"href":"https:\/\/boracultura.com.br\/index.php\/wp-json\/wp\/v2\/posts\/3104\/revisions\/3107"}],"wp:featuredmedia":[{"embeddable":true,"href":"https:\/\/boracultura.com.br\/index.php\/wp-json\/wp\/v2\/media\/3105"}],"wp:attachment":[{"href":"https:\/\/boracultura.com.br\/index.php\/wp-json\/wp\/v2\/media?parent=3104"}],"wp:term":[{"taxonomy":"category","embeddable":true,"href":"https:\/\/boracultura.com.br\/index.php\/wp-json\/wp\/v2\/categories?post=3104"},{"taxonomy":"post_tag","embeddable":true,"href":"https:\/\/boracultura.com.br\/index.php\/wp-json\/wp\/v2\/tags?post=3104"}],"curies":[{"name":"wp","href":"https:\/\/api.w.org\/{rel}","templated":true}]}}