{"id":3108,"date":"2026-04-28T11:35:39","date_gmt":"2026-04-28T14:35:39","guid":{"rendered":"https:\/\/boracultura.com.br\/?p=3108"},"modified":"2026-04-28T11:59:27","modified_gmt":"2026-04-28T14:59:27","slug":"dance-no-circo-reune-danca-e-circo-no-picolino-nos-dias-29-e-30-de-abril-em-salvador","status":"publish","type":"post","link":"https:\/\/boracultura.com.br\/index.php\/2026\/04\/28\/dance-no-circo-reune-danca-e-circo-no-picolino-nos-dias-29-e-30-de-abril-em-salvador\/","title":{"rendered":"Dance no Circo re\u00fane dan\u00e7a e circo no Picolino nos dias 29 e 30 de abril em Salvador"},"content":{"rendered":"\n<hr class=\"wp-block-separator has-alpha-channel-opacity\"\/>\n\n\n\n<p>Abril pulsa com movimento sob a lona do Circo Picolino. Nos dias 29 e 30 de abril, o picadeiro se abre como territ\u00f3rio de encontro entre a dan\u00e7a e as artes circenses na segunda edi\u00e7\u00e3o do Dance no Circo \u2013 Ano II, realizado em parceria com o Coletivo Casa 4, em Salvador. Todas as atividades t\u00eam entrada mediante contribui\u00e7\u00e3o consciente.<\/p>\n\n\n\n<p>Durante dois dias, o espa\u00e7o se transforma em palco de experimenta\u00e7\u00e3o, afeto e celebra\u00e7\u00e3o coletiva. No dia 29, das 16h \u00e0s 19h, as Oficinas Picolino colocam o corpo em pesquisa e descoberta com tr\u00eas propostas: &#8220;Acrobacia&#8221;, com Edi Binho; &#8220;Dan\u00e7a a Dois&#8221;, com Marcelo Galv\u00e3o e artistas convidados; e &#8220;Dan\u00e7a A\u00e9rea&#8221;, com Luana Tamaoki Serrat.<\/p>\n\n\n\n<p>J\u00e1 no dia 30, a partir das 19h, \u00e9 a vez do Variet\u00e9 tomar conta da lona \u2014 uma noite de m\u00faltiplas linguagens em que dan\u00e7a e circo se cruzam em cena. O p\u00fablico poder\u00e1 assistir a apresenta\u00e7\u00f5es do Casa 4 e do Coletivo Mar de Corpo, al\u00e9m dos duos de Amanda Menegolla Blauth e Emanuela Tosta Nascimento (flamenco) e Anderson Neves e Joattan Costa (dan\u00e7a contempor\u00e2nea e urbana). As atra\u00e7\u00f5es circenses ficam por conta da Fulanas Cia de Circo e dos artistas Deise C\u00f4rtes e Doug do C\u00e9u, com encerramento em performance coletiva das alunas da turma de dan\u00e7a da Escola Picolino, sob coordena\u00e7\u00e3o de Luana Tamaoki Serrat.<\/p>\n\n\n\n<p>Mais do que uma programa\u00e7\u00e3o cultural, o Dance no Circo \u2013 Ano II se afirma como gesto de continuidade e resist\u00eancia, refor\u00e7ando a arte como pr\u00e1tica coletiva e ferramenta de transforma\u00e7\u00e3o social. A iniciativa integra o projeto &#8220;O Espet\u00e1culo N\u00e3o Pode Parar&#8221;, contemplado pelo Programa Funarte de Apoio a A\u00e7\u00f5es Continuadas \u2013 Espa\u00e7os Art\u00edsticos, da Funda\u00e7\u00e3o Nacional das Artes (FUNARTE), pelo Minist\u00e9rio da Cultura do Governo Federal.<\/p>\n\n\n\n<hr class=\"wp-block-separator has-alpha-channel-opacity\"\/>\n\n\n\n<p><strong>Servi\u00e7o<\/strong><br><strong>Dance no Circo \u2013 Ano II<\/strong><br>\ud83d\udcc5 29 de abril (ter\u00e7a) \u2014 Oficinas: 16h \u00e0s 19h<br>\ud83d\udcc5 30 de abril (quarta) \u2014 Variet\u00e9: a partir das 19h<br>\ud83d\udccd Circo Picolino \u2014 Salvador, BA<br>\ud83c\udf9f\ufe0f Entrada mediante contribui\u00e7\u00e3o consciente<\/p>\n\n\n\n<hr class=\"wp-block-separator has-alpha-channel-opacity\"\/>\n\n\n\n<p><br>Foto: Deise Cortez<\/p>\n","protected":false},"excerpt":{"rendered":"<p>O Dance no Circo \u2013 Ano II re\u00fane oficinas e performances de dan\u00e7a e circo nos dias 29 e 30 de abril no Circo Picolino, em Salvador, com entrada por contribui\u00e7\u00e3o consciente.<\/p>\n","protected":false},"author":1,"featured_media":3110,"comment_status":"open","ping_status":"open","sticky":false,"template":"","format":"standard","meta":{"colormag_page_container_layout":"default_layout","colormag_page_sidebar_layout":"default_layout","footnotes":""},"categories":[47],"tags":[1808,1807,1563,1806],"class_list":["post-3108","post","type-post","status-publish","format-standard","has-post-thumbnail","hentry","category-danca","tag-artes-circenses-bahia","tag-circo-picolino","tag-danca-salvador","tag-dance-no-circo"],"rttpg_featured_image_url":{"full":["https:\/\/boracultura.com.br\/wp-content\/uploads\/2026\/04\/17773868274192149725265229597132.png",590,889,false],"landscape":["https:\/\/boracultura.com.br\/wp-content\/uploads\/2026\/04\/17773868274192149725265229597132.png",590,889,false],"portraits":["https:\/\/boracultura.com.br\/wp-content\/uploads\/2026\/04\/17773868274192149725265229597132.png",590,889,false],"thumbnail":["https:\/\/boracultura.com.br\/wp-content\/uploads\/2026\/04\/17773868274192149725265229597132-150x150.png",150,150,true],"medium":["https:\/\/boracultura.com.br\/wp-content\/uploads\/2026\/04\/17773868274192149725265229597132-199x300.png",199,300,true],"large":["https:\/\/boracultura.com.br\/wp-content\/uploads\/2026\/04\/17773868274192149725265229597132.png",590,889,false],"1536x1536":["https:\/\/boracultura.com.br\/wp-content\/uploads\/2026\/04\/17773868274192149725265229597132.png",590,889,false],"2048x2048":["https:\/\/boracultura.com.br\/wp-content\/uploads\/2026\/04\/17773868274192149725265229597132.png",590,889,false],"colormag-highlighted-post":["https:\/\/boracultura.com.br\/wp-content\/uploads\/2026\/04\/17773868274192149725265229597132-392x272.png",392,272,true],"colormag-featured-post-medium":["https:\/\/boracultura.com.br\/wp-content\/uploads\/2026\/04\/17773868274192149725265229597132-390x205.png",390,205,true],"colormag-featured-post-small":["https:\/\/boracultura.com.br\/wp-content\/uploads\/2026\/04\/17773868274192149725265229597132-130x90.png",130,90,true],"colormag-featured-image":["https:\/\/boracultura.com.br\/wp-content\/uploads\/2026\/04\/17773868274192149725265229597132-590x445.png",590,445,true],"colormag-default-news":["https:\/\/boracultura.com.br\/wp-content\/uploads\/2026\/04\/17773868274192149725265229597132-150x150.png",150,150,true],"colormag-featured-image-large":["https:\/\/boracultura.com.br\/wp-content\/uploads\/2026\/04\/17773868274192149725265229597132-590x600.png",590,600,true],"colormag-elementor-block-extra-large-thumbnail":["https:\/\/boracultura.com.br\/wp-content\/uploads\/2026\/04\/17773868274192149725265229597132-590x480.png",590,480,true],"colormag-elementor-grid-large-thumbnail":["https:\/\/boracultura.com.br\/wp-content\/uploads\/2026\/04\/17773868274192149725265229597132-590x417.png",590,417,true],"colormag-elementor-grid-small-thumbnail":["https:\/\/boracultura.com.br\/wp-content\/uploads\/2026\/04\/17773868274192149725265229597132-285x450.png",285,450,true],"colormag-elementor-grid-medium-large-thumbnail":["https:\/\/boracultura.com.br\/wp-content\/uploads\/2026\/04\/17773868274192149725265229597132-575x198.png",575,198,true],"psacp-medium":["https:\/\/boracultura.com.br\/wp-content\/uploads\/2026\/04\/17773868274192149725265229597132-500x500.png",500,500,true]},"rttpg_author":{"display_name":"boracultura@gmail.com","author_link":"https:\/\/boracultura.com.br\/index.php\/author\/boraculturagmail-com\/"},"rttpg_comment":0,"rttpg_category":"<a href=\"https:\/\/boracultura.com.br\/index.php\/category\/noticias\/danca\/\" rel=\"category tag\">Dan\u00e7a<\/a>","rttpg_excerpt":"O Dance no Circo \u2013 Ano II re\u00fane oficinas e performances de dan\u00e7a e circo nos dias 29 e 30 de abril no Circo Picolino, em Salvador, com entrada por contribui\u00e7\u00e3o consciente.","_links":{"self":[{"href":"https:\/\/boracultura.com.br\/index.php\/wp-json\/wp\/v2\/posts\/3108","targetHints":{"allow":["GET"]}}],"collection":[{"href":"https:\/\/boracultura.com.br\/index.php\/wp-json\/wp\/v2\/posts"}],"about":[{"href":"https:\/\/boracultura.com.br\/index.php\/wp-json\/wp\/v2\/types\/post"}],"author":[{"embeddable":true,"href":"https:\/\/boracultura.com.br\/index.php\/wp-json\/wp\/v2\/users\/1"}],"replies":[{"embeddable":true,"href":"https:\/\/boracultura.com.br\/index.php\/wp-json\/wp\/v2\/comments?post=3108"}],"version-history":[{"count":2,"href":"https:\/\/boracultura.com.br\/index.php\/wp-json\/wp\/v2\/posts\/3108\/revisions"}],"predecessor-version":[{"id":3114,"href":"https:\/\/boracultura.com.br\/index.php\/wp-json\/wp\/v2\/posts\/3108\/revisions\/3114"}],"wp:featuredmedia":[{"embeddable":true,"href":"https:\/\/boracultura.com.br\/index.php\/wp-json\/wp\/v2\/media\/3110"}],"wp:attachment":[{"href":"https:\/\/boracultura.com.br\/index.php\/wp-json\/wp\/v2\/media?parent=3108"}],"wp:term":[{"taxonomy":"category","embeddable":true,"href":"https:\/\/boracultura.com.br\/index.php\/wp-json\/wp\/v2\/categories?post=3108"},{"taxonomy":"post_tag","embeddable":true,"href":"https:\/\/boracultura.com.br\/index.php\/wp-json\/wp\/v2\/tags?post=3108"}],"curies":[{"name":"wp","href":"https:\/\/api.w.org\/{rel}","templated":true}]}}