{"id":3116,"date":"2026-04-29T11:33:23","date_gmt":"2026-04-29T14:33:23","guid":{"rendered":"https:\/\/boracultura.com.br\/?p=3116"},"modified":"2026-04-29T11:33:31","modified_gmt":"2026-04-29T14:33:31","slug":"reta-final-da-exposicao-de-fabio-baroli-na-caixa-cultural-salvador-tem-evento-gratuito-com-artista-e-curador","status":"publish","type":"post","link":"https:\/\/boracultura.com.br\/index.php\/2026\/04\/29\/reta-final-da-exposicao-de-fabio-baroli-na-caixa-cultural-salvador-tem-evento-gratuito-com-artista-e-curador\/","title":{"rendered":"Reta final da exposi\u00e7\u00e3o de F\u00e1bio Baroli na CAIXA Cultural Salvador tem evento gratuito com artista e curador"},"content":{"rendered":"\n<p>A CAIXA Cultural Salvador realiza neste s\u00e1bado, 2 de maio, uma programa\u00e7\u00e3o especial para marcar a reta final da exposi\u00e7\u00e3o &#8220;Hoje \u00e9 de vez em quando&#8221;, do artista mineiro F\u00e1bio Baroli. A a\u00e7\u00e3o ter\u00e1 in\u00edcio \u00e0s 15h com uma visita mediada, seguida por um bate-papo \u00e0s 16h com a presen\u00e7a do artista e do curador Agnaldo Farias. Durante o evento, os visitantes tamb\u00e9m poder\u00e3o retirar gratuitamente os cat\u00e1logos da mostra.<\/p>\n\n\n\n<p>Com entrada gratuita e acessibilidade garantida, a visita e o bate-papo contar\u00e3o com int\u00e9rprete de Libras, ampliando o acesso do p\u00fablico \u00e0 experi\u00eancia. A iniciativa integra os \u00faltimos dias da exposi\u00e7\u00e3o na capital baiana, que segue em cartaz at\u00e9 10 de maio. Desde a abertura, em mar\u00e7o, mais de 2.250 pessoas j\u00e1 visitaram a mostra, incluindo mais de 200 estudantes de grupos de excurs\u00f5es escolares.<\/p>\n\n\n\n<p>A experi\u00eancia ganha ainda mais profundidade na media\u00e7\u00e3o e no di\u00e1logo direto com o artista e o curador. O p\u00fablico ter\u00e1 a oportunidade de compreender os processos criativos, as refer\u00eancias e as quest\u00f5es que atravessam a exposi\u00e7\u00e3o. A distribui\u00e7\u00e3o dos cat\u00e1logos, por sua vez, permite que as pessoas levem consigo um registro da mostra, como uma extens\u00e3o da reflex\u00e3o para al\u00e9m do espa\u00e7o expositivo.<\/p>\n\n\n\n<p>&#8220;Depois que as obras j\u00e1 foram vistas, atravessadas por diferentes olhares, o encontro proporcionar\u00e1 novas interlocu\u00e7\u00f5es e sentidos, por meio do compartilhamento de ideias, processos, mem\u00f3rias, questionamentos e escolhas. Ao mesmo tempo, poderemos dialogar com as percep\u00e7\u00f5es e apontamentos trazidos pelo p\u00fablico de maneira m\u00fatua. Normalmente, esses encontros revelam camadas do trabalho de maneira surpreendente para ambos&#8221;, avalia F\u00e1bio Baroli.<\/p>\n\n\n\n<p>Para o artista, o cat\u00e1logo \u00e9 um registro importante e funciona como um desdobramento da exposi\u00e7\u00e3o. &#8220;Ele n\u00e3o substitui a experi\u00eancia ao vivo, mas valida e prolonga ela. \u00c9 uma forma de manter vivas as obras e os pensamentos que atravessaram a mostra em seu tempo hist\u00f3rico, possibilitando revisitar imagens, reler ideias, perceber coisas que talvez tenham passado despercebidas&#8221;, comenta.<\/p>\n\n\n\n<p>Reunindo 35 obras entre pinturas e instala\u00e7\u00f5es, a mostra prop\u00f5e uma reflex\u00e3o sens\u00edvel sobre o tempo no mundo contempor\u00e2neo. Ao tensionar a ideia de linearidade, o trabalho de F\u00e1bio Baroli convida o visitante a desacelerar o olhar e se reconectar com mem\u00f3rias, afetos e modos de vida rurais que resistem ao ritmo acelerado da atualidade.<\/p>\n\n\n\n<p>&#8220;F\u00e1bio Baroli \u00e9 um artista fora do comum. Al\u00e9m da esfera tem\u00e1tica, ele desenvolveu uma t\u00e9cnica de pintura pr\u00f3pria, o que \u00e9 muito raro e n\u00e3o \u00e9 para qualquer um&#8221;, destaca o curador Agnaldo Farias. &#8220;A discuss\u00e3o que ele prop\u00f5e \u00e9 contra o processo de homogeneiza\u00e7\u00e3o da globaliza\u00e7\u00e3o. Mas a beleza est\u00e1 nas diferen\u00e7as, e ele mostra um Brasil caipira, matuto, da ro\u00e7a, chamando aten\u00e7\u00e3o para esse mundo rural que merece ser visto e respeitado.&#8221;<\/p>\n\n\n\n<p>Nascido em Uberaba (MG), F\u00e1bio Baroli \u00e9 formado em Artes Visuais pela Universidade de Bras\u00edlia (UnB). Sua obra \u00e9 fortemente influenciada pela mem\u00f3ria da inf\u00e2ncia no interior e pelas transforma\u00e7\u00f5es sociais e urbanas do Cerrado. Com t\u00e9cnica refinada, paleta s\u00f3bria e refer\u00eancias a mestres como Manet e Vel\u00e1zquez, o artista volta-se para um Brasil cotidiano e pouco vis\u00edvel, marcado por modos de vida amea\u00e7ados e saberes populares.<\/p>\n\n\n\n<p><strong>SERVI\u00c7O<\/strong><\/p>\n\n\n\n<p>Evento da exposi\u00e7\u00e3o &#8220;Hoje \u00e9 de vez em quando&#8221; \u2013 F\u00e1bio Baroli<br>A\u00e7\u00f5es: Distribui\u00e7\u00e3o de cat\u00e1logos, visita mediada e bate-papo com o artista F\u00e1bio Baroli e o curador Agnaldo Farias<br>Local: CAIXA Cultural Salvador \u2013 Rua Carlos Gomes, 57 \u2013 Centro, Salvador\/BA<br>Data: 2 de maio (s\u00e1bado)<br>Hor\u00e1rio: visita mediada \u00e0s 15h, bate-papo \u00e0s 16h<br>Entrada: gratuita<br>Classifica\u00e7\u00e3o et\u00e1ria: livre<br>Acessibilidade: acesso para pessoas com defici\u00eancia, int\u00e9rprete de Libras e audiodescri\u00e7\u00e3o em todas as imagens da exposi\u00e7\u00e3o<br>Informa\u00e7\u00f5es: site da CAIXA Cultural, instagram.com\/caixaculturalsalvador e telefone (71) 3421-4200<\/p>\n\n\n\n<p>Patroc\u00ednio: CAIXA e Governo Federal<\/p>\n\n\n\n<hr class=\"wp-block-separator has-alpha-channel-opacity\"\/>\n\n\n\n<p>Sugest\u00f5es de categoria: Artes Visuais \/ Cultura \/ Agenda<\/p>\n\n\n\n<p>Foto: Divulga\u00e7\u00e3o<\/p>\n","protected":false},"excerpt":{"rendered":"<p>No dia 2 de maio, visita mediada, bate-papo com F\u00e1bio Baroli e Agnaldo Farias e distribui\u00e7\u00e3o gratuita de cat\u00e1logos marcam encerramento da mostra &#8220;Hoje \u00e9 de vez em quando&#8221;.<\/p>\n","protected":false},"author":1,"featured_media":3117,"comment_status":"open","ping_status":"open","sticky":false,"template":"","format":"standard","meta":{"colormag_page_container_layout":"default_layout","colormag_page_sidebar_layout":"default_layout","footnotes":""},"categories":[49],"tags":[1811,1696,163,1813,1810,1814,318,1812],"class_list":["post-3116","post","type-post","status-publish","format-standard","has-post-thumbnail","hentry","category-exposicoes","tag-agnaldo-farias","tag-arte-contemporanea-brasileira","tag-caixa-cultural-salvador","tag-catalogo-gratuito","tag-exposicao-fabio-baroli","tag-pintura-e-instalacao","tag-programacao-cultural-salvador","tag-visita-mediada"],"rttpg_featured_image_url":{"full":["https:\/\/boracultura.com.br\/wp-content\/uploads\/2026\/04\/17774731637235427034583378945922-scaled.jpg",2560,1707,false],"landscape":["https:\/\/boracultura.com.br\/wp-content\/uploads\/2026\/04\/17774731637235427034583378945922-scaled.jpg",2560,1707,false],"portraits":["https:\/\/boracultura.com.br\/wp-content\/uploads\/2026\/04\/17774731637235427034583378945922-scaled.jpg",2560,1707,false],"thumbnail":["https:\/\/boracultura.com.br\/wp-content\/uploads\/2026\/04\/17774731637235427034583378945922-150x150.jpg",150,150,true],"medium":["https:\/\/boracultura.com.br\/wp-content\/uploads\/2026\/04\/17774731637235427034583378945922-300x200.jpg",300,200,true],"large":["https:\/\/boracultura.com.br\/wp-content\/uploads\/2026\/04\/17774731637235427034583378945922-1024x683.jpg",800,534,true],"1536x1536":["https:\/\/boracultura.com.br\/wp-content\/uploads\/2026\/04\/17774731637235427034583378945922-1536x1024.jpg",1536,1024,true],"2048x2048":["https:\/\/boracultura.com.br\/wp-content\/uploads\/2026\/04\/17774731637235427034583378945922-2048x1366.jpg",2048,1366,true],"colormag-highlighted-post":["https:\/\/boracultura.com.br\/wp-content\/uploads\/2026\/04\/17774731637235427034583378945922-392x272.jpg",392,272,true],"colormag-featured-post-medium":["https:\/\/boracultura.com.br\/wp-content\/uploads\/2026\/04\/17774731637235427034583378945922-390x205.jpg",390,205,true],"colormag-featured-post-small":["https:\/\/boracultura.com.br\/wp-content\/uploads\/2026\/04\/17774731637235427034583378945922-130x90.jpg",130,90,true],"colormag-featured-image":["https:\/\/boracultura.com.br\/wp-content\/uploads\/2026\/04\/17774731637235427034583378945922-800x445.jpg",800,445,true],"colormag-default-news":["https:\/\/boracultura.com.br\/wp-content\/uploads\/2026\/04\/17774731637235427034583378945922-150x150.jpg",150,150,true],"colormag-featured-image-large":["https:\/\/boracultura.com.br\/wp-content\/uploads\/2026\/04\/17774731637235427034583378945922-1400x600.jpg",1400,600,true],"colormag-elementor-block-extra-large-thumbnail":["https:\/\/boracultura.com.br\/wp-content\/uploads\/2026\/04\/17774731637235427034583378945922-1155x480.jpg",1155,480,true],"colormag-elementor-grid-large-thumbnail":["https:\/\/boracultura.com.br\/wp-content\/uploads\/2026\/04\/17774731637235427034583378945922-600x417.jpg",600,417,true],"colormag-elementor-grid-small-thumbnail":["https:\/\/boracultura.com.br\/wp-content\/uploads\/2026\/04\/17774731637235427034583378945922-285x450.jpg",285,450,true],"colormag-elementor-grid-medium-large-thumbnail":["https:\/\/boracultura.com.br\/wp-content\/uploads\/2026\/04\/17774731637235427034583378945922-575x198.jpg",575,198,true],"psacp-medium":["https:\/\/boracultura.com.br\/wp-content\/uploads\/2026\/04\/17774731637235427034583378945922-500x500.jpg",500,500,true]},"rttpg_author":{"display_name":"boracultura@gmail.com","author_link":"https:\/\/boracultura.com.br\/index.php\/author\/boraculturagmail-com\/"},"rttpg_comment":0,"rttpg_category":"<a href=\"https:\/\/boracultura.com.br\/index.php\/category\/noticias\/exposicoes\/\" rel=\"category tag\">Exposi\u00e7\u00f5es<\/a>","rttpg_excerpt":"No dia 2 de maio, visita mediada, bate-papo com F\u00e1bio Baroli e Agnaldo Farias e distribui\u00e7\u00e3o gratuita de cat\u00e1logos marcam encerramento da mostra \"Hoje \u00e9 de vez em quando\".","_links":{"self":[{"href":"https:\/\/boracultura.com.br\/index.php\/wp-json\/wp\/v2\/posts\/3116","targetHints":{"allow":["GET"]}}],"collection":[{"href":"https:\/\/boracultura.com.br\/index.php\/wp-json\/wp\/v2\/posts"}],"about":[{"href":"https:\/\/boracultura.com.br\/index.php\/wp-json\/wp\/v2\/types\/post"}],"author":[{"embeddable":true,"href":"https:\/\/boracultura.com.br\/index.php\/wp-json\/wp\/v2\/users\/1"}],"replies":[{"embeddable":true,"href":"https:\/\/boracultura.com.br\/index.php\/wp-json\/wp\/v2\/comments?post=3116"}],"version-history":[{"count":1,"href":"https:\/\/boracultura.com.br\/index.php\/wp-json\/wp\/v2\/posts\/3116\/revisions"}],"predecessor-version":[{"id":3118,"href":"https:\/\/boracultura.com.br\/index.php\/wp-json\/wp\/v2\/posts\/3116\/revisions\/3118"}],"wp:featuredmedia":[{"embeddable":true,"href":"https:\/\/boracultura.com.br\/index.php\/wp-json\/wp\/v2\/media\/3117"}],"wp:attachment":[{"href":"https:\/\/boracultura.com.br\/index.php\/wp-json\/wp\/v2\/media?parent=3116"}],"wp:term":[{"taxonomy":"category","embeddable":true,"href":"https:\/\/boracultura.com.br\/index.php\/wp-json\/wp\/v2\/categories?post=3116"},{"taxonomy":"post_tag","embeddable":true,"href":"https:\/\/boracultura.com.br\/index.php\/wp-json\/wp\/v2\/tags?post=3116"}],"curies":[{"name":"wp","href":"https:\/\/api.w.org\/{rel}","templated":true}]}}