{"id":3119,"date":"2026-04-29T12:07:32","date_gmt":"2026-04-29T15:07:32","guid":{"rendered":"https:\/\/boracultura.com.br\/?p=3119"},"modified":"2026-04-29T12:10:28","modified_gmt":"2026-04-29T15:10:28","slug":"meire-queiros-inicia-articulacao-para-segundo-volume-de-obra-sobre-autismo-apos-lancamento-recente","status":"publish","type":"post","link":"https:\/\/boracultura.com.br\/index.php\/2026\/04\/29\/meire-queiros-inicia-articulacao-para-segundo-volume-de-obra-sobre-autismo-apos-lancamento-recente\/","title":{"rendered":"Meire Queir\u00f3s inicia articula\u00e7\u00e3o para segundo volume de obra sobre autismo ap\u00f3s lan\u00e7amento recente"},"content":{"rendered":"\n<hr class=\"wp-block-separator has-alpha-channel-opacity\"\/>\n\n\n\n<p>A psic\u00f3loga, neuropsic\u00f3loga e escritora Meire Queir\u00f3s deu in\u00edcio \u00e0 constru\u00e7\u00e3o do segundo volume da obra \u201cO mundo pelo meu olhar: perspectivas que ampliam a compreens\u00e3o sobre o autismo\u201d. Rec\u00e9m-lan\u00e7ado, o primeiro livro j\u00e1 come\u00e7a a gerar novos desdobramentos, ampliando o projeto que re\u00fane diferentes vozes em torno do Transtorno do Espectro Autista (TEA) e fortalecendo uma rede de profissionais e viv\u00eancias ligadas ao tema.<\/p>\n\n\n\n<p>A proposta do novo volume surge de forma org\u00e2nica, impulsionada pela recep\u00e7\u00e3o positiva do primeiro livro e, principalmente, pela demanda de profissionais que atuam na \u00e1rea. \u201cExiste uma pot\u00eancia enorme em muitos profissionais que j\u00e1 est\u00e3o contribuindo, mas que ainda se sentem perdidos no seu fazer. A ideia \u00e9 fortalecer e emancipar essas trajet\u00f3rias, criando um espa\u00e7o de troca, direcionamento e constru\u00e7\u00e3o coletiva\u201d, afirma a autora.<\/p>\n\n\n\n<p>Lan\u00e7ado em abril, m\u00eas marcado pelo Abril Azul \u2013 campanha institu\u00edda pela Organiza\u00e7\u00e3o das Na\u00e7\u00f5es Unidas (ONU) para conscientiza\u00e7\u00e3o sobre o autismo \u2013, o primeiro volume se consolida como uma contribui\u00e7\u00e3o relevante para o debate. A obra re\u00fane 12 coautores, entre especialistas e pessoas com viv\u00eancia direta, em uma abordagem plural e sens\u00edvel que prop\u00f5e uma compreens\u00e3o mais ampla e humanizada sobre o espectro.<\/p>\n\n\n\n<p>Com atua\u00e7\u00e3o direta na \u00e1rea, Meire Queir\u00f3s transforma experi\u00eancia pr\u00e1tica em conte\u00fado que dialoga com fam\u00edlias, educadores e profissionais, sem perder a dimens\u00e3o humana que o tema exige. \u201cO diagn\u00f3stico do TEA n\u00e3o \u00e9 uma senten\u00e7a, mas um caminho para o tratamento e a conviv\u00eancia. A an\u00e1lise de comportamento trata o autismo como uma estrutura singular de se relacionar com o mundo\u201d, destaca. Mais do que informar, o livro convida \u00e0 mudan\u00e7a de perspectiva: compreender o autismo para al\u00e9m de diagn\u00f3sticos, reconhecendo-o como uma forma singular de existir.<\/p>\n\n\n\n<p>Segundo a Organiza\u00e7\u00e3o Mundial da Sa\u00fade (OMS), cerca de 1 em cada 160 crian\u00e7as no mundo est\u00e1 dentro do espectro autista. No Brasil, estimativas apontam para n\u00fameros ainda mais expressivos, como 1 em cada 100, refor\u00e7ando a import\u00e2ncia de ampliar o acesso \u00e0 informa\u00e7\u00e3o, ao diagn\u00f3stico precoce e a abordagens terap\u00eauticas multidisciplinares.<\/p>\n\n\n\n<p>SERVI\u00c7O<\/p>\n\n\n\n<p>Livro: \u201cO mundo pelo meu olhar: perspectivas que ampliam a compreens\u00e3o sobre o autismo\u201d \u2013 Volume 1<\/p>\n\n\n\n<p>Autora: Meire Queir\u00f3s (psic\u00f3loga, neuropsic\u00f3loga e escritora)<\/p>\n\n\n\n<p>Disponibilidade: aquisi\u00e7\u00e3o diretamente com a autora e coautores<\/p>\n\n\n\n<p>Participa\u00e7\u00e3o no segundo volume: interessados podem entrar em contato pelos canais oficiais<\/p>\n\n\n\n<p>Instagram: instagram.com\/dra.meirequeiros<\/p>\n\n\n\n<p>Site oficial: www.espacoabacadabra.com<\/p>\n\n\n\n<hr class=\"wp-block-separator has-alpha-channel-opacity\"\/>\n\n\n\n<p><\/p>\n","protected":false},"excerpt":{"rendered":"<p>Psic\u00f3loga e neuropsic\u00f3loga j\u00e1 trabalha na continuidade do livro \u201cO mundo pelo meu olhar\u201d, que re\u00fane especialistas e viv\u00eancias sobre o TEA em abordagem plural e humanizada.<\/p>\n","protected":false},"author":1,"featured_media":3120,"comment_status":"open","ping_status":"open","sticky":false,"template":"","format":"standard","meta":{"colormag_page_container_layout":"default_layout","colormag_page_sidebar_layout":"default_layout","footnotes":""},"categories":[105],"tags":[1402,1815,1403,1817,1819,1818,1404,1816],"class_list":["post-3119","post","type-post","status-publish","format-standard","has-post-thumbnail","hentry","category-literatura","tag-abril-azul","tag-livro-sobre-autismo","tag-meire-queiros","tag-neuropsicologia","tag-obra-coletiva","tag-saude-mental","tag-tea","tag-transtorno-do-espectro-autista"],"rttpg_featured_image_url":{"full":["https:\/\/boracultura.com.br\/wp-content\/uploads\/2026\/04\/17774752300955914164646919529423.jpg",851,535,false],"landscape":["https:\/\/boracultura.com.br\/wp-content\/uploads\/2026\/04\/17774752300955914164646919529423.jpg",851,535,false],"portraits":["https:\/\/boracultura.com.br\/wp-content\/uploads\/2026\/04\/17774752300955914164646919529423.jpg",851,535,false],"thumbnail":["https:\/\/boracultura.com.br\/wp-content\/uploads\/2026\/04\/17774752300955914164646919529423-150x150.jpg",150,150,true],"medium":["https:\/\/boracultura.com.br\/wp-content\/uploads\/2026\/04\/17774752300955914164646919529423-300x189.jpg",300,189,true],"large":["https:\/\/boracultura.com.br\/wp-content\/uploads\/2026\/04\/17774752300955914164646919529423.jpg",800,503,false],"1536x1536":["https:\/\/boracultura.com.br\/wp-content\/uploads\/2026\/04\/17774752300955914164646919529423.jpg",851,535,false],"2048x2048":["https:\/\/boracultura.com.br\/wp-content\/uploads\/2026\/04\/17774752300955914164646919529423.jpg",851,535,false],"colormag-highlighted-post":["https:\/\/boracultura.com.br\/wp-content\/uploads\/2026\/04\/17774752300955914164646919529423-392x272.jpg",392,272,true],"colormag-featured-post-medium":["https:\/\/boracultura.com.br\/wp-content\/uploads\/2026\/04\/17774752300955914164646919529423-390x205.jpg",390,205,true],"colormag-featured-post-small":["https:\/\/boracultura.com.br\/wp-content\/uploads\/2026\/04\/17774752300955914164646919529423-130x90.jpg",130,90,true],"colormag-featured-image":["https:\/\/boracultura.com.br\/wp-content\/uploads\/2026\/04\/17774752300955914164646919529423-800x445.jpg",800,445,true],"colormag-default-news":["https:\/\/boracultura.com.br\/wp-content\/uploads\/2026\/04\/17774752300955914164646919529423-150x150.jpg",150,150,true],"colormag-featured-image-large":["https:\/\/boracultura.com.br\/wp-content\/uploads\/2026\/04\/17774752300955914164646919529423.jpg",851,535,false],"colormag-elementor-block-extra-large-thumbnail":["https:\/\/boracultura.com.br\/wp-content\/uploads\/2026\/04\/17774752300955914164646919529423-851x480.jpg",851,480,true],"colormag-elementor-grid-large-thumbnail":["https:\/\/boracultura.com.br\/wp-content\/uploads\/2026\/04\/17774752300955914164646919529423-600x417.jpg",600,417,true],"colormag-elementor-grid-small-thumbnail":["https:\/\/boracultura.com.br\/wp-content\/uploads\/2026\/04\/17774752300955914164646919529423-285x450.jpg",285,450,true],"colormag-elementor-grid-medium-large-thumbnail":["https:\/\/boracultura.com.br\/wp-content\/uploads\/2026\/04\/17774752300955914164646919529423-575x198.jpg",575,198,true],"psacp-medium":["https:\/\/boracultura.com.br\/wp-content\/uploads\/2026\/04\/17774752300955914164646919529423-500x500.jpg",500,500,true]},"rttpg_author":{"display_name":"boracultura@gmail.com","author_link":"https:\/\/boracultura.com.br\/index.php\/author\/boraculturagmail-com\/"},"rttpg_comment":0,"rttpg_category":"<a href=\"https:\/\/boracultura.com.br\/index.php\/category\/noticias\/literatura\/\" rel=\"category tag\">Literatura<\/a>","rttpg_excerpt":"Psic\u00f3loga e neuropsic\u00f3loga j\u00e1 trabalha na continuidade do livro \u201cO mundo pelo meu olhar\u201d, que re\u00fane especialistas e viv\u00eancias sobre o TEA em abordagem plural e humanizada.","_links":{"self":[{"href":"https:\/\/boracultura.com.br\/index.php\/wp-json\/wp\/v2\/posts\/3119","targetHints":{"allow":["GET"]}}],"collection":[{"href":"https:\/\/boracultura.com.br\/index.php\/wp-json\/wp\/v2\/posts"}],"about":[{"href":"https:\/\/boracultura.com.br\/index.php\/wp-json\/wp\/v2\/types\/post"}],"author":[{"embeddable":true,"href":"https:\/\/boracultura.com.br\/index.php\/wp-json\/wp\/v2\/users\/1"}],"replies":[{"embeddable":true,"href":"https:\/\/boracultura.com.br\/index.php\/wp-json\/wp\/v2\/comments?post=3119"}],"version-history":[{"count":3,"href":"https:\/\/boracultura.com.br\/index.php\/wp-json\/wp\/v2\/posts\/3119\/revisions"}],"predecessor-version":[{"id":3126,"href":"https:\/\/boracultura.com.br\/index.php\/wp-json\/wp\/v2\/posts\/3119\/revisions\/3126"}],"wp:featuredmedia":[{"embeddable":true,"href":"https:\/\/boracultura.com.br\/index.php\/wp-json\/wp\/v2\/media\/3120"}],"wp:attachment":[{"href":"https:\/\/boracultura.com.br\/index.php\/wp-json\/wp\/v2\/media?parent=3119"}],"wp:term":[{"taxonomy":"category","embeddable":true,"href":"https:\/\/boracultura.com.br\/index.php\/wp-json\/wp\/v2\/categories?post=3119"},{"taxonomy":"post_tag","embeddable":true,"href":"https:\/\/boracultura.com.br\/index.php\/wp-json\/wp\/v2\/tags?post=3119"}],"curies":[{"name":"wp","href":"https:\/\/api.w.org\/{rel}","templated":true}]}}