{"id":3125,"date":"2026-04-29T12:10:58","date_gmt":"2026-04-29T15:10:58","guid":{"rendered":"https:\/\/boracultura.com.br\/?p=3125"},"modified":"2026-04-29T12:16:39","modified_gmt":"2026-04-29T15:16:39","slug":"alice-moraes-grava-audiovisual-em-salvador-e-prepara-estreia-de-faixa-autoral-no-axe","status":"publish","type":"post","link":"https:\/\/boracultura.com.br\/index.php\/2026\/04\/29\/alice-moraes-grava-audiovisual-em-salvador-e-prepara-estreia-de-faixa-autoral-no-axe\/","title":{"rendered":"Alice Moraes grava audiovisual em Salvador e prepara estreia de faixa autoral no ax\u00e9"},"content":{"rendered":"\n<hr class=\"wp-block-separator has-alpha-channel-opacity\"\/>\n\n\n\n<p>A cantora Alice Moraes acaba de gravar um novo audiovisual em Salvador, marcando uma nova etapa de sua carreira no ax\u00e9. O projeto, captado no Studio M, tem como carro-chefe a faixa autoral \u201cQuando vi voc\u00ea, f\u2026\u201d, composi\u00e7\u00e3o do renomado m\u00fasico S\u00e9rgio Rocha. A obra \u00e9 constru\u00edda em blocos que passeiam por diferentes atmosferas do repert\u00f3rio, unindo romantismo, swing e refer\u00eancias populares da m\u00fasica brasileira.<\/p>\n\n\n\n<p>Na grava\u00e7\u00e3o, Alice interpretou can\u00e7\u00f5es como \u201cSaudade Proibida\u201d, \u201c\u00daltima Saudade\u201d, \u201cPouca Roupa\u201d e \u201cMelzinho\u201d, al\u00e9m de releituras de cl\u00e1ssicos como \u201cXote das Meninas\u201d, \u201cEspumas ao Vento\u201d, \u201cQuando Voc\u00ea Chegou\u201d, \u201cFrevo Mulher\u201d, \u201cCometa Mambembe\u201d e \u201cPagode Russo\u201d. O audiovisual tamb\u00e9m reserva espa\u00e7o para momentos mais intensos e afetivos, com m\u00fasicas como \u201cQuando a Chuva Passar\u201d, \u201cPensando em Voc\u00ea\u201d, \u201cA Minha Hist\u00f3ria de Amor\u201d, \u201cP do Pecado\u201d e \u201cN\u00e3o Me Fa\u00e7a Chorar\u201d.<\/p>\n\n\n\n<p>Entre as faixas autorais, al\u00e9m da m\u00fasica foco, Alice vai apresentar \u201cSei L\u00e1\u201d, \u201cBota Forr\u00f3gode\u201d e \u201cQuem Foi Que Disse\u201d, refor\u00e7ando sua identidade como int\u00e9rprete e compositora. O projeto reflete a maturidade art\u00edstica da cantora, que transita entre o ax\u00e9, o forr\u00f3 e a MPB com naturalidade, sempre valorizando a dose de emo\u00e7\u00e3o e a conex\u00e3o com o p\u00fablico.<\/p>\n\n\n\n<p>\u201cEsse audiovisual \u00e9 muito especial pra mim, porque ele mostra exatamente quem eu sou hoje como artista. Tem minha verdade, minhas influ\u00eancias e um repert\u00f3rio que eu pensei com muito carinho. Estou ansiosa para ver a rea\u00e7\u00e3o do p\u00fablico\u201d, destaca Alice Moraes.<\/p>\n\n\n\n<p>Com a grava\u00e7\u00e3o conclu\u00edda, a cantora agora se prepara para os pr\u00f3ximos passos de lan\u00e7amento do projeto, que promete movimentar o cen\u00e1rio musical baiano e ampliar sua presen\u00e7a no circuito nacional do ax\u00e9 e ritmos brasileiros.<\/p>\n\n\n\n<p><strong>SERVI\u00c7O<\/strong><\/p>\n\n\n\n<p>Projeto: Audiovisual Alice Moraes<br>Local da grava\u00e7\u00e3o: Studio M, Salvador\/BA<br>Destaque: Faixa autoral \u201cQuando vi voc\u00ea, f\u2026\u201d (composi\u00e7\u00e3o de S\u00e9rgio Rocha)<br>Repert\u00f3rio: Can\u00e7\u00f5es autorais, sucessos do ax\u00e9 e releituras de cl\u00e1ssicos da m\u00fasica brasileira<br>Previs\u00e3o de lan\u00e7amento: a ser divulgada em breve<br>Acompanhamento: perfis oficiais da artista nas redes sociais<\/p>\n\n\n\n<hr class=\"wp-block-separator has-alpha-channel-opacity\"\/>\n\n\n\n<p>Foto: Divulga\u00e7\u00e3o<\/p>\n","protected":false},"excerpt":{"rendered":"<p>Cantora gravou projeto no Studio M com a in\u00e9dita \u201cQuando vi voc\u00ea, f\u2026\u201d, de S\u00e9rgio Rocha, al\u00e9m de sucessos e releituras da m\u00fasica brasileira.<\/p>\n","protected":false},"author":1,"featured_media":3127,"comment_status":"open","ping_status":"open","sticky":false,"template":"","format":"standard","meta":{"colormag_page_container_layout":"default_layout","colormag_page_sidebar_layout":"default_layout","footnotes":""},"categories":[45],"tags":[1233,198,1824,342,1820,1822,1821,1823],"class_list":["post-3125","post","type-post","status-publish","format-standard","has-post-thumbnail","hentry","category-musica","tag-alice-moraes","tag-axe","tag-cantora-soteropolitana","tag-musica-baiana","tag-novo-audiovisual","tag-quando-vi-voce-f","tag-sergio-rocha","tag-studio-m"],"rttpg_featured_image_url":{"full":["https:\/\/boracultura.com.br\/wp-content\/uploads\/2026\/04\/17774754302219046571434425315160.jpg",1200,614,false],"landscape":["https:\/\/boracultura.com.br\/wp-content\/uploads\/2026\/04\/17774754302219046571434425315160.jpg",1200,614,false],"portraits":["https:\/\/boracultura.com.br\/wp-content\/uploads\/2026\/04\/17774754302219046571434425315160.jpg",1200,614,false],"thumbnail":["https:\/\/boracultura.com.br\/wp-content\/uploads\/2026\/04\/17774754302219046571434425315160-150x150.jpg",150,150,true],"medium":["https:\/\/boracultura.com.br\/wp-content\/uploads\/2026\/04\/17774754302219046571434425315160-300x154.jpg",300,154,true],"large":["https:\/\/boracultura.com.br\/wp-content\/uploads\/2026\/04\/17774754302219046571434425315160-1024x524.jpg",800,409,true],"1536x1536":["https:\/\/boracultura.com.br\/wp-content\/uploads\/2026\/04\/17774754302219046571434425315160.jpg",1200,614,false],"2048x2048":["https:\/\/boracultura.com.br\/wp-content\/uploads\/2026\/04\/17774754302219046571434425315160.jpg",1200,614,false],"colormag-highlighted-post":["https:\/\/boracultura.com.br\/wp-content\/uploads\/2026\/04\/17774754302219046571434425315160-392x272.jpg",392,272,true],"colormag-featured-post-medium":["https:\/\/boracultura.com.br\/wp-content\/uploads\/2026\/04\/17774754302219046571434425315160-390x205.jpg",390,205,true],"colormag-featured-post-small":["https:\/\/boracultura.com.br\/wp-content\/uploads\/2026\/04\/17774754302219046571434425315160-130x90.jpg",130,90,true],"colormag-featured-image":["https:\/\/boracultura.com.br\/wp-content\/uploads\/2026\/04\/17774754302219046571434425315160-800x445.jpg",800,445,true],"colormag-default-news":["https:\/\/boracultura.com.br\/wp-content\/uploads\/2026\/04\/17774754302219046571434425315160-150x150.jpg",150,150,true],"colormag-featured-image-large":["https:\/\/boracultura.com.br\/wp-content\/uploads\/2026\/04\/17774754302219046571434425315160-1200x600.jpg",1200,600,true],"colormag-elementor-block-extra-large-thumbnail":["https:\/\/boracultura.com.br\/wp-content\/uploads\/2026\/04\/17774754302219046571434425315160-1155x480.jpg",1155,480,true],"colormag-elementor-grid-large-thumbnail":["https:\/\/boracultura.com.br\/wp-content\/uploads\/2026\/04\/17774754302219046571434425315160-600x417.jpg",600,417,true],"colormag-elementor-grid-small-thumbnail":["https:\/\/boracultura.com.br\/wp-content\/uploads\/2026\/04\/17774754302219046571434425315160-285x450.jpg",285,450,true],"colormag-elementor-grid-medium-large-thumbnail":["https:\/\/boracultura.com.br\/wp-content\/uploads\/2026\/04\/17774754302219046571434425315160-575x198.jpg",575,198,true],"psacp-medium":["https:\/\/boracultura.com.br\/wp-content\/uploads\/2026\/04\/17774754302219046571434425315160-500x500.jpg",500,500,true]},"rttpg_author":{"display_name":"boracultura@gmail.com","author_link":"https:\/\/boracultura.com.br\/index.php\/author\/boraculturagmail-com\/"},"rttpg_comment":0,"rttpg_category":"<a href=\"https:\/\/boracultura.com.br\/index.php\/category\/noticias\/musica\/\" rel=\"category tag\">M\u00fasica<\/a>","rttpg_excerpt":"Cantora gravou projeto no Studio M com a in\u00e9dita \u201cQuando vi voc\u00ea, f\u2026\u201d, de S\u00e9rgio Rocha, al\u00e9m de sucessos e releituras da m\u00fasica brasileira.","_links":{"self":[{"href":"https:\/\/boracultura.com.br\/index.php\/wp-json\/wp\/v2\/posts\/3125","targetHints":{"allow":["GET"]}}],"collection":[{"href":"https:\/\/boracultura.com.br\/index.php\/wp-json\/wp\/v2\/posts"}],"about":[{"href":"https:\/\/boracultura.com.br\/index.php\/wp-json\/wp\/v2\/types\/post"}],"author":[{"embeddable":true,"href":"https:\/\/boracultura.com.br\/index.php\/wp-json\/wp\/v2\/users\/1"}],"replies":[{"embeddable":true,"href":"https:\/\/boracultura.com.br\/index.php\/wp-json\/wp\/v2\/comments?post=3125"}],"version-history":[{"count":2,"href":"https:\/\/boracultura.com.br\/index.php\/wp-json\/wp\/v2\/posts\/3125\/revisions"}],"predecessor-version":[{"id":3132,"href":"https:\/\/boracultura.com.br\/index.php\/wp-json\/wp\/v2\/posts\/3125\/revisions\/3132"}],"wp:featuredmedia":[{"embeddable":true,"href":"https:\/\/boracultura.com.br\/index.php\/wp-json\/wp\/v2\/media\/3127"}],"wp:attachment":[{"href":"https:\/\/boracultura.com.br\/index.php\/wp-json\/wp\/v2\/media?parent=3125"}],"wp:term":[{"taxonomy":"category","embeddable":true,"href":"https:\/\/boracultura.com.br\/index.php\/wp-json\/wp\/v2\/categories?post=3125"},{"taxonomy":"post_tag","embeddable":true,"href":"https:\/\/boracultura.com.br\/index.php\/wp-json\/wp\/v2\/tags?post=3125"}],"curies":[{"name":"wp","href":"https:\/\/api.w.org\/{rel}","templated":true}]}}