{"id":3130,"date":"2026-04-29T12:23:24","date_gmt":"2026-04-29T15:23:24","guid":{"rendered":"https:\/\/boracultura.com.br\/?p=3130"},"modified":"2026-04-29T12:25:52","modified_gmt":"2026-04-29T15:25:52","slug":"teatro-gamboa-celebra-dia-internacional-da-danca-com-espetaculo-de-flamenco-e-instalacao-artistica","status":"publish","type":"post","link":"https:\/\/boracultura.com.br\/index.php\/2026\/04\/29\/teatro-gamboa-celebra-dia-internacional-da-danca-com-espetaculo-de-flamenco-e-instalacao-artistica\/","title":{"rendered":"Teatro Gamboa celebra Dia Internacional da Dan\u00e7a com espet\u00e1culo de flamenco e instala\u00e7\u00e3o art\u00edstica"},"content":{"rendered":"\n<hr class=\"wp-block-separator has-alpha-channel-opacity\"\/>\n\n\n\n<p>O Teatro Gamboa celebra o Dia Internacional da Dan\u00e7a, comemorado hoje, quarta-feira (29), com uma programa\u00e7\u00e3o especial que une m\u00fasica, dan\u00e7a e artes visuais. \u00c0s 19h, a Cia de Flamenco Flora Bacelar sobe ao palco para apresentar o espet\u00e1culo \u201cFlamencura \u2014 Qual o corpo que dan\u00e7a?\u201d, uma obra que celebra as curas emocionais por meio da dan\u00e7a.<\/p>\n\n\n\n<p>Com concep\u00e7\u00e3o e dire\u00e7\u00e3o art\u00edstica de Flora Bacelar, a apresenta\u00e7\u00e3o re\u00fane um corpo de baile formado por Ana Paula L\u00f4bo Monteiro, Carol Amadeo, Catarina Bassi, Emanuela Tosta, Flavia Passos, Rachel Goes Nunes e a pr\u00f3pria Flora. O espet\u00e1culo prop\u00f5e uma reflex\u00e3o sobre o corpo que dan\u00e7a e suas camadas emocionais, usando a for\u00e7a expressiva do flamenco como ve\u00edculo de transforma\u00e7\u00e3o e acolhimento.<\/p>\n\n\n\n<p>Os ingressos para assistir presencialmente no Teatro Gamboa custam R$ 25 (meia-entrada) e R$ 50 (inteira). H\u00e1 tamb\u00e9m a op\u00e7\u00e3o de assistir online, pela plataforma digital do teatro, pelo valor de R$ 30. Ap\u00f3s a apresenta\u00e7\u00e3o, o p\u00fablico ter\u00e1 a oportunidade de interagir com os artistas no tradicional PapoGamboa, momento de conversa que aprofunda a experi\u00eancia e aproxima espectadores e criadores.<\/p>\n\n\n\n<p>Quem for ao teatro pode conferir ainda a instala\u00e7\u00e3o \u201cContemporaneidade Pl\u00e1stica \u2013 Ode ao Descart\u00e1vel\u201d, do artista Mateus Dantas, em cartaz na galeria Jayme Figura. A mostra apresenta pe\u00e7as elaboradas a partir de materiais descartados e ser\u00e1 atualizada com novas obras durante todo o per\u00edodo em que permanecer em cartaz. Desde 2008, Mateus Dantas desenvolve uma pesquisa dedicada \u00e0 cria\u00e7\u00e3o e confec\u00e7\u00e3o de instrumentos musicais feitos a partir de materiais encontrados nas ruas \u2013 obras que j\u00e1 foram utilizadas em concertos musicais, espet\u00e1culos de dan\u00e7a e teatro, performances e produ\u00e7\u00f5es audiovisuais.<\/p>\n\n\n\n<p>A programa\u00e7\u00e3o integra o compromisso do Teatro Gamboa com a diversidade das linguagens art\u00edsticas e com a celebra\u00e7\u00e3o de datas simb\u00f3licas para a cultura, ampliando o acesso do p\u00fablico a manifesta\u00e7\u00f5es que unem tradi\u00e7\u00e3o, experimenta\u00e7\u00e3o e afeto.<\/p>\n\n\n\n<p><strong>SERVI\u00c7O<\/strong><\/p>\n\n\n\n<p><strong>Dia Internacional da Dan\u00e7a no Teatro Gamboa<br><\/strong>Data: 29 de abril (quarta-feira)<br>Hor\u00e1rio: 19h (espet\u00e1culo), seguido de PapoGamboa<br>Local: Teatro Gamboa \u2013 endere\u00e7o a confirmar conforme programa\u00e7\u00e3o oficial (Salvador\/BA)<br>Espet\u00e1culo: \u201cFlamencura \u2014 Qual o corpo que dan\u00e7a?\u201d, com Cia de Flamenco Flora Bacelar<br>Ingressos presenciais: R$ 25 (meia) e R$ 50 (inteira)<br>Ingresso online: R$ 30 (plataforma digital do teatro)<br>Exposi\u00e7\u00e3o: \u201cContemporaneidade Pl\u00e1stica \u2013 Ode ao Descart\u00e1vel\u201d, de Mateus Dantas, na galeria Jayme Figura<\/p>\n\n\n\n<p>Mais informa\u00e7\u00f5es: redes sociais e canais oficiais do Teatro Gamboa<\/p>\n\n\n\n<hr class=\"wp-block-separator has-alpha-channel-opacity\"\/>\n\n\n\n<p>Foto: Divulga\u00e7\u00e3o<\/p>\n","protected":false},"excerpt":{"rendered":"<p>Nesta quarta (29), Cia de Flamenco Flora Bacelar apresenta \u201cFlamencura\u201d no Teatro Gamboa; programa\u00e7\u00e3o inclui ainda mostra de Mateus Dantas e bate-papo com artistas.<\/p>\n","protected":false},"author":1,"featured_media":3134,"comment_status":"open","ping_status":"open","sticky":false,"template":"","format":"standard","meta":{"colormag_page_container_layout":"default_layout","colormag_page_sidebar_layout":"default_layout","footnotes":""},"categories":[47],"tags":[1829,1825,1826,1828,1827,1263,916,316],"class_list":["post-3130","post","type-post","status-publish","format-standard","has-post-thumbnail","hentry","category-danca","tag-danca-em-salvador","tag-dia-internacional-da-danca","tag-flamenco","tag-flamencura","tag-flora-bacelar","tag-mateus-dantas","tag-programacao-cultural","tag-teatro-gamboa"],"rttpg_featured_image_url":{"full":["https:\/\/boracultura.com.br\/wp-content\/uploads\/2026\/04\/17774761362235268888392686468417.jpg",2048,1415,false],"landscape":["https:\/\/boracultura.com.br\/wp-content\/uploads\/2026\/04\/17774761362235268888392686468417.jpg",2048,1415,false],"portraits":["https:\/\/boracultura.com.br\/wp-content\/uploads\/2026\/04\/17774761362235268888392686468417.jpg",2048,1415,false],"thumbnail":["https:\/\/boracultura.com.br\/wp-content\/uploads\/2026\/04\/17774761362235268888392686468417-150x150.jpg",150,150,true],"medium":["https:\/\/boracultura.com.br\/wp-content\/uploads\/2026\/04\/17774761362235268888392686468417-300x207.jpg",300,207,true],"large":["https:\/\/boracultura.com.br\/wp-content\/uploads\/2026\/04\/17774761362235268888392686468417-1024x708.jpg",800,553,true],"1536x1536":["https:\/\/boracultura.com.br\/wp-content\/uploads\/2026\/04\/17774761362235268888392686468417-1536x1061.jpg",1536,1061,true],"2048x2048":["https:\/\/boracultura.com.br\/wp-content\/uploads\/2026\/04\/17774761362235268888392686468417.jpg",2048,1415,false],"colormag-highlighted-post":["https:\/\/boracultura.com.br\/wp-content\/uploads\/2026\/04\/17774761362235268888392686468417-392x272.jpg",392,272,true],"colormag-featured-post-medium":["https:\/\/boracultura.com.br\/wp-content\/uploads\/2026\/04\/17774761362235268888392686468417-390x205.jpg",390,205,true],"colormag-featured-post-small":["https:\/\/boracultura.com.br\/wp-content\/uploads\/2026\/04\/17774761362235268888392686468417-130x90.jpg",130,90,true],"colormag-featured-image":["https:\/\/boracultura.com.br\/wp-content\/uploads\/2026\/04\/17774761362235268888392686468417-800x445.jpg",800,445,true],"colormag-default-news":["https:\/\/boracultura.com.br\/wp-content\/uploads\/2026\/04\/17774761362235268888392686468417-150x150.jpg",150,150,true],"colormag-featured-image-large":["https:\/\/boracultura.com.br\/wp-content\/uploads\/2026\/04\/17774761362235268888392686468417-1400x600.jpg",1400,600,true],"colormag-elementor-block-extra-large-thumbnail":["https:\/\/boracultura.com.br\/wp-content\/uploads\/2026\/04\/17774761362235268888392686468417-1155x480.jpg",1155,480,true],"colormag-elementor-grid-large-thumbnail":["https:\/\/boracultura.com.br\/wp-content\/uploads\/2026\/04\/17774761362235268888392686468417-600x417.jpg",600,417,true],"colormag-elementor-grid-small-thumbnail":["https:\/\/boracultura.com.br\/wp-content\/uploads\/2026\/04\/17774761362235268888392686468417-285x450.jpg",285,450,true],"colormag-elementor-grid-medium-large-thumbnail":["https:\/\/boracultura.com.br\/wp-content\/uploads\/2026\/04\/17774761362235268888392686468417-575x198.jpg",575,198,true],"psacp-medium":["https:\/\/boracultura.com.br\/wp-content\/uploads\/2026\/04\/17774761362235268888392686468417-500x500.jpg",500,500,true]},"rttpg_author":{"display_name":"boracultura@gmail.com","author_link":"https:\/\/boracultura.com.br\/index.php\/author\/boraculturagmail-com\/"},"rttpg_comment":0,"rttpg_category":"<a href=\"https:\/\/boracultura.com.br\/index.php\/category\/noticias\/danca\/\" rel=\"category tag\">Dan\u00e7a<\/a>","rttpg_excerpt":"Nesta quarta (29), Cia de Flamenco Flora Bacelar apresenta \u201cFlamencura\u201d no Teatro Gamboa; programa\u00e7\u00e3o inclui ainda mostra de Mateus Dantas e bate-papo com artistas.","_links":{"self":[{"href":"https:\/\/boracultura.com.br\/index.php\/wp-json\/wp\/v2\/posts\/3130","targetHints":{"allow":["GET"]}}],"collection":[{"href":"https:\/\/boracultura.com.br\/index.php\/wp-json\/wp\/v2\/posts"}],"about":[{"href":"https:\/\/boracultura.com.br\/index.php\/wp-json\/wp\/v2\/types\/post"}],"author":[{"embeddable":true,"href":"https:\/\/boracultura.com.br\/index.php\/wp-json\/wp\/v2\/users\/1"}],"replies":[{"embeddable":true,"href":"https:\/\/boracultura.com.br\/index.php\/wp-json\/wp\/v2\/comments?post=3130"}],"version-history":[{"count":1,"href":"https:\/\/boracultura.com.br\/index.php\/wp-json\/wp\/v2\/posts\/3130\/revisions"}],"predecessor-version":[{"id":3135,"href":"https:\/\/boracultura.com.br\/index.php\/wp-json\/wp\/v2\/posts\/3130\/revisions\/3135"}],"wp:featuredmedia":[{"embeddable":true,"href":"https:\/\/boracultura.com.br\/index.php\/wp-json\/wp\/v2\/media\/3134"}],"wp:attachment":[{"href":"https:\/\/boracultura.com.br\/index.php\/wp-json\/wp\/v2\/media?parent=3130"}],"wp:term":[{"taxonomy":"category","embeddable":true,"href":"https:\/\/boracultura.com.br\/index.php\/wp-json\/wp\/v2\/categories?post=3130"},{"taxonomy":"post_tag","embeddable":true,"href":"https:\/\/boracultura.com.br\/index.php\/wp-json\/wp\/v2\/tags?post=3130"}],"curies":[{"name":"wp","href":"https:\/\/api.w.org\/{rel}","templated":true}]}}